{"id":132592,"date":"2026-01-09T00:07:19","date_gmt":"2026-01-09T00:07:19","guid":{"rendered":"https:\/\/www.europesays.com\/no\/132592\/"},"modified":"2026-01-09T00:07:19","modified_gmt":"2026-01-09T00:07:19","slug":"influensa-sykdom-fhi-influensatoppen-kan-vaere-nadd-i-store-deler-av-landet","status":"publish","type":"post","link":"https:\/\/www.europesays.com\/no\/132592\/","title":{"rendered":"Influensa, Sykdom | FHI: Influensatoppen kan v\u00e6re n\u00e5dd i store deler av landet"},"content":{"rendered":"\n<p>I <a href=\"https:\/\/www.fhi.no\/publ\/statusrapporter\/luftveisinfeksjoner\/\" rel=\"noopener nofollow\" target=\"_blank\">ukerapporten<\/a> som ble publisert onsdag, g\u00e5r det fram at andelen pr\u00f8ver med p\u00e5vist influensavirus har g\u00e5tt noe ned de siste to ukene.<\/p>\n<p>I uke 1 var andelen h\u00f8yest i Innlandet, Telemark, M\u00f8re og Romsdal og Tr\u00f8ndelag.<\/p>\n<p>I noen fylker, som Rogaland og Vestland, har influensautbruddet startet noe senere, s\u00e5 det er mulig at smittetoppen ikke er n\u00e5dd enn\u00e5 her.<\/p>\n<p><b>Les ogs\u00e5: <a class=\"simple-relation related-teaser article--c-eRUmMG article--c-eRUmMG-fZoQSp-design-nettavisen article--c-eRUmMG-gwthdJ-cv\" href=\"https:\/\/www.nettavisen.no\/reagerer-pa-middagene-som-ble-servert-pa-sykehuset-det-er-bedre-mat-i-fengselet\/s\/5-95-2802026\" rel=\"nofollow noopener\" target=\"_blank\">Reagerer p\u00e5 middagene som ble servert p\u00e5 sykehuset: \u2013 Det er bedre mat i fengselet<\/a><\/b><\/p>\n<p>Antall sykehusinnleggelser er ogs\u00e5 p\u00e5 vei ned. I \u00e5rets f\u00f8rste uke er det rapportert om 665 sykehusinnleggelser med influensa. I juleuka var tallet 731.<\/p>\n<p>I perioden fra uke 42 i fjor h\u00f8st til uke 1 n\u00e5 i januar er det meldt om 102 innleggelser i intensivavdelinger p\u00e5 grunn av influensa. Tallet er vesentlig h\u00f8yere enn i samme periode i 2024\/25 da det var 44 innleggelser og i 2023\/24 da det var 85. I vintersesongen for tre \u00e5r siden var antallet imidlertid h\u00f8yere med 114 intensivinnleggelser.<\/p>\n<p><b>Les ogs\u00e5: <a class=\"simple-relation related-teaser article--c-eRUmMG article--c-eRUmMG-fZoQSp-design-nettavisen article--c-eRUmMG-gwthdJ-cv\" href=\"https:\/\/www.nettavisen.no\/fhi-etter-nestl-s-tilbakekalling-av-morsmelkerstatning-bor-ha-lav-terskel-for-a-kontakte-lege\/s\/5-95-2814296\" rel=\"nofollow noopener\" target=\"_blank\">FHI etter Nestl\u00e9s tilbakekalling av morsmelkerstatning: \u2013 B\u00f8r ha lav terskel for \u00e5 kontakte lege<\/a><\/b><\/p>\n<p>Folkehelseinstituttet opplyser ogs\u00e5 at antall pr\u00f8ver med p\u00e5vist korona forkj\u00f8lelsesvirus \u00f8ker. Forekomsten av RS-virusinfeksjon er ogs\u00e5 \u00f8kende, men p\u00e5 et lavt niv\u00e5.<\/p>\n<p>    Vil du se neste video?<\/p>\n<p>    <a href=\"https:\/\/www.nettavisen.no\/nyheter\/ukrainsk-jagerfly-odelegger-for-vladimir-putin-i-pokrovsk\/v\/5-95-2807927\" class=\"recommend-poster\" data-adp-clicklabel=\"video-recommend\" data-adp-clickvalue=\"poster\" rel=\"nofollow noopener\" target=\"_blank\"><br \/>\n      <img decoding=\"async\" width=\"200\" height=\"200\" loading=\"lazy\" src=\"https:\/\/www.europesays.com\/no\/wp-content\/uploads\/2026\/01\/JAGERFLY+BREDDE.jpg\" alt=\"\" class=\"brick-c-cFOWSL\" style=\"--brick-image-ratio: 200 \/ 200;\"\/><\/p>\n<p>Nye bilder: Rammer Putin hardt0:41<\/p>\n<p>    <\/a><\/p>\n<p>        En lege mistet det, etter en krangel med en pasient.<\/p>\n","protected":false},"excerpt":{"rendered":"I ukerapporten som ble publisert onsdag, g\u00e5r det fram at andelen pr\u00f8ver med p\u00e5vist influensavirus har g\u00e5tt noe&hellip;\n","protected":false},"author":2,"featured_media":132593,"comment_status":"","ping_status":"","sticky":false,"template":"","format":"standard","meta":{"footnotes":""},"categories":[10],"tags":[20,21,24,25,15,22,23,13,30,28,29,14,16,26,27],"class_list":{"0":"post-132592","1":"post","2":"type-post","3":"status-publish","4":"format-standard","5":"has-post-thumbnail","7":"category-norge","8":"tag-breaking-news","9":"tag-breakingnews","10":"tag-featured-news","11":"tag-featurednews","12":"tag-headlines","13":"tag-latest-news","14":"tag-latestnews","15":"tag-news","16":"tag-no","17":"tag-norge","18":"tag-norway","19":"tag-nyheter","20":"tag-overskrifter","21":"tag-top-stories","22":"tag-topstories"},"share_on_mastodon":{"url":"https:\/\/pubeurope.com\/@no\/115862231051387902","error":""},"_links":{"self":[{"href":"https:\/\/www.europesays.com\/no\/wp-json\/wp\/v2\/posts\/132592","targetHints":{"allow":["GET"]}}],"collection":[{"href":"https:\/\/www.europesays.com\/no\/wp-json\/wp\/v2\/posts"}],"about":[{"href":"https:\/\/www.europesays.com\/no\/wp-json\/wp\/v2\/types\/post"}],"author":[{"embeddable":true,"href":"https:\/\/www.europesays.com\/no\/wp-json\/wp\/v2\/users\/2"}],"replies":[{"embeddable":true,"href":"https:\/\/www.europesays.com\/no\/wp-json\/wp\/v2\/comments?post=132592"}],"version-history":[{"count":0,"href":"https:\/\/www.europesays.com\/no\/wp-json\/wp\/v2\/posts\/132592\/revisions"}],"wp:featuredmedia":[{"embeddable":true,"href":"https:\/\/www.europesays.com\/no\/wp-json\/wp\/v2\/media\/132593"}],"wp:attachment":[{"href":"https:\/\/www.europesays.com\/no\/wp-json\/wp\/v2\/media?parent=132592"}],"wp:term":[{"taxonomy":"category","embeddable":true,"href":"https:\/\/www.europesays.com\/no\/wp-json\/wp\/v2\/categories?post=132592"},{"taxonomy":"post_tag","embeddable":true,"href":"https:\/\/www.europesays.com\/no\/wp-json\/wp\/v2\/tags?post=132592"}],"curies":[{"name":"wp","href":"https:\/\/api.w.org\/{rel}","templated":true}]}}