{"id":132594,"date":"2026-01-09T00:08:09","date_gmt":"2026-01-09T00:08:09","guid":{"rendered":"https:\/\/www.europesays.com\/no\/132594\/"},"modified":"2026-01-09T00:08:09","modified_gmt":"2026-01-09T00:08:09","slug":"to-skutt-av-foderale-agenter","status":"publish","type":"post","link":"https:\/\/www.europesays.com\/no\/132594\/","title":{"rendered":"To skutt av f\u00f8derale agenter"},"content":{"rendered":"\n<p class=\"_lead_o9xde_2 _lead_xtcu6_50 layout-component text-serif-m layout-normal text-serif-l mb-l layout-component layout-wide layout-padded _wide_17hqh_1 layout-padded\">To personer skal v\u00e6re skutt av f\u00f8derale agenter i Portland, oregon, melder Reuters. <\/p>\n<ul aria-hidden=\"true\" class=\"_images_ntbth_112\">\n<li><a class=\"_link_ntbth_117\" href=\"https:\/\/www.vg.no\/forfatter\/kari-aarstad-aase\" style=\"z-index:1\" title=\"Kari Aarstad Aase\" rel=\"nofollow noopener\" target=\"_blank\"><img alt=\"Bilde av Kari Aarstad Aase\" class=\"_image_ntbth_93\" fetchpriority=\"low\" loading=\"lazy\" decoding=\"async\" itemprop=\"image\"  src=\"https:\/\/www.europesays.com\/no\/wp-content\/uploads\/2026\/01\/1767917287_136_0dbde33e-6d8e-4680-8e4f-e2a64281e2b8.jpeg\"  width=\"480\"\/><\/a><\/li>\n<\/ul>\n<p> Oppdatert fredag 9. januar kl. 01:06     <\/p>\n<p class=\"_paragraph_o9xde_4 _paragraph_xtcu6_10 layout-component text-serif-m layout-normal text-serif-m layout-padded\"><strong class=\"_strong_o9xde_25\">Begge ble fraktet til sykehus med ukjent tilstand.<\/strong><\/p>\n<p class=\"_paragraph_o9xde_4 _paragraph_xtcu6_10 layout-component text-serif-m layout-normal text-serif-m layout-padded\">Amerikanske f\u00f8derale agenter skj\u00f8t to personer i Portland torsdag ettermiddag, opplyser politiet i byen.<\/p>\n<p class=\"_paragraph_o9xde_4 _paragraph_xtcu6_10 layout-component text-serif-m layout-normal text-serif-m layout-padded\">\u2013 To personer er p\u00e5 sykehus etter en skyting som involverte f\u00f8derale agenter, sa Portland-politiet i en uttalelse.<\/p>\n<p class=\"_paragraph_o9xde_4 _paragraph_xtcu6_10 layout-component text-serif-m layout-normal text-serif-m layout-padded\">Politiet understreket at de ikke var involvert i hendelsen selv, skriver Reuters.<\/p>\n<p class=\"_paragraph_o9xde_4 _paragraph_xtcu6_10 layout-component text-serif-m layout-normal text-serif-m layout-padded\">En lokal ABC-filial rapporterer at agentene som var involvert i skytingen jobber for U.S. Customs and Border Protection, og at <a href=\"https:\/\/www.vg.no\/tag\/fbi-2?utm_source=vg-article&amp;utm_medium=auto-tagger&amp;utm_campaign=8p6wJ1\" class=\"_link_o9xde_39\" rel=\"nofollow noopener\" target=\"_blank\">FBI<\/a> n\u00e5 leder etterforskningen.<\/p>\n<p class=\"_paragraph_o9xde_4 _paragraph_xtcu6_10 layout-component text-serif-m layout-normal text-serif-m layout-padded\">\u2013 Politibetjenter har fastsl\u00e5tt at de to personene ble skadet i skytingen som involverte f\u00f8derale agenter, sa politiet.<\/p>\n<p class=\"_paragraph_o9xde_4 _paragraph_xtcu6_10 layout-component text-serif-m layout-normal text-serif-m layout-padded\">Politisjef Bob Day ba lokalsamfunnet om \u00e5 holde roen mens situasjonen blir unders\u00f8kt.<\/p>\n<p class=\"_paragraph_o9xde_4 _paragraph_xtcu6_10 layout-component text-serif-m layout-normal text-serif-m layout-padded\">\u2013 Vi forst\u00e5r de sterke f\u00f8lelsene og spenningen mange f\u00f8ler i kj\u00f8lvannet av skytingen i Minneapolis, men jeg ber samfunnet om \u00e5 holde seg rolige mens vi jobber for \u00e5 l\u00e6re mer, sa Day.<\/p>\n<p class=\"_paragraph_o9xde_4 _paragraph_xtcu6_10 layout-component text-serif-m layout-normal text-serif-m layout-padded\">Skytingen i Portland skjer dagen etter at Renee Nicole Good (37) ble skutt og drept av en ICE-agent p\u00e5 Portland Avenue i Minneapolis.<\/p>\n<p class=\"_paragraph_o9xde_4 _paragraph_xtcu6_10 layout-component text-serif-m layout-normal text-serif-m layout-padded\">Det er forel\u00f8pig ikke kjent hva som utl\u00f8ste skytingen eller hvilke omstendigheter som f\u00f8rte til at agentene \u00e5pnet ild.<\/p>\n<p class=\"_paragraph_o9xde_4 _paragraph_xtcu6_10 layout-component text-serif-m layout-normal text-serif-m layout-padded\">Portland-ordf\u00f8rer Keith Wilson ford\u00f8mte torsdag den d\u00f8delige skytingen av en kvinne under en f\u00f8deral immigrasjonsaksjon i Minneapolis onsdag.<\/p>\n<p class=\"_paragraph_o9xde_4 _paragraph_xtcu6_10 layout-component text-serif-m layout-normal layout-padded\"><strong class=\"_strong_o9xde_25\">Les ogs\u00e5:<\/strong> <a href=\"https:\/\/www.vg.no\/i\/Arlzv3\" data-track-element-type=\"Link\" data-track-id=\"link:Arlzv3\" class=\"_link_o9xde_39\" rel=\"nofollow noopener\" target=\"_blank\">Hvem var kvinnen som ble skutt av ICE? <\/a><\/p>\n<p class=\"_paragraph_o9xde_4 _paragraph_xtcu6_10 layout-component text-serif-m layout-normal text-serif-m layout-padded\">Wilson kalte hendelsen \u00abhelt un\u00f8dvendig\u00bb i en uttalelse torsdag.<\/p>\n<p class=\"_paragraph_o9xde_4 _paragraph_xtcu6_10 layout-component text-serif-m layout-normal text-serif-m layout-padded\">\u2013 Jeg advarte Homeland Security-ledelsen om at handlingene deres var katastrofale. G\u00e5rsdagens forferdelige tap av liv er den direkte konsekvensen av \u00e5 ignorere den advarselen, sa Wilson.<\/p>\n<p class=\"_paragraph_o9xde_4 _paragraph_xtcu6_10 layout-component text-serif-m layout-normal text-serif-m layout-padded\">Ordf\u00f8reren krevde rask ansvarlighet og ford\u00f8mmer myndighetenes retorikk for \u00e5 forsvare det han kaller uforsvarlig.<\/p>\n<p class=\"_paragraph_o9xde_4 _paragraph_xtcu6_10 layout-component text-serif-m layout-normal text-serif-m layout-padded\">\u2013 ICE-agenter og deres Homeland Security-ledelse m\u00e5 bli fullt ut etterforsket og holdt ansvarlige for volden de ut\u00f8ver mot det amerikanske folket, sa han.<\/p>\n<p class=\"_paragraph_o9xde_4 _paragraph_xtcu6_10 layout-component text-serif-m layout-normal text-serif-m layout-padded\">Minnesotas guvern\u00f8r Tim Walz hadde tidligere bedt Portland og andre byer om \u00e5 \u00abst\u00e5 med dem\u00bb mot det han kaller Trumps politikk.<\/p>\n<p class=\"_paragraph_o9xde_4 _paragraph_xtcu6_10 layout-component text-serif-m layout-normal layout-padded\"><strong class=\"_strong_o9xde_25\">Les ogs\u00e5:<\/strong> <a href=\"https:\/\/www.vg.no\/i\/431jJ9\" data-track-element-type=\"Link\" data-track-id=\"link:431jJ9\" class=\"_link_o9xde_39\" rel=\"nofollow noopener\" target=\"_blank\">J.D. Vance: \u2013 Jeg st\u00f8tter ICE<\/a><\/p>\n<p>    <img decoding=\"async\" alt=\"Tips oss illustrasjon\" src=\"https:\/\/www.europesays.com\/no\/wp-content\/uploads\/2025\/10\/pssst-small.webp.webp\"\/>    <\/p>\n<p class=\"title-serif-s\">Har du tips?<\/p>\n<p class=\"text-sans-m\">Send oss informasjon, bilder eller video.<\/p>\n<p>  <a href=\"https:\/\/www.vg.no\/tips-oss\" rel=\"nofollow noopener\" target=\"_blank\"> Tips oss <\/a>      <\/p>\n","protected":false},"excerpt":{"rendered":"To personer skal v\u00e6re skutt av f\u00f8derale agenter i Portland, oregon, melder Reuters. Oppdatert fredag 9. januar kl.&hellip;\n","protected":false},"author":2,"featured_media":131632,"comment_status":"","ping_status":"","sticky":false,"template":"","format":"standard","meta":{"footnotes":""},"categories":[5],"tags":[31,20,21,2879,24,25,15,19,6887,22,23,17,18,13,30,28,29,14,16,314,26,27],"class_list":{"0":"post-132594","1":"post","2":"type-post","3":"status-publish","4":"format-standard","5":"has-post-thumbnail","7":"category-overskrifter","8":"tag-breaking","9":"tag-breaking-news","10":"tag-breakingnews","11":"tag-fbi","12":"tag-featured-news","13":"tag-featurednews","14":"tag-headlines","15":"tag-hovedoppslag","16":"tag-ice-immigration-and-customs-enforcement","17":"tag-latest-news","18":"tag-latestnews","19":"tag-main-news","20":"tag-mainnews","21":"tag-news","22":"tag-no","23":"tag-norge","24":"tag-norway","25":"tag-nyheter","26":"tag-overskrifter","27":"tag-skyting","28":"tag-top-stories","29":"tag-topstories"},"share_on_mastodon":{"url":"https:\/\/pubeurope.com\/@no\/115862234931020781","error":""},"_links":{"self":[{"href":"https:\/\/www.europesays.com\/no\/wp-json\/wp\/v2\/posts\/132594","targetHints":{"allow":["GET"]}}],"collection":[{"href":"https:\/\/www.europesays.com\/no\/wp-json\/wp\/v2\/posts"}],"about":[{"href":"https:\/\/www.europesays.com\/no\/wp-json\/wp\/v2\/types\/post"}],"author":[{"embeddable":true,"href":"https:\/\/www.europesays.com\/no\/wp-json\/wp\/v2\/users\/2"}],"replies":[{"embeddable":true,"href":"https:\/\/www.europesays.com\/no\/wp-json\/wp\/v2\/comments?post=132594"}],"version-history":[{"count":0,"href":"https:\/\/www.europesays.com\/no\/wp-json\/wp\/v2\/posts\/132594\/revisions"}],"wp:featuredmedia":[{"embeddable":true,"href":"https:\/\/www.europesays.com\/no\/wp-json\/wp\/v2\/media\/131632"}],"wp:attachment":[{"href":"https:\/\/www.europesays.com\/no\/wp-json\/wp\/v2\/media?parent=132594"}],"wp:term":[{"taxonomy":"category","embeddable":true,"href":"https:\/\/www.europesays.com\/no\/wp-json\/wp\/v2\/categories?post=132594"},{"taxonomy":"post_tag","embeddable":true,"href":"https:\/\/www.europesays.com\/no\/wp-json\/wp\/v2\/tags?post=132594"}],"curies":[{"name":"wp","href":"https:\/\/api.w.org\/{rel}","templated":true}]}}