{"id":132599,"date":"2026-01-09T00:22:17","date_gmt":"2026-01-09T00:22:17","guid":{"rendered":"https:\/\/www.europesays.com\/no\/132599\/"},"modified":"2026-01-09T00:22:17","modified_gmt":"2026-01-09T00:22:17","slug":"iselin-guttormsen-catalin-mihu-gratulasjonene-renner-inn-til-iselin-guttormsen-og-catalin-mihu","status":"publish","type":"post","link":"https:\/\/www.europesays.com\/no\/132599\/","title":{"rendered":"Iselin Guttormsen, Catalin Mihu | Gratulasjonene renner inn til Iselin Guttormsen og Catalin Mihu"},"content":{"rendered":"\n<p>Torsdag morgen publiserte influenser Iselin Guttormsen (39) et bilde p\u00e5 <a href=\"https:\/\/www.instagram.com\/p\/DTPfSUrjDvr\/\" rel=\"Follow nofollow noopener\" target=\"_blank\">Instagram <\/a>som har skapt engasjement blant f\u00f8lgerne hennes.<\/p>\n<p>P\u00e5 bildet kysser hun og Catalin Mihu (31) bak et sl\u00f8r. Fotografen som er kreditert er en bryllupsfotograf.<\/p>\n<p>Forel\u00f8pig er det ikke bekreftet om det er snakk om et bryllup. I folkeregisteret st\u00e5r det at Guttormsen er ugift.<\/p>\n<p><b>Les ogs\u00e5: <\/b><a class=\"simple-relation related-teaser article--c-eRUmMG article--c-eRUmMG-fZoQSp-design-nettavisen article--c-eRUmMG-gwthdJ-cv\" href=\"https:\/\/www.nettavisen.no\/kjendisenes-nyttarsforsetter-lover-a-ikke-vare-utro-i-2026\/s\/5-95-2801615\" rel=\"nofollow noopener\" target=\"_blank\">\u2013 Lover \u00e5 ikke v\u00e6re utro i 2026<\/a><\/p>\n<p>Bildet kommer overraskende p\u00e5 mange da det heller ikke har v\u00e6rt kjent om paret har v\u00e6rt forlovet.<\/p>\n<p>Under innlegget renner samtidig gratulasjonene inn:<\/p>\n<p>\u00abWow! For et bilde! Gratulerer\u00bb, skriver en.<\/p>\n<p>\u00abVa det brudekjolen din!? He dokke gifta dokke? gratulere i allefall om s\u00e5!!\u00bb skriver en annen.<\/p>\n<p>Nettavisen har forel\u00f8pig ikke lyktes i \u00e5 f\u00e5 en kommentar fra Guttormsen eller Mihu.<\/p>\n<p>Iselin Guttormsen (38) og Catalin Mihu (31) fant kj\u00e6rligheten etter at de var hverandres partnere i \u00abSkal vi danse\u00bb i 2022.<\/p>\n<p><b>Les ogs\u00e5: <\/b><a class=\"simple-relation related-teaser article--c-eRUmMG article--c-eRUmMG-fZoQSp-design-nettavisen article--c-eRUmMG-gwthdJ-cv\" href=\"https:\/\/www.nettavisen.no\/raser-etter-farmen-sjokk-ufint-og-helt-unodvendig\/s\/5-95-2811537\" rel=\"nofollow noopener\" target=\"_blank\">Raser etter \u00abFarmen\u00bb-sjokk: \u2013 Ufint og helt un\u00f8dvendig<\/a><\/p>\n<p><script async src=\"\/\/www.instagram.com\/embed.js\"><\/script><\/p>\n","protected":false},"excerpt":{"rendered":"Torsdag morgen publiserte influenser Iselin Guttormsen (39) et bilde p\u00e5 Instagram som har skapt engasjement blant f\u00f8lgerne hennes.&hellip;\n","protected":false},"author":2,"featured_media":132600,"comment_status":"","ping_status":"","sticky":false,"template":"","format":"standard","meta":{"footnotes":""},"categories":[10],"tags":[20,21,24,25,15,22,23,13,30,28,29,14,16,26,27],"class_list":{"0":"post-132599","1":"post","2":"type-post","3":"status-publish","4":"format-standard","5":"has-post-thumbnail","7":"category-norge","8":"tag-breaking-news","9":"tag-breakingnews","10":"tag-featured-news","11":"tag-featurednews","12":"tag-headlines","13":"tag-latest-news","14":"tag-latestnews","15":"tag-news","16":"tag-no","17":"tag-norge","18":"tag-norway","19":"tag-nyheter","20":"tag-overskrifter","21":"tag-top-stories","22":"tag-topstories"},"share_on_mastodon":{"url":"https:\/\/pubeurope.com\/@no\/115862289976227325","error":""},"_links":{"self":[{"href":"https:\/\/www.europesays.com\/no\/wp-json\/wp\/v2\/posts\/132599","targetHints":{"allow":["GET"]}}],"collection":[{"href":"https:\/\/www.europesays.com\/no\/wp-json\/wp\/v2\/posts"}],"about":[{"href":"https:\/\/www.europesays.com\/no\/wp-json\/wp\/v2\/types\/post"}],"author":[{"embeddable":true,"href":"https:\/\/www.europesays.com\/no\/wp-json\/wp\/v2\/users\/2"}],"replies":[{"embeddable":true,"href":"https:\/\/www.europesays.com\/no\/wp-json\/wp\/v2\/comments?post=132599"}],"version-history":[{"count":0,"href":"https:\/\/www.europesays.com\/no\/wp-json\/wp\/v2\/posts\/132599\/revisions"}],"wp:featuredmedia":[{"embeddable":true,"href":"https:\/\/www.europesays.com\/no\/wp-json\/wp\/v2\/media\/132600"}],"wp:attachment":[{"href":"https:\/\/www.europesays.com\/no\/wp-json\/wp\/v2\/media?parent=132599"}],"wp:term":[{"taxonomy":"category","embeddable":true,"href":"https:\/\/www.europesays.com\/no\/wp-json\/wp\/v2\/categories?post=132599"},{"taxonomy":"post_tag","embeddable":true,"href":"https:\/\/www.europesays.com\/no\/wp-json\/wp\/v2\/tags?post=132599"}],"curies":[{"name":"wp","href":"https:\/\/api.w.org\/{rel}","templated":true}]}}