{"id":132602,"date":"2026-01-09T01:13:09","date_gmt":"2026-01-09T01:13:09","guid":{"rendered":"https:\/\/www.europesays.com\/no\/132602\/"},"modified":"2026-01-09T01:13:09","modified_gmt":"2026-01-09T01:13:09","slug":"russland-angriper-kyiv-og-lviv-med-missiler-og-droner","status":"publish","type":"post","link":"https:\/\/www.europesays.com\/no\/132602\/","title":{"rendered":"Russland angriper Kyiv og Lviv med missiler og droner"},"content":{"rendered":"\n<p class=\"_lead_o9xde_2 _lead_xtcu6_50 layout-component text-serif-m layout-normal text-serif-l layout-component layout-wide layout-padded _wide_17hqh_1 layout-padded\">Minst \u00e9n person er d\u00f8d og seks personer ble skadet i nattens massive angrep.<\/p>\n<p><img alt=\" Foto: Valentyn Ogirenko \/ Reuters \/ NTB\" class=\"_image_qp4xg_65 layout-component layout-wide\" data-fullscreen- data-track-element-type=\"Article image fullscreen\" data-track-name=\"ImageFullscreen\" fetchpriority=\"high\" decoding=\"sync\" loading=\"eager\" height=\"2908\" itemprop=\"image\"  src=\"https:\/\/www.europesays.com\/no\/wp-content\/uploads\/2026\/01\/ee69b4f0-5d21-4d17-a040-50dcfd4f52d7.jpeg\"  style=\"object-position:0% 0%\" width=\"4279\"\/> Foto: Valentyn Ogirenko \/ Reuters \/ NTB<\/p>\n<ul aria-hidden=\"true\" class=\"_images_ntbth_112\">\n<li><a class=\"_link_ntbth_117\" href=\"https:\/\/www.vg.no\/forfatter\/kari-aarstad-aase\" style=\"z-index:1\" title=\"Kari Aarstad Aase\" rel=\"nofollow noopener\" target=\"_blank\"><img alt=\"Bilde av Kari Aarstad Aase\" class=\"_image_ntbth_93\" fetchpriority=\"low\" loading=\"lazy\" decoding=\"async\" itemprop=\"image\"  src=\"https:\/\/www.europesays.com\/no\/wp-content\/uploads\/2026\/01\/1767921189_732_0dbde33e-6d8e-4680-8e4f-e2a64281e2b8.jpeg\"  width=\"480\"\/><\/a><\/li>\n<\/ul>\n<p> Oppdatert fredag 9. januar kl. 01:42     <\/p>\n<p class=\"_paragraph_o9xde_4 _paragraph_xtcu6_10 layout-component text-serif-m layout-normal text-serif-m layout-padded\">Russland gjennomf\u00f8rte et omfattende angrep med missiler og droner mot Ukraina natt til 9. januar. Angrepet rammet flere store byer, inkludert hovedstaden <a href=\"https:\/\/www.vg.no\/tag\/kyiv?utm_source=vg-article&amp;utm_medium=auto-tagger&amp;utm_campaign=XM8wor\" class=\"_link_o9xde_39\" rel=\"nofollow noopener\" target=\"_blank\">Kyiv<\/a> og Lviv i vest.<\/p>\n<p class=\"_paragraph_o9xde_4 _paragraph_xtcu6_10 layout-component text-serif-m layout-normal text-serif-m layout-padded\">To personer ble skadet i angrepet, if\u00f8lge <a href=\"https:\/\/kyivindependent.com\/russia-targets-kyiv-lviv-in-mass-attack-across-ukraine\/\" class=\"_link_o9xde_39\" rel=\"nofollow noopener\" target=\"_blank\">The Kyiv Independent<\/a>.<\/p>\n<p class=\"_paragraph_o9xde_4 _paragraph_xtcu6_10 layout-component text-serif-m layout-normal text-serif-m layout-padded\">Reuters skriver at minst \u00e9n person skal v\u00e6re drept i angrepene.<\/p>\n<p class=\"_paragraph_o9xde_4 _paragraph_xtcu6_10 layout-component text-serif-m layout-normal text-serif-m layout-padded\">I Kyiv ble flere bydeler rammet, blant annet Dniprovskyi og Darnytskyi. Boligblokker i Pechersk og Desnjanskyj ble skadet av droner og fallende vrakdeler, melder lokale myndigheter.<\/p>\n<p class=\"_paragraph_o9xde_4 _paragraph_xtcu6_10 layout-component text-serif-m layout-normal text-serif-m layout-padded\">De f\u00f8rste eksplosjonene i Kyiv ble rapportert rundt klokken 23.45 lokal tid. Tidligere hadde luftforsvaret advart om ballistiske missiler og droner p\u00e5 vei mot hovedstaden.<\/p>\n<p class=\"_paragraph_o9xde_4 _paragraph_xtcu6_10 layout-component text-serif-m layout-normal text-serif-m layout-padded\">I Lviv, Ukrainas vestligste storby, rapporterte borgermester Andriy Sadovyi om eksplosjoner da kritisk infrastruktur ble angrepet.<\/p>\n<p><img alt=\"Foto: Valentyn Ogirenko \/ Reuters \/ NTB\" class=\"_image_qp4xg_65 layout-component layout-normal\" data-fullscreen- data-track-element-type=\"Article image fullscreen\" data-track-name=\"ImageFullscreen\" decoding=\"async\" loading=\"lazy\" height=\"3742\" itemprop=\"image\"  src=\"https:\/\/www.europesays.com\/no\/wp-content\/uploads\/2026\/01\/d61b46d5-cae3-487a-835b-a5ce87ceb880.jpeg\"  style=\"object-position:0% 0%\" width=\"2749\"\/>Foto: Valentyn Ogirenko \/ Reuters \/ NTB<\/p>\n<p class=\"_paragraph_o9xde_4 _paragraph_xtcu6_10 layout-component text-serif-m layout-normal text-serif-m layout-padded\">Det ukrainske milit\u00e6ret opplyser at russiske styrker avfyrte et missil fra Kapustin Yar-anlegget i Astrakhan-regionen i Russland.<\/p>\n<p>Advarte<\/p>\n<p class=\"_paragraph_o9xde_4 _paragraph_xtcu6_10 layout-component text-serif-m layout-normal text-serif-m layout-padded\">President Volodymyr Zelenskyj hadde tidligere p\u00e5 dagen advart om at Russland planla et massivt angrep.<\/p>\n<p class=\"_paragraph_o9xde_4 _paragraph_xtcu6_10 layout-component text-serif-m layout-normal text-serif-m layout-padded\">\u2013 Det finnes informasjon om at enda et massivt russisk angrep kan skje i natt, sa Zelenskyj.<\/p>\n<p class=\"_paragraph_o9xde_4 _paragraph_xtcu6_10 layout-component text-serif-m layout-normal text-serif-m layout-padded\">Som f\u00f8lge av nylige russiske angrep var over \u00e9n million mennesker i Dnipropetrovsk-regionen fortsatt uten vann og oppvarming torsdag morgen.<\/p>\n<p class=\"_paragraph_o9xde_4 _paragraph_xtcu6_10 layout-component text-serif-m layout-normal text-serif-m layout-padded\">USAs ambassade i Kyiv advarte tidligere torsdag om faren for et st\u00f8rre luftangrep mot Ukraina.<\/p>\n<p class=\"_paragraph_o9xde_4 _paragraph_xtcu6_10 layout-component text-serif-m layout-normal text-serif-m layout-padded\">\u2013 Den amerikanske ambassaden i Kyiv har f\u00e5tt informasjon om et potensielt betydelig luftangrep som kan finne sted n\u00e5r som helst i l\u00f8pet av de neste dagene. Ambassaden anbefaler, som alltid, at amerikanske borgere forbereder seg p\u00e5 \u00e5 s\u00f8ke tilflukt umiddelbart hvis luftvernsirenene g\u00e5r, st\u00e5r det p\u00e5\u00a0<a href=\"https:\/\/ua.usembassy.gov\/security-alert-u-s-embassy-kyiv-ukraine-january-8-2026\/\" class=\"_link_o9xde_39\" rel=\"nofollow noopener\" target=\"_blank\">ambassadens nettside<\/a>.<\/p>\n","protected":false},"excerpt":{"rendered":"Minst \u00e9n person er d\u00f8d og seks personer ble skadet i nattens massive angrep. Foto: Valentyn Ogirenko \/&hellip;\n","protected":false},"author":2,"featured_media":132603,"comment_status":"","ping_status":"","sticky":false,"template":"","format":"standard","meta":{"footnotes":""},"categories":[5],"tags":[20,21,24,25,15,19,179,3137,22,23,17,18,13,30,28,29,14,16,26,27,46],"class_list":{"0":"post-132602","1":"post","2":"type-post","3":"status-publish","4":"format-standard","5":"has-post-thumbnail","7":"category-overskrifter","8":"tag-breaking-news","9":"tag-breakingnews","10":"tag-featured-news","11":"tag-featurednews","12":"tag-headlines","13":"tag-hovedoppslag","14":"tag-krigen-i-ukraina","15":"tag-kyiv","16":"tag-latest-news","17":"tag-latestnews","18":"tag-main-news","19":"tag-mainnews","20":"tag-news","21":"tag-no","22":"tag-norge","23":"tag-norway","24":"tag-nyheter","25":"tag-overskrifter","26":"tag-top-stories","27":"tag-topstories","28":"tag-vgai"},"share_on_mastodon":{"url":"https:\/\/pubeurope.com\/@no\/115862490523463935","error":""},"_links":{"self":[{"href":"https:\/\/www.europesays.com\/no\/wp-json\/wp\/v2\/posts\/132602","targetHints":{"allow":["GET"]}}],"collection":[{"href":"https:\/\/www.europesays.com\/no\/wp-json\/wp\/v2\/posts"}],"about":[{"href":"https:\/\/www.europesays.com\/no\/wp-json\/wp\/v2\/types\/post"}],"author":[{"embeddable":true,"href":"https:\/\/www.europesays.com\/no\/wp-json\/wp\/v2\/users\/2"}],"replies":[{"embeddable":true,"href":"https:\/\/www.europesays.com\/no\/wp-json\/wp\/v2\/comments?post=132602"}],"version-history":[{"count":0,"href":"https:\/\/www.europesays.com\/no\/wp-json\/wp\/v2\/posts\/132602\/revisions"}],"wp:featuredmedia":[{"embeddable":true,"href":"https:\/\/www.europesays.com\/no\/wp-json\/wp\/v2\/media\/132603"}],"wp:attachment":[{"href":"https:\/\/www.europesays.com\/no\/wp-json\/wp\/v2\/media?parent=132602"}],"wp:term":[{"taxonomy":"category","embeddable":true,"href":"https:\/\/www.europesays.com\/no\/wp-json\/wp\/v2\/categories?post=132602"},{"taxonomy":"post_tag","embeddable":true,"href":"https:\/\/www.europesays.com\/no\/wp-json\/wp\/v2\/tags?post=132602"}],"curies":[{"name":"wp","href":"https:\/\/api.w.org\/{rel}","templated":true}]}}