{"id":132612,"date":"2026-01-09T01:34:18","date_gmt":"2026-01-09T01:34:18","guid":{"rendered":"https:\/\/www.europesays.com\/no\/132612\/"},"modified":"2026-01-09T01:34:18","modified_gmt":"2026-01-09T01:34:18","slug":"gult-farevarsel-ta-pa-godt-med-klaer-adressa-no","status":"publish","type":"post","link":"https:\/\/www.europesays.com\/no\/132612\/","title":{"rendered":"Gult farevarsel: \u2013 Ta p\u00e5 godt med kl\u00e6r &#8211; adressa.no"},"content":{"rendered":"<ol>\n<li><a href=\"https:\/\/news.google.com\/rss\/articles\/CBMikAFBVV95cUxQc0hnWWNrVzBHUjM3M0dlVTkwZWNYYnpEdkxXeFoxcnBvcWRIaEtSZDNuU3lNUzJnOTIzNEZkX3NiNERtUHVkdFRBMy16M1ZzU2l0M3BUQWkxakU1eVJBc3dqdzRFWGFucFVUQi00Y0k0cUVxR19FMWt1cGpTQ1VuM19nOEFkNDFMYUFCSlhhcno?oc=5\" target=\"_blank\" rel=\"nofollow noopener\">Gult farevarsel: \u2013 Ta p\u00e5 godt med kl\u00e6r<\/a>&nbsp;&nbsp;adressa.no<\/li>\n<li><a href=\"https:\/\/news.google.com\/rss\/articles\/CBMijAFBVV95cUxNbnNpRnVrTTJpX3JaSTNuS0F2NkJvaDRHc2RkQWliMmt4cGNNWURodlF6bHpkM0tyN1lUR3JsaTQ0MS0teHQwamF6ZXlJQWU1ZHlWQmtjUDdSeDd4X0tOWWNPR0pXaGRsSkZTMmFEdUNaMWJsNERfS1NRRFlGX1kwc2thYW9HTnR3WEx4Yg?oc=5\" target=\"_blank\" rel=\"nofollow noopener\">Venter liten storm \u2013 kan p\u00e5virke flytrafikken<\/a>&nbsp;&nbsp;NRK<\/li>\n<li><a href=\"https:\/\/news.google.com\/rss\/articles\/CBMiY0FVX3lxTE1iUC1iVlZnX1RWNk1OV1ltNy1IXzBqbVl5SHJDa01SNjJqYmpIbndRc2RreGRFZGI2SWl5TGRaRlNGODZITVJRTmxDZjM4al9ZRThpeWJXWGZKcVYzX2tPM3dCcw?oc=5\" target=\"_blank\" rel=\"nofollow noopener\">V\u00e6r, Trafikk | Kolonnekj\u00f8ring over Saltfjellet<\/a>&nbsp;&nbsp;Avisa Nordland<\/li>\n<li><a href=\"https:\/\/news.google.com\/rss\/articles\/CBMilgFBVV95cUxPRXZkN2VCMmpNOEx5blozSHhLSkMza0tFVW9sajRTamVxNDVRSjlEM0NfMTV0TTdYZ1dOMDZrNnZGMTF6UzVkb3hOcjZxOFBCWkdZeUhnTWJnZWJNOGlrbWJUeThUYTNVY0ZIZlFZblFhZnd2Zk12ZlVORG95OWNESGVVQWV0ZTlVN1JEZHhFVTVJbmNrR0E?oc=5\" target=\"_blank\" rel=\"nofollow noopener\">V\u00e6r, Vinter | F\u00f8rst kommer en kald vind fra nord\u00f8st \u2013 s\u00e5 blir det knallv\u00e6r<\/a>&nbsp;&nbsp;T\u00f8nsbergs Blad<\/li>\n<li><a href=\"https:\/\/news.google.com\/rss\/articles\/CBMifkFVX3lxTE9nUjBXclNXTTBHQkl0bmlKNlFzMnpUN0ZpaWwyeVZuOHdNRy16VVJiX3E4QjF5aE9hcmVMQ1dod19ha3F2LXFwVTZHcGN4YmtuVWlVZEZEWV9hVWw1U1JoLTQ5eE1TLVNxdWdtdXd5NHByeEZMT2hZd1lVRXc5Zw?oc=5\" target=\"_blank\" rel=\"nofollow noopener\">Varsler kraftig vind: \u2013 Vil kjennes<\/a>&nbsp;&nbsp;kulingen.no<\/li>\n<\/ol>\n","protected":false},"excerpt":{"rendered":"Gult farevarsel: \u2013 Ta p\u00e5 godt med kl\u00e6r&nbsp;&nbsp;adressa.no Venter liten storm \u2013 kan p\u00e5virke flytrafikken&nbsp;&nbsp;NRK V\u00e6r, Trafikk |&hellip;\n","protected":false},"author":2,"featured_media":132613,"comment_status":"","ping_status":"","sticky":false,"template":"","format":"standard","meta":{"footnotes":""},"categories":[10],"tags":[20,21,102,24,25,15,22,23,1202,13,30,687,28,29,14,16,26,27,270,7585],"class_list":{"0":"post-132612","1":"post","2":"type-post","3":"status-publish","4":"format-standard","5":"has-post-thumbnail","7":"category-norge","8":"tag-breaking-news","9":"tag-breakingnews","10":"tag-farevarsel","11":"tag-featured-news","12":"tag-featurednews","13":"tag-headlines","14":"tag-latest-news","15":"tag-latestnews","16":"tag-meteorologisk-institutt","17":"tag-news","18":"tag-no","19":"tag-nordland","20":"tag-norge","21":"tag-norway","22":"tag-nyheter","23":"tag-overskrifter","24":"tag-top-stories","25":"tag-topstories","26":"tag-trondelag","27":"tag-vind"},"share_on_mastodon":{"url":"https:\/\/pubeurope.com\/@no\/115862573092908070","error":""},"_links":{"self":[{"href":"https:\/\/www.europesays.com\/no\/wp-json\/wp\/v2\/posts\/132612","targetHints":{"allow":["GET"]}}],"collection":[{"href":"https:\/\/www.europesays.com\/no\/wp-json\/wp\/v2\/posts"}],"about":[{"href":"https:\/\/www.europesays.com\/no\/wp-json\/wp\/v2\/types\/post"}],"author":[{"embeddable":true,"href":"https:\/\/www.europesays.com\/no\/wp-json\/wp\/v2\/users\/2"}],"replies":[{"embeddable":true,"href":"https:\/\/www.europesays.com\/no\/wp-json\/wp\/v2\/comments?post=132612"}],"version-history":[{"count":0,"href":"https:\/\/www.europesays.com\/no\/wp-json\/wp\/v2\/posts\/132612\/revisions"}],"wp:featuredmedia":[{"embeddable":true,"href":"https:\/\/www.europesays.com\/no\/wp-json\/wp\/v2\/media\/132613"}],"wp:attachment":[{"href":"https:\/\/www.europesays.com\/no\/wp-json\/wp\/v2\/media?parent=132612"}],"wp:term":[{"taxonomy":"category","embeddable":true,"href":"https:\/\/www.europesays.com\/no\/wp-json\/wp\/v2\/categories?post=132612"},{"taxonomy":"post_tag","embeddable":true,"href":"https:\/\/www.europesays.com\/no\/wp-json\/wp\/v2\/tags?post=132612"}],"curies":[{"name":"wp","href":"https:\/\/api.w.org\/{rel}","templated":true}]}}