{"id":132614,"date":"2026-01-09T01:38:10","date_gmt":"2026-01-09T01:38:10","guid":{"rendered":"https:\/\/www.europesays.com\/no\/132614\/"},"modified":"2026-01-09T01:38:10","modified_gmt":"2026-01-09T01:38:10","slug":"starcraft-shooter-rapportert-a-bli-avslort-av-blizzard-pa-blizzcon-i-september","status":"publish","type":"post","link":"https:\/\/www.europesays.com\/no\/132614\/","title":{"rendered":"StarCraft shooter rapportert \u00e5 bli avsl\u00f8rt av Blizzard p\u00e5 BlizzCon i september &#8211;"},"content":{"rendered":"<p>Vi forventer at 2026 blir et stort \u00e5r for Xbox for \u00e5 tilpasse seg 25-\u00e5rsjubileet, men det kan tydeligvis ogs\u00e5 v\u00e6re et ganske stort \u00e5r for et av datterselskapene, nemlig Blizzard. En ny rapport fra <a href=\"https:\/\/www.windowscentral.com\/gaming\/xbox\/xbox-in-2026-what-to-expect-from-team-green-this-year-and-beyond\" target=\"_blank\" rel=\"nofollow noopener\">Windows Central<\/a>, som utvider tidligere rapporterte p\u00e5stander fra Bloombergs Jason Schreier i sin bok Play Nice: The Rise, Fall, and Futuire of Blizzard Entertainment, sier at vi p\u00e5 BlizzCon 2026 i september kan se den kaliforniske utvikleren avsl\u00f8re mange lovende ting, inkludert en overskriftsaff\u00e6re som setter s\u00f8kelyset tilbake p\u00e5 en av sine mest ber\u00f8mte serier.<\/p>\n<p>Det store poenget er at et StarCraft skytespill kan v\u00e6re det st\u00f8rste prosjektet som blir avsl\u00f8rt p\u00e5 messen, og rapporten hevder at dette vil v\u00e6re et tredjepersons skytespill, kanskje et med \u00e5pne verdenselementer hvis man skal tro p\u00e5 en stillingsutlysning.<\/p>\n<p>Utover dette antydes det at den store begivenheten som bare kommer sjeldent i disse dager og ikke \u00e5rlig som tidligere var tilfelle, ogs\u00e5 vil v\u00e6re stedet der den neste Diablo IV -utvidelsen presenteres (det er verdt \u00e5 huske at Lord of Hatred lanseres i april), i likhet med World of Warcrafts The Last Titan -utvidelse.<\/p>\n<p>Det vil utvilsomt ogs\u00e5 komme nyheter fra Overwatch 2 og Heartstone, selv om dette kan v\u00e6re mer tradisjonell og mindre omfattende informasjon som sammenfaller med nytt og oppdatert innhold til de p\u00e5g\u00e5ende spillene.<\/p>\n<p><img loading=\"lazy\" decoding=\"async\" id=\"img-1952983-1734413\" data-fullsize=\"\/media\/44\/starcraft2_1734413b.png\" data-lazy=\"\" src=\"https:\/\/www.gamereactor.nohttps:\/\/www.gamereactor.no\/media\/44\/starcraft2_1734413_650x.png\" width=\"650\" onclick=\"if (!window.__cfRLUnblockHandlers) return false; gallery_openmodal('1952983','1734413',false,'b437ef705e4acc75a8157a6ddb988f2e');\" height=\"310\" alt=\"StarCraft shooter rapportert \u00e5 bli avsl\u00f8rt av Blizzard p\u00e5 BlizzCon i september\" class=\"rwd_col_content lazy\" data-cf-modified-e803c44b8aaeb850d1d1f70a-=\"\"\/><\/p>\n","protected":false},"excerpt":{"rendered":"Vi forventer at 2026 blir et stort \u00e5r for Xbox for \u00e5 tilpasse seg 25-\u00e5rsjubileet, men det kan&hellip;\n","protected":false},"author":2,"featured_media":132615,"comment_status":"","ping_status":"","sticky":false,"template":"","format":"standard","meta":{"footnotes":""},"categories":[57],"tags":[30,28,29,65,63,64,66,70,69,67,68],"class_list":{"0":"post-132614","1":"post","2":"type-post","3":"status-publish","4":"format-standard","5":"has-post-thumbnail","7":"category-vitenskap-og-teknologi","8":"tag-no","9":"tag-norge","10":"tag-norway","11":"tag-science","12":"tag-science-and-technology","13":"tag-scienceandtechnology","14":"tag-technology","15":"tag-teknologi","16":"tag-vitenskap","17":"tag-vitenskap-og-teknologi","18":"tag-vitenskapteknologi"},"share_on_mastodon":{"url":"https:\/\/pubeurope.com\/@no\/115862588844416936","error":""},"_links":{"self":[{"href":"https:\/\/www.europesays.com\/no\/wp-json\/wp\/v2\/posts\/132614","targetHints":{"allow":["GET"]}}],"collection":[{"href":"https:\/\/www.europesays.com\/no\/wp-json\/wp\/v2\/posts"}],"about":[{"href":"https:\/\/www.europesays.com\/no\/wp-json\/wp\/v2\/types\/post"}],"author":[{"embeddable":true,"href":"https:\/\/www.europesays.com\/no\/wp-json\/wp\/v2\/users\/2"}],"replies":[{"embeddable":true,"href":"https:\/\/www.europesays.com\/no\/wp-json\/wp\/v2\/comments?post=132614"}],"version-history":[{"count":0,"href":"https:\/\/www.europesays.com\/no\/wp-json\/wp\/v2\/posts\/132614\/revisions"}],"wp:featuredmedia":[{"embeddable":true,"href":"https:\/\/www.europesays.com\/no\/wp-json\/wp\/v2\/media\/132615"}],"wp:attachment":[{"href":"https:\/\/www.europesays.com\/no\/wp-json\/wp\/v2\/media?parent=132614"}],"wp:term":[{"taxonomy":"category","embeddable":true,"href":"https:\/\/www.europesays.com\/no\/wp-json\/wp\/v2\/categories?post=132614"},{"taxonomy":"post_tag","embeddable":true,"href":"https:\/\/www.europesays.com\/no\/wp-json\/wp\/v2\/tags?post=132614"}],"curies":[{"name":"wp","href":"https:\/\/api.w.org\/{rel}","templated":true}]}}