{"id":132624,"date":"2026-01-09T02:10:19","date_gmt":"2026-01-09T02:10:19","guid":{"rendered":"https:\/\/www.europesays.com\/no\/132624\/"},"modified":"2026-01-09T02:10:19","modified_gmt":"2026-01-09T02:10:19","slug":"aftenposten-falsk-profil-aftenposten-avpubliserer-innlegg-fra-jodisk-forretningsmann-ikke-kontroll","status":"publish","type":"post","link":"https:\/\/www.europesays.com\/no\/132624\/","title":{"rendered":"Aftenposten, Falsk profil | Aftenposten avpubliserer innlegg fra \u00abj\u00f8disk forretningsmann\u00bb: \u2013 Ikke kontroll"},"content":{"rendered":"\n<p>Onsdag kveld ble et debattinnlegg publisert p\u00e5 Aftenpostens nettsider.<\/p>\n<p>Innlegget var signert en navngitt \u00abj\u00f8disk forretningsmann\u00bb, men det finnes f\u00e5 spor av vedkommende p\u00e5 internett, annet enn en Facebook-profil.<\/p>\n<p>Nettavisen har g\u00e5tt gjennom Facebook-profilen, og foretatt et omvendt bildes\u00f8k p\u00e5 flere av bildene. S\u00f8ket viser at mange av bildene er hentet fra ulike sider p\u00e5 internett. Deretter er blant annet ansiktet p\u00e5 bildene blitt redigert, f\u00f8r de er blitt lagt ut p\u00e5 Facebook-profilen.<\/p>\n<p>Avsl\u00f8rt p\u00e5 Reddit<\/p>\n<p>Det mistenkelige debattinnlegget ble f\u00f8rst omtalt i en <a href=\"https:\/\/www.reddit.com\/r\/norge\/comments\/1q7aewv\/falsk_person_med_debattinnlegg_i_aftenposten\/\" rel=\"Follow nofollow noopener\" target=\"_blank\">Reddit-tr\u00e5d<\/a>. I tr\u00e5den avdekkes det blant annet at maraton-bilder som Facebook-profilen har lagt ut, ikke tilh\u00f8rer den angivelige \u00abforretningsmannen\u00bb, men en helt annen person.<\/p>\n<p>Det n\u00e5 avpubliserte innlegget tok statsviteren Asle Toje i forsvar.<\/p>\n<p>   <img decoding=\"async\" width=\"871\" height=\"1195\" fetchpriority=\"low\"  loading=\"lazy\"  src=\"https:\/\/www.europesays.com\/no\/wp-content\/uploads\/2026\/01\/aftenposten.jpg\" alt=\"\" class=\"brick-c-cFOWSL\" style=\"--brick-image-ratio: 871 \/ 1195;\"\/><\/p>\n<p>      SLETTET: Dette debattinnlegget er n\u00e5 avpublisert av Aftenposten.<br \/>\n      Foto: Skjermdump\n    <\/p>\n<p>Toje skrev i desember et annet debattinnlegg, som ble mye omdiskutert i ettertid. Tojes innlegg handlet om innvandringspolitikk og norsk kulturs forfall:<\/p>\n<p><b>Asle Toje: <a href=\"https:\/\/www.nettavisen.no\/norsk-debatt\/vil-norge-overleve-det-som-kommer\/o\/5-95-2802371\" rel=\"Follow nofollow noopener\" target=\"_blank\">Vil Norge overleve det som kommer?<\/a><\/b><\/p>\n<p>I det n\u00e5 avpubliserte Aftenposten-innlegget, sto det blant annet:<\/p>\n<p>\u2013 Det ubehagelige i Tojes tekst er ikke at han tar feil. Det ubehagelige er at han kan ha rett i deler av analysen, og at det utfordrer v\u00e5r selvforst\u00e5else som moralsk overlegne. Derfor angripes ikke argumentene, men motivene.<\/p>\n<p>\u2013 Kjedelig \u00e5 bli lurt<\/p>\n<p>\u2013 Vi har valgt \u00e5 avpublisere innlegget fordi vi ikke lenger har kontroll p\u00e5 opplysningene. Det har kommet ny informasjon som gj\u00f8r at alt tyder p\u00e5 at dette er en falsk profil, sier Aftenpostens debattredakt\u00f8r Erik Tornes til Nettavisen.<\/p>\n<p>Han legger til at de f\u00f8r publisering var i kontakt med innsenderen, og at de har fors\u00f8kt \u00e5 f\u00e5 kontakt med vedkommende igjen n\u00e5.<\/p>\n<p>\u2013 Vi har ogs\u00e5 fors\u00f8kt \u00e5 f\u00e5 avklart fra noen av de som er oppf\u00f8rt som venner av ham p\u00e5 Facebook, som vi vet er faktiske personer, om han eksisterer. De som vi har v\u00e6rt i kontakt med til n\u00e5 kan ikke bekrefte dette, sier Tornes.<\/p>\n<p>Facebook-profilen til \u00abforretningsmannen\u00bb best\u00e5r av flere bilder og oppdateringer som er datert langt tilbake i tid, men de fleste er lagt ut i april 2024, og deretter er datoen blitt skrudd tilbake.<\/p>\n<p>\u2013 Det er noen som har lagt ned en betydelig innsats over flere \u00e5r, for \u00e5 manipulere bilder. Det er veldig kjedelig for oss \u00e5 bli lurt p\u00e5 denne m\u00e5ten, og veldig leit for leserne v\u00e5re, sier Tornes til Nettavisen.<\/p>\n","protected":false},"excerpt":{"rendered":"Onsdag kveld ble et debattinnlegg publisert p\u00e5 Aftenpostens nettsider. Innlegget var signert en navngitt \u00abj\u00f8disk forretningsmann\u00bb, men det&hellip;\n","protected":false},"author":2,"featured_media":132625,"comment_status":"","ping_status":"","sticky":false,"template":"","format":"standard","meta":{"footnotes":""},"categories":[10],"tags":[20,21,24,25,15,22,23,13,30,28,29,14,16,26,27],"class_list":{"0":"post-132624","1":"post","2":"type-post","3":"status-publish","4":"format-standard","5":"has-post-thumbnail","7":"category-norge","8":"tag-breaking-news","9":"tag-breakingnews","10":"tag-featured-news","11":"tag-featurednews","12":"tag-headlines","13":"tag-latest-news","14":"tag-latestnews","15":"tag-news","16":"tag-no","17":"tag-norge","18":"tag-norway","19":"tag-nyheter","20":"tag-overskrifter","21":"tag-top-stories","22":"tag-topstories"},"share_on_mastodon":{"url":"https:\/\/pubeurope.com\/@no\/115862714617633410","error":""},"_links":{"self":[{"href":"https:\/\/www.europesays.com\/no\/wp-json\/wp\/v2\/posts\/132624","targetHints":{"allow":["GET"]}}],"collection":[{"href":"https:\/\/www.europesays.com\/no\/wp-json\/wp\/v2\/posts"}],"about":[{"href":"https:\/\/www.europesays.com\/no\/wp-json\/wp\/v2\/types\/post"}],"author":[{"embeddable":true,"href":"https:\/\/www.europesays.com\/no\/wp-json\/wp\/v2\/users\/2"}],"replies":[{"embeddable":true,"href":"https:\/\/www.europesays.com\/no\/wp-json\/wp\/v2\/comments?post=132624"}],"version-history":[{"count":0,"href":"https:\/\/www.europesays.com\/no\/wp-json\/wp\/v2\/posts\/132624\/revisions"}],"wp:featuredmedia":[{"embeddable":true,"href":"https:\/\/www.europesays.com\/no\/wp-json\/wp\/v2\/media\/132625"}],"wp:attachment":[{"href":"https:\/\/www.europesays.com\/no\/wp-json\/wp\/v2\/media?parent=132624"}],"wp:term":[{"taxonomy":"category","embeddable":true,"href":"https:\/\/www.europesays.com\/no\/wp-json\/wp\/v2\/categories?post=132624"},{"taxonomy":"post_tag","embeddable":true,"href":"https:\/\/www.europesays.com\/no\/wp-json\/wp\/v2\/tags?post=132624"}],"curies":[{"name":"wp","href":"https:\/\/api.w.org\/{rel}","templated":true}]}}