{"id":132626,"date":"2026-01-09T02:24:07","date_gmt":"2026-01-09T02:24:07","guid":{"rendered":"https:\/\/www.europesays.com\/no\/132626\/"},"modified":"2026-01-09T02:24:07","modified_gmt":"2026-01-09T02:24:07","slug":"brann-vaksdal-boligbrann-i-vaksdal-fem-personer-kom-seg-ut","status":"publish","type":"post","link":"https:\/\/www.europesays.com\/no\/132626\/","title":{"rendered":"Brann, Vaksdal | Boligbrann i Vaksdal: \u2013 Fem personer kom seg ut"},"content":{"rendered":"\n<p>\u2013 Det har oppholdt seg fem personer i huset, disse er ute, melder vaktleder Jostein Steinsland-Hauge ved 110-sentralen.<\/p>\n<p>Brannen ble meldt natt til fredag klokken 0111.<\/p>\n<p><b>\u2013 Det var full overtenning, flammene sto over taket, sier vaktlederen til BA.<\/b><\/p>\n<p>I 02-tiden opplyser Steinsland-Hauge at det ikke lenger er synlige flammer, men det jobbes fortsatt med slukking.<\/p>\n<p>\u2013 Det er per n\u00e5 ikke fare for spredning til annen bebyggelse. Det er mye r\u00f8yk og beboere i omr\u00e5det bes lukke vinduer og d\u00f8rer, opplyser operasjonsleder Dan Erik Johannessen i Vest politidistrikt.<\/p>\n<p>Brannvensenet opplyser at det ble sendt ressurser fra Vaksdal, Bergen, Dale og Samnanger. Det ble ogs\u00e5 sendt en ekstra vanntankbil fra Oster\u00f8y.<\/p>\n<p>Saken oppdateres<\/p>\n","protected":false},"excerpt":{"rendered":"\u2013 Det har oppholdt seg fem personer i huset, disse er ute, melder vaktleder Jostein Steinsland-Hauge ved 110-sentralen.&hellip;\n","protected":false},"author":2,"featured_media":1615,"comment_status":"","ping_status":"","sticky":false,"template":"","format":"standard","meta":{"footnotes":""},"categories":[10],"tags":[36,367,20,21,24,25,15,22,23,13,30,28,29,14,16,1510,26,27,9219],"class_list":{"0":"post-132626","1":"post","2":"type-post","3":"status-publish","4":"format-standard","5":"has-post-thumbnail","7":"category-norge","8":"tag-art","9":"tag-brann","10":"tag-breaking-news","11":"tag-breakingnews","12":"tag-featured-news","13":"tag-featurednews","14":"tag-headlines","15":"tag-latest-news","16":"tag-latestnews","17":"tag-news","18":"tag-no","19":"tag-norge","20":"tag-norway","21":"tag-nyheter","22":"tag-overskrifter","23":"tag-story","24":"tag-top-stories","25":"tag-topstories","26":"tag-vaksdal"},"share_on_mastodon":{"url":"https:\/\/pubeurope.com\/@no\/115862769631988691","error":""},"_links":{"self":[{"href":"https:\/\/www.europesays.com\/no\/wp-json\/wp\/v2\/posts\/132626","targetHints":{"allow":["GET"]}}],"collection":[{"href":"https:\/\/www.europesays.com\/no\/wp-json\/wp\/v2\/posts"}],"about":[{"href":"https:\/\/www.europesays.com\/no\/wp-json\/wp\/v2\/types\/post"}],"author":[{"embeddable":true,"href":"https:\/\/www.europesays.com\/no\/wp-json\/wp\/v2\/users\/2"}],"replies":[{"embeddable":true,"href":"https:\/\/www.europesays.com\/no\/wp-json\/wp\/v2\/comments?post=132626"}],"version-history":[{"count":0,"href":"https:\/\/www.europesays.com\/no\/wp-json\/wp\/v2\/posts\/132626\/revisions"}],"wp:featuredmedia":[{"embeddable":true,"href":"https:\/\/www.europesays.com\/no\/wp-json\/wp\/v2\/media\/1615"}],"wp:attachment":[{"href":"https:\/\/www.europesays.com\/no\/wp-json\/wp\/v2\/media?parent=132626"}],"wp:term":[{"taxonomy":"category","embeddable":true,"href":"https:\/\/www.europesays.com\/no\/wp-json\/wp\/v2\/categories?post=132626"},{"taxonomy":"post_tag","embeddable":true,"href":"https:\/\/www.europesays.com\/no\/wp-json\/wp\/v2\/tags?post=132626"}],"curies":[{"name":"wp","href":"https:\/\/api.w.org\/{rel}","templated":true}]}}