{"id":132627,"date":"2026-01-09T02:30:10","date_gmt":"2026-01-09T02:30:10","guid":{"rendered":"https:\/\/www.europesays.com\/no\/132627\/"},"modified":"2026-01-09T02:30:10","modified_gmt":"2026-01-09T02:30:10","slug":"qanon-sjamanen-jacob-angeli-chansley-vil-stille-som-guvernor","status":"publish","type":"post","link":"https:\/\/www.europesays.com\/no\/132627\/","title":{"rendered":"QAnon-sjamanen Jacob Angeli-Chansley vil stille som guvern\u00f8r"},"content":{"rendered":"\n<p class=\"_lead_o9xde_2 _lead_xtcu6_50 layout-component text-serif-m layout-normal text-serif-l layout-component layout-wide layout-padded _wide_17hqh_1 layout-padded\">Han stormet kongressen for fire \u00e5r siden. N\u00e5 kaller han Trumps regjering for \u00aben korrupt katastrofe\u00bb.<\/p>\n<p><img alt=\"Jacob Angeli-Chansley annonserer at han vil inn i politikken \u2013 igjen.  Foto: Manuel Balce Ceneta \/ AP \/ NTB\" class=\"_image_qp4xg_65 layout-component layout-wide\" data-fullscreen- data-track-element-type=\"Article image fullscreen\" data-track-name=\"ImageFullscreen\" fetchpriority=\"high\" decoding=\"sync\" loading=\"eager\" height=\"3640\" itemprop=\"image\"  src=\"https:\/\/www.europesays.com\/no\/wp-content\/uploads\/2026\/01\/32a7e478-9bc9-4e0a-a10f-adf511f36b3b.png\"  style=\"object-position:0% 0%\" width=\"5459\"\/>Jacob Angeli-Chansley annonserer at han vil inn i politikken \u2013 igjen.  Foto: Manuel Balce Ceneta \/ AP \/ NTB<\/p>\n<ul aria-hidden=\"true\" class=\"_images_ntbth_112\">\n<li><a class=\"_link_ntbth_117\" href=\"https:\/\/www.vg.no\/forfatter\/live-tronstad\" style=\"z-index:1\" title=\"Live Tronstad\" rel=\"nofollow noopener\" target=\"_blank\"><img alt=\"Bilde av Live Tronstad\" class=\"_image_ntbth_93\" fetchpriority=\"low\" loading=\"lazy\" decoding=\"async\" itemprop=\"image\"  src=\"https:\/\/www.europesays.com\/no\/wp-content\/uploads\/2026\/01\/1767925809_590_730bca66-e713-4274-9d1c-1222feeb3c7d.jpeg\"  width=\"480\"\/><\/a><\/li>\n<\/ul>\n<p> Oppdatert fredag 9. januar kl. 02:38    <\/p>\n<ul class=\"_list_o9xde_3 _list_64s2r_85 _unordered_o9xde_106 text-sans-m\">\n<li class=\"_item_o9xde_30\">Jacob Angeli-Chansley, kjent som \u00abQAnon-sjamanen\u00bb, kaller Trumps administrasjon \u00aben korrupt katastrofe\u00bb.<\/li>\n<li class=\"_item_o9xde_30\">Han stiller som guvern\u00f8rkandidat i Arizona som uavhengig kandidat.<\/li>\n<li class=\"_item_o9xde_30\">Angeli-Chansley ble verdenskjent etter stormingen av Kongressen 6. januar 2021 og sonet senere 27 m\u00e5neder i fengsel.<\/li>\n<\/ul>\n<p>Vis mer <\/p>\n<p class=\"_paragraph_o9xde_4 _paragraph_xtcu6_10 layout-component text-serif-m layout-normal text-serif-m layout-padded\">Jacob Angeli-Chansley ble verdenskjent da han deltok i stormingen av den amerikanske kongressen 6. januar 2021. Han var en av de f\u00f8rste\u00a0<a href=\"https:\/\/www.vg.no\/nyheter\/utenriks\/i\/Ln6d2J\/vgs-team-i-washington-slik-var-de-dramatiske-timene\" data-track-element-type=\"Link\" data-track-id=\"link:Ln6d2J\" class=\"_link_o9xde_39\" rel=\"nofollow noopener\" target=\"_blank\">oppr\u00f8rerne som tok seg inn i kongressbygningen<\/a><\/p>\n<p class=\"_paragraph_o9xde_4 _paragraph_xtcu6_10 layout-component text-serif-m layout-normal text-serif-m layout-padded\">Med en pelslue med horn, ansiktsmaling, og et spyd med det amerikanske flagget, ble 34-\u00e5ringen ansiktet utad for stormingen. Han fikk kallenavnet \u00abQAnonQAnonQAnon er en sammensatt, amerikansk konspirasjonsteori med spredning til hele verden. Konspirasjonsteorien oppsto under Donald Trumps f\u00f8rste presidentperiode (2017\u20132021) og forsvarte ham. En viktig del av spekulasjonene handlet om at han i hemmelighet bekjempet en ond sammensvergelse av politiske, \u00f8konomiske og kulturelle eliter. Disse skulle deretter arresteres og\/eller henrettes.-sjamanen\u00bb. <\/p>\n<p class=\"_paragraph_o9xde_4 _paragraph_xtcu6_10 layout-component text-serif-m layout-normal text-serif-m layout-padded\">Fire \u00e5r senere, st\u00f8tter han ikke lenger Trump. Det er han sv\u00e6rt tydelig p\u00e5. <\/p>\n<p><img alt=\"Jacob Angeli-Chansley i antrekket som skulle bli verdenskjent.   Foto: SAUL LOEB \/ AFP \/ NTB\" class=\"_image_qp4xg_65 layout-component layout-normal\" data-fullscreen- data-track-element-type=\"Article image fullscreen\" data-track-name=\"ImageFullscreen\" decoding=\"async\" loading=\"lazy\" height=\"3504\" itemprop=\"image\"  src=\"https:\/\/www.europesays.com\/no\/wp-content\/uploads\/2026\/01\/343fbaf5-c2a9-4863-91f6-33aa3b4731c5.png\"  style=\"object-position:0% 0%\" width=\"4957\"\/>Jacob Angeli-Chansley i antrekket som skulle bli verdenskjent.   Foto: SAUL LOEB \/ AFP \/ NTB<\/p>\n<p class=\"_paragraph_o9xde_4 _paragraph_xtcu6_10 layout-component text-serif-m layout-normal text-serif-m layout-padded\">Han beskriver Trumps n\u00e5v\u00e6rende regjering som \u00aben korrupt katastrofe\u00bb. Han viser til <a href=\"https:\/\/www.vg.no\/tag\/usa?utm_source=vg-article&amp;utm_medium=auto-tagger&amp;utm_campaign=n1ARGm\" class=\"_link_o9xde_39\" rel=\"nofollow noopener\" target=\"_blank\">USAs<\/a> forhold til Israel og behandlingen av Jeffrey Epstein-dokumentene. <\/p>\n<p class=\"_paragraph_o9xde_4 _paragraph_xtcu6_10 layout-component text-serif-m layout-normal text-serif-m layout-padded\">Han anklager ogs\u00e5 presidenten for \u00e5 bruke det amerikanske milit\u00e6ret til \u00abv\u00e6pnet ran av en nasjon\u00bb.<\/p>\n<p class=\"_paragraph_o9xde_4 _paragraph_xtcu6_10 layout-component text-serif-m layout-normal text-serif-m layout-padded\">Angeli-Chansley referer til det amerikanske angrepet mot Venezuela som skjedde i helgen. <\/p>\n<p class=\"_paragraph_o9xde_4 _paragraph_xtcu6_10 layout-component text-serif-m layout-normal text-serif-m layout-padded\">\u2013 All krigf\u00f8ring er basert p\u00e5 bedrag, og det amerikanske folket har f\u00e5tt krig erkl\u00e6rt mot seg, sier Angeli-Chansley til avisen <a href=\"https:\/\/www.thetimes.com\/us\/news-today\/article\/jacob-chansley-qanon-shaman-jan-6-arizona-governor-jake-angeli-c650fb0j7\" class=\"_link_o9xde_39\" rel=\"nofollow noopener\" target=\"_blank\">The Times<\/a>.<\/p>\n<p>Vil stille som guvern\u00f8r<\/p>\n<p class=\"_paragraph_o9xde_4 _paragraph_xtcu6_10 layout-component text-serif-m layout-normal text-serif-m layout-padded\">Angeli-Chansley, som i dag er 38 \u00e5r, har derfor kunngjort at han vil stille som guvern\u00f8rkandidatguvern\u00f8rkandidatEn guvern\u00f8r er en politisk leder for en delstat i USA, som har ansvar for \u00e5 lede delstatens regjering. i Arizona i november, melder <a href=\"https:\/\/news.sky.com\/story\/qanon-shaman-turns-against-donald-trump-and-says-he-will-run-for-arizona-governor-13491408\" class=\"_link_o9xde_39\" rel=\"nofollow noopener\" target=\"_blank\">Sky News<\/a>. Han planlegger \u00e5 stille som uavhengig kandidatuavhengig kandidatEn uavhengig kandidat tilh\u00f8rer ikke et politisk parti. . <\/p>\n<p class=\"_paragraph_o9xde_4 _paragraph_xtcu6_10 layout-component text-serif-m layout-normal text-serif-m layout-padded\">\u2013 Siden jeg er en av de f\u00e5 som ser ut til \u00e5 ha vettet i behold og forst\u00e5r hva som faktisk foreg\u00e5r i verden, er det etter min oppfatning opp til meg \u00e5 gj\u00f8re noe med disse problemene, sier Angeli-Chansley til avisen. <\/p>\n<p class=\"_paragraph_o9xde_4 _paragraph_xtcu6_10 layout-component text-serif-m layout-normal text-serif-m layout-padded\">Det er ikke f\u00f8rste gang Angeli-Chansley har sagt at han vil forf\u00f8lge en politisk karriere. <\/p>\n<p class=\"_paragraph_o9xde_4 _paragraph_xtcu6_10 layout-component text-serif-m layout-normal text-serif-m layout-padded\">I november annonserte han at han ville stille til valg til kongressen. Den gangen for Det\u00a0libertarianske partiet, som i 2020 var USAs tredje st\u00f8rste partitredje st\u00f8rste partiDet er fortsatt lite. I presidentvalget i 2016 fikk partiet 3,3 prosent av stemmene.. <\/p>\n<p><img alt=\"Jacob Angeli-Chansley i november 2021 i forbindelse med rettssaken mot han.   Foto: AP \/ NTB\" class=\"_image_qp4xg_65 layout-component layout-normal\" data-fullscreen- data-track-element-type=\"Article image fullscreen\" data-track-name=\"ImageFullscreen\" decoding=\"async\" loading=\"lazy\" height=\"2363\" itemprop=\"image\"  src=\"https:\/\/www.europesays.com\/no\/wp-content\/uploads\/2026\/01\/e059fa94-91eb-4616-ae71-1923bc8abee0.jpeg\"  style=\"object-position:0% 0%\" width=\"1904\"\/>Jacob Angeli-Chansley i november 2021 i forbindelse med rettssaken mot han.   Foto: AP \/ NTB<\/p>\n<p class=\"_paragraph_o9xde_4 _paragraph_xtcu6_10 layout-component text-serif-m layout-normal text-serif-m layout-padded\">Angeli-Chansley ble i 2021 <a href=\"https:\/\/www.vg.no\/nyheter\/i\/WjJVmL\/qanon-sjamanen-doemt-til-over-tre-aar-i-fengsel-for-kongressangrepet\" data-track-element-type=\"Link\" data-track-id=\"link:WjJVmL\" class=\"_link_o9xde_39\" rel=\"nofollow noopener\" target=\"_blank\">d\u00f8mt til tre \u00e5r og fem m\u00e5neders ubetinget fengsel<\/a> for sin rolle under stormingen av Kongressen. Det var den strengeste straffen noen av de 675 som var tiltalt etter stormingen. <\/p>\n<p class=\"_paragraph_o9xde_4 _paragraph_xtcu6_10 layout-component text-serif-m layout-normal text-serif-m layout-padded\">Angeli-Chansley var fengslet i 27 m\u00e5neder f\u00f8r han ble l\u00f8slatt i 2023 for god oppf\u00f8rsel. Han fikk ben\u00e5dningben\u00e5dningBen\u00e5dning er en offisiell handling der en person blir fritatt for straff eller f\u00e5r straffen redusert av en myndighetsperson, som for eksempel en president. av Trump i januar i 2024.<\/p>\n","protected":false},"excerpt":{"rendered":"Han stormet kongressen for fire \u00e5r siden. N\u00e5 kaller han Trumps regjering for \u00aben korrupt katastrofe\u00bb. Jacob Angeli-Chansley&hellip;\n","protected":false},"author":2,"featured_media":132628,"comment_status":"","ping_status":"","sticky":false,"template":"","format":"standard","meta":{"footnotes":""},"categories":[12],"tags":[20,21,24,25,15,22,23,13,30,28,29,14,16,26,27,50,42,43,44,45],"class_list":{"0":"post-132627","1":"post","2":"type-post","3":"status-publish","4":"format-standard","5":"has-post-thumbnail","7":"category-verden","8":"tag-breaking-news","9":"tag-breakingnews","10":"tag-featured-news","11":"tag-featurednews","12":"tag-headlines","13":"tag-latest-news","14":"tag-latestnews","15":"tag-news","16":"tag-no","17":"tag-norge","18":"tag-norway","19":"tag-nyheter","20":"tag-overskrifter","21":"tag-top-stories","22":"tag-topstories","23":"tag-usa","24":"tag-verden","25":"tag-world","26":"tag-world-news","27":"tag-worldnews"},"share_on_mastodon":{"url":"https:\/\/pubeurope.com\/@no\/115862793337131597","error":""},"_links":{"self":[{"href":"https:\/\/www.europesays.com\/no\/wp-json\/wp\/v2\/posts\/132627","targetHints":{"allow":["GET"]}}],"collection":[{"href":"https:\/\/www.europesays.com\/no\/wp-json\/wp\/v2\/posts"}],"about":[{"href":"https:\/\/www.europesays.com\/no\/wp-json\/wp\/v2\/types\/post"}],"author":[{"embeddable":true,"href":"https:\/\/www.europesays.com\/no\/wp-json\/wp\/v2\/users\/2"}],"replies":[{"embeddable":true,"href":"https:\/\/www.europesays.com\/no\/wp-json\/wp\/v2\/comments?post=132627"}],"version-history":[{"count":0,"href":"https:\/\/www.europesays.com\/no\/wp-json\/wp\/v2\/posts\/132627\/revisions"}],"wp:featuredmedia":[{"embeddable":true,"href":"https:\/\/www.europesays.com\/no\/wp-json\/wp\/v2\/media\/132628"}],"wp:attachment":[{"href":"https:\/\/www.europesays.com\/no\/wp-json\/wp\/v2\/media?parent=132627"}],"wp:term":[{"taxonomy":"category","embeddable":true,"href":"https:\/\/www.europesays.com\/no\/wp-json\/wp\/v2\/categories?post=132627"},{"taxonomy":"post_tag","embeddable":true,"href":"https:\/\/www.europesays.com\/no\/wp-json\/wp\/v2\/tags?post=132627"}],"curies":[{"name":"wp","href":"https:\/\/api.w.org\/{rel}","templated":true}]}}