{"id":132629,"date":"2026-01-09T02:59:10","date_gmt":"2026-01-09T02:59:10","guid":{"rendered":"https:\/\/www.europesays.com\/no\/132629\/"},"modified":"2026-01-09T02:59:10","modified_gmt":"2026-01-09T02:59:10","slug":"trodde-alt-var-over","status":"publish","type":"post","link":"https:\/\/www.europesays.com\/no\/132629\/","title":{"rendered":"\u2013 Trodde alt var over"},"content":{"rendered":"\n<p class=\"_lead_o9xde_2 _lead_xtcu6_50 layout-component text-serif-m layout-normal text-serif-l layout-component layout-wide layout-padded _wide_17hqh_1 layout-padded\">En uvedkommende skapning p\u00e5 rullebanen satte en skrekk i Thiton That (17). <\/p>\n<p><img alt=\"Thiton That (17) og s\u00f8steren var p\u00e5 vei hjem til Oslo fra en ferietur til Vietnam.  Foto: Privat \" class=\"_image_qp4xg_65 layout-component layout-wide\" data-fullscreen- data-track-element-type=\"Article image fullscreen\" data-track-name=\"ImageFullscreen\" fetchpriority=\"high\" decoding=\"sync\" loading=\"eager\" height=\"1600\" itemprop=\"image\"  src=\"https:\/\/www.europesays.com\/no\/wp-content\/uploads\/2026\/01\/7efa88a2-b621-4c15-85f7-09b25d6ff0ab.jpeg\"  style=\"object-position:0% 0%\" width=\"1200\"\/>Thiton That (17) og s\u00f8steren var p\u00e5 vei hjem til Oslo fra en ferietur til Vietnam.  Foto: Privat <\/p>\n<ul aria-hidden=\"true\" class=\"_images_ntbth_112\">\n<li><a class=\"_link_ntbth_117\" href=\"https:\/\/www.vg.no\/forfatter\/harpreet-kaur-nijjer\" style=\"z-index:2\" title=\"Harpreet Kaur Nijjer\" rel=\"nofollow noopener\" target=\"_blank\"><img alt=\"Bilde av Harpreet Kaur Nijjer\" class=\"_image_ntbth_93\" fetchpriority=\"low\" loading=\"lazy\" decoding=\"async\" itemprop=\"image\"  src=\"https:\/\/www.europesays.com\/no\/wp-content\/uploads\/2026\/01\/1767927548_659_9915841b-33cb-470f-8ab4-1d1650cff10e.jpeg\"  width=\"480\"\/><\/a><\/li>\n<li><a class=\"_link_ntbth_117\" href=\"https:\/\/www.vg.no\/forfatter\/gyrid-friis-edland\" style=\"z-index:1\" title=\"Gyrid Friis Edland\" rel=\"nofollow noopener\" target=\"_blank\"><img alt=\"Bilde av Gyrid Friis Edland\" class=\"_image_ntbth_93\" fetchpriority=\"low\" loading=\"lazy\" decoding=\"async\" itemprop=\"image\"  src=\"https:\/\/www.europesays.com\/no\/wp-content\/uploads\/2026\/01\/eda2caeb-5adb-4a95-823f-1f8f04f5c1a3.jpeg\"  width=\"480\"\/><\/a><\/li>\n<\/ul>\n<p> Oppdatert fredag 9. januar kl. 02:39     <\/p>\n<p class=\"_paragraph_o9xde_4 _paragraph_xtcu6_10 layout-component text-serif-m layout-normal text-serif-m layout-padded\">Thiton That (17) var torsdag om bord p\u00e5 et SAS-fly til Oslo med s\u00f8steren sin, som etter planen skulle lette klokken 11.30 fra Heathrow flyplass i <a href=\"https:\/\/www.vg.no\/tag\/london?utm_source=vg-article&amp;utm_medium=auto-tagger&amp;utm_campaign=n1AR4J\" class=\"_link_o9xde_39\" rel=\"nofollow noopener\" target=\"_blank\">London<\/a>. <\/p>\n<p class=\"_paragraph_o9xde_4 _paragraph_xtcu6_10 layout-component text-serif-m layout-normal text-serif-m layout-padded\">Mens flyet dro fra gaten og kj\u00f8rte mot rullebanen, forteller That at piloten plutselig bremset kraftig. <\/p>\n<p class=\"_paragraph_o9xde_4 _paragraph_xtcu6_10 layout-component text-serif-m layout-normal text-serif-m layout-padded\">\u2013 Beltet tok godt tak og jeg ble nesten kastet fremover, forteller han og legger til at adrenalinet pumpet. <\/p>\n<p class=\"_paragraph_o9xde_4 _paragraph_xtcu6_10 layout-component text-serif-m layout-normal text-serif-m layout-padded\">\u2013 Den f\u00f8rste tanken var at flyet var i ferd med \u00e5 krasje. I ett sekund trodde jeg alt var over, forteller That. <\/p>\n<p class=\"_paragraph_o9xde_4 _paragraph_xtcu6_10 layout-component text-serif-m layout-normal text-serif-m layout-padded\">S\u00e5 kom annonseringen over h\u00f8yttalerne: Det var en rev p\u00e5 rullebanen. <\/p>\n<p>M\u00e5tte inspisere flyet <\/p>\n<p class=\"_paragraph_o9xde_4 _paragraph_xtcu6_10 layout-component text-serif-m layout-normal text-serif-m layout-padded\">That forteller at alle passasjerene begynte \u00e5 se seg rundt etter den kraftige oppbremsingen. <\/p>\n<p class=\"_paragraph_o9xde_4 _paragraph_xtcu6_10 layout-component text-serif-m layout-normal text-serif-m layout-padded\">Han sier at flere var skremt, og at mange raskt begynte \u00e5 spekulere i hva som kunne v\u00e6re \u00e5rsaken. <\/p>\n<p class=\"_paragraph_o9xde_4 _paragraph_xtcu6_10 layout-component text-serif-m layout-normal text-serif-m layout-padded\">\u2013 Flyet kj\u00f8rte tilbake til gaten og vi ble sittende og vente p\u00e5 at noen skulle komme og inspisere flyet, sier han. <\/p>\n<p class=\"_paragraph_o9xde_4 _paragraph_xtcu6_10 layout-component text-serif-m layout-normal text-serif-m layout-padded\">That og s\u00f8steren hadde allerede hatt en lang reisevei til London. Der var de kun for en mellomlanding, etter at de var i Vietnam for \u00e5 feire nytt\u00e5r. <\/p>\n<p class=\"_paragraph_o9xde_4 _paragraph_xtcu6_10 layout-component text-serif-m layout-normal text-serif-m layout-padded\">Forsinkelsen ble p\u00e5 omtrent to timer. <\/p>\n<p>Hender at dyr blir observert <\/p>\n<p class=\"_paragraph_o9xde_4 _paragraph_xtcu6_10 layout-component text-serif-m layout-normal text-serif-m layout-padded\">Ludvig Lorentzen, sjefpilot i SAS, skriver i en e-post til VG at det er sv\u00e6rt sjeldent man opplever at dyr p\u00e5 st\u00f8rrelse med en rev forviller seg ute p\u00e5 rullebanen. <\/p>\n<p class=\"_paragraph_o9xde_4 _paragraph_xtcu6_10 layout-component text-serif-m layout-normal text-serif-m layout-padded\">\u2013 Det hender at vi observerer ulike dyr i omr\u00e5dene tilknyttet flyplassene, og da gir vi t\u00e5rnet beskjed slik at man kan sjekke det ut og forh\u00e5pentligvis s\u00f8rge for at dyret flytter seg.<\/p>\n<p><img alt=\"Ludvig Lorentzen, sjefpilot i SAS  Foto: SAS\" class=\"_image_qp4xg_65 layout-component layout-normal\" data-fullscreen- data-track-element-type=\"Article image fullscreen\" data-track-name=\"ImageFullscreen\" decoding=\"async\" loading=\"lazy\" height=\"4774\" itemprop=\"image\"  src=\"https:\/\/www.europesays.com\/no\/wp-content\/uploads\/2026\/01\/baa65ec7-a82f-476f-9a18-53d7936661f8.jpeg\"  style=\"object-position:0% 0%\" width=\"7157\"\/>Ludvig Lorentzen, sjefpilot i SAS  Foto: SAS<\/p>\n<p class=\"_paragraph_o9xde_4 _paragraph_xtcu6_10 layout-component text-serif-m layout-normal text-serif-m layout-padded\">Lorentzen understreker at sikkerheten alltid er f\u00f8rsteprioritet, og at i dette tilfellet resulterte det i at takeoff ble avbrutt fordi man var usikker p\u00e5 om man hadde truffet reven. <\/p>\n<p class=\"_paragraph_o9xde_4 _paragraph_xtcu6_10 layout-component text-serif-m layout-normal text-serif-m layout-padded\">\u2013 Da kunne det v\u00e6re skader p\u00e5 flyet. Det ble imidlertid raskt sjekket ut, og flygingen ble gjennomf\u00f8rt som vanlig kort tid etterp\u00e5. <\/p>\n<p class=\"_paragraph_o9xde_4 _paragraph_xtcu6_10 layout-component text-serif-m layout-normal text-serif-m layout-padded\">Opprinnelig skulle flyet lande i Oslo klokken 13.50, men if\u00f8lge Lorentzen s\u00f8rget den lille reven for at flyet ikke var framme f\u00f8r 15.42. <\/p>\n<p class=\"_paragraph_o9xde_4 _paragraph_xtcu6_10 layout-component text-serif-m layout-normal text-serif-m layout-padded\">Til tross for at That f\u00f8lte seg litt rystet hele flyturen, forteller han at flygingen gikk fint, og at han n\u00e5 er trygt hjemme i Oslo. <\/p>\n<p>    <img decoding=\"async\" alt=\"Tips oss illustrasjon\" src=\"https:\/\/www.europesays.com\/no\/wp-content\/uploads\/2025\/10\/pssst-small.webp.webp\"\/>    <\/p>\n<p class=\"title-serif-s\">Har du tips?<\/p>\n<p class=\"text-sans-m\">Send oss informasjon, bilder eller video.<\/p>\n<p>  <a href=\"https:\/\/www.vg.no\/tips-oss\" rel=\"nofollow noopener\" target=\"_blank\"> Tips oss <\/a>      <\/p>\n","protected":false},"excerpt":{"rendered":"En uvedkommende skapning p\u00e5 rullebanen satte en skrekk i Thiton That (17). Thiton That (17) og s\u00f8steren var&hellip;\n","protected":false},"author":2,"featured_media":132630,"comment_status":"","ping_status":"","sticky":false,"template":"","format":"standard","meta":{"footnotes":""},"categories":[10],"tags":[31,20,21,24,25,300,15,22,23,863,13,30,28,29,14,16,2599,3283,26,27],"class_list":{"0":"post-132629","1":"post","2":"type-post","3":"status-publish","4":"format-standard","5":"has-post-thumbnail","7":"category-norge","8":"tag-breaking","9":"tag-breaking-news","10":"tag-breakingnews","11":"tag-featured-news","12":"tag-featurednews","13":"tag-fly","14":"tag-headlines","15":"tag-latest-news","16":"tag-latestnews","17":"tag-london","18":"tag-news","19":"tag-no","20":"tag-norge","21":"tag-norway","22":"tag-nyheter","23":"tag-overskrifter","24":"tag-rev","25":"tag-sas","26":"tag-top-stories","27":"tag-topstories"},"share_on_mastodon":{"url":"https:\/\/pubeurope.com\/@no\/115862907359073388","error":""},"_links":{"self":[{"href":"https:\/\/www.europesays.com\/no\/wp-json\/wp\/v2\/posts\/132629","targetHints":{"allow":["GET"]}}],"collection":[{"href":"https:\/\/www.europesays.com\/no\/wp-json\/wp\/v2\/posts"}],"about":[{"href":"https:\/\/www.europesays.com\/no\/wp-json\/wp\/v2\/types\/post"}],"author":[{"embeddable":true,"href":"https:\/\/www.europesays.com\/no\/wp-json\/wp\/v2\/users\/2"}],"replies":[{"embeddable":true,"href":"https:\/\/www.europesays.com\/no\/wp-json\/wp\/v2\/comments?post=132629"}],"version-history":[{"count":0,"href":"https:\/\/www.europesays.com\/no\/wp-json\/wp\/v2\/posts\/132629\/revisions"}],"wp:featuredmedia":[{"embeddable":true,"href":"https:\/\/www.europesays.com\/no\/wp-json\/wp\/v2\/media\/132630"}],"wp:attachment":[{"href":"https:\/\/www.europesays.com\/no\/wp-json\/wp\/v2\/media?parent=132629"}],"wp:term":[{"taxonomy":"category","embeddable":true,"href":"https:\/\/www.europesays.com\/no\/wp-json\/wp\/v2\/categories?post=132629"},{"taxonomy":"post_tag","embeddable":true,"href":"https:\/\/www.europesays.com\/no\/wp-json\/wp\/v2\/tags?post=132629"}],"curies":[{"name":"wp","href":"https:\/\/api.w.org\/{rel}","templated":true}]}}