{"id":132631,"date":"2026-01-09T03:12:10","date_gmt":"2026-01-09T03:12:10","guid":{"rendered":"https:\/\/www.europesays.com\/no\/132631\/"},"modified":"2026-01-09T03:12:10","modified_gmt":"2026-01-09T03:12:10","slug":"foderal-agent-avfyrte-skudd-to-skadd","status":"publish","type":"post","link":"https:\/\/www.europesays.com\/no\/132631\/","title":{"rendered":"F\u00f8deral agent avfyrte skudd: To skadd"},"content":{"rendered":"<p class=\"kicker \" style=\"\">Portland i USA<\/p>\n<p>    En f\u00f8deral agent fra den amerikanske grensevakttjenesten skal ha skutt inn i en bil i Portland i USA, skriver DHS.<\/p>\n<p>\n    Foto: Jenny Kane \/ AP \/ NTB\n  <\/p>\n<p>Hendelsen skal ha funnet sted i forbindelse med en m\u00e5lrettet aksjon mot et kj\u00f8ret\u00f8y, skriver Department of Homeland Security\u00a0(DHS) i en uttalelse.\u00a0<\/p>\n<p>&#8211; Sj\u00e5f\u00f8ren av kj\u00f8ret\u00f8yet antas \u00e5 v\u00e6re medlem av den voldelige venezuelanske gjengen Tren de Aragua. Da agentene identifiserte seg overfor personene i bilen, brukte sj\u00e5f\u00f8ren kj\u00f8ret\u00f8yet som v\u00e5pen og fors\u00f8kte \u00e5 kj\u00f8re ned polititjenestemennene, heter det i uttalelsen fra DHS.\u00a0<\/p>\n<p>&#8211; I frykt for sitt eget liv og sin sikkerhet avfyrte en agent et skudd i selvforsvar, hetere det videre.\u00a0<\/p>\n<blockquote class=\"twitter-tweet\">\n<p lang=\"en\" dir=\"ltr\">At 2:19 PST, US Border Patrol agents were conducting a targeted vehicle stop in Portland, Oregon. The passenger of the vehicle and target is a Venezuelan illegal alien affiliated with the transnational Tren de Aragua prostitution ring and involved in a recent shooting in\u2026<\/p>\n<p>\u2014 Homeland Security (@DHSgov) <a href=\"https:\/\/twitter.com\/DHSgov\/status\/2009427948541993323?ref_src=twsrc%5Etfw\" rel=\"nofollow noopener\" target=\"_blank\">January 9, 2026<\/a><\/p><\/blockquote>\n<p>I en liknende uttalelse fra assisterende sikkerhetsminister Tricia McLaughlin antyder hun imidlertid at det er snakk om flere skudd.\u00a0<\/p>\n<p>I begge uttalelsene heter det videre at sj\u00e5f\u00f8ren kj\u00f8rte fra stedet sammen med passasjeren.<\/p>\n<p>I en n\u00e5 slettet uttalelse skrev FBI i Portland at etterforsker en skytehendelse som fant sted rundt klokken 14.15 lokal tid.<\/p>\n<p>&#8211; Hendelsen involverte tjenestemenn fra toll- og grensemyndighetene, og to personer ble s\u00e5ret. Etterforskningen er fortsatt aktiv og p\u00e5g\u00e5ende og ledes av FBI, het det videre i en uttalelse som n\u00e5 er slettet.<\/p>\n<p>        <img loading=\"lazy\" decoding=\"async\" src=\"https:\/\/www.europesays.com\/no\/wp-content\/uploads\/2026\/01\/84074886.webp.webp\" width=\"980\" height=\"559\" title=\"Foto: Jenny Kane \/ AP \/ NTB\" alt=\"\" class=\"\" style=\"--aspect-ratio-image: 1.75; \"\/><\/p>\n<p>\n        Foto: Jenny Kane \/ AP \/ NTB\n    <\/p>\n<p>Tilstanden til de to, er ukjent, opplyser kilder til en ABC News-tilknyttet lokal stasjon.<\/p>\n<p>Omstendighetene rundt skytingen er s\u00e5 langt uklare.<\/p>\n<p>&#8211; Vi er fortsatt i en tidlig fase av denne hendelsen. Vi forst\u00e5r de sterke f\u00f8lelsene og uroen mange kjenner p\u00e5 i kj\u00f8lvannet av skytingen i Minneapolis, men jeg ber lokalsamfunnet om \u00e5 forholde seg rolig mens vi jobber med \u00e5 f\u00e5 mer informasjon, sier politisjef Bob Day.<\/p>\n<p class=\"italic m-italic\" data-lab-italic=\"italic\">Dagbladet oppdaterer saken<\/p>\n<p><script async src=\"https:\/\/platform.twitter.com\/widgets.js\" charset=\"utf-8\"><\/script><\/p>\n","protected":false},"excerpt":{"rendered":"Portland i USA En f\u00f8deral agent fra den amerikanske grensevakttjenesten skal ha skutt inn i en bil i&hellip;\n","protected":false},"author":2,"featured_media":132632,"comment_status":"","ping_status":"","sticky":false,"template":"","format":"standard","meta":{"footnotes":""},"categories":[12],"tags":[20,21,24,25,15,22,23,13,30,28,29,14,16,26,27,412,42,43,44,45],"class_list":{"0":"post-132631","1":"post","2":"type-post","3":"status-publish","4":"format-standard","5":"has-post-thumbnail","7":"category-verden","8":"tag-breaking-news","9":"tag-breakingnews","10":"tag-featured-news","11":"tag-featurednews","12":"tag-headlines","13":"tag-latest-news","14":"tag-latestnews","15":"tag-news","16":"tag-no","17":"tag-norge","18":"tag-norway","19":"tag-nyheter","20":"tag-overskrifter","21":"tag-top-stories","22":"tag-topstories","23":"tag-utenriks","24":"tag-verden","25":"tag-world","26":"tag-world-news","27":"tag-worldnews"},"share_on_mastodon":{"url":"https:\/\/pubeurope.com\/@no\/115862958393459418","error":""},"_links":{"self":[{"href":"https:\/\/www.europesays.com\/no\/wp-json\/wp\/v2\/posts\/132631","targetHints":{"allow":["GET"]}}],"collection":[{"href":"https:\/\/www.europesays.com\/no\/wp-json\/wp\/v2\/posts"}],"about":[{"href":"https:\/\/www.europesays.com\/no\/wp-json\/wp\/v2\/types\/post"}],"author":[{"embeddable":true,"href":"https:\/\/www.europesays.com\/no\/wp-json\/wp\/v2\/users\/2"}],"replies":[{"embeddable":true,"href":"https:\/\/www.europesays.com\/no\/wp-json\/wp\/v2\/comments?post=132631"}],"version-history":[{"count":0,"href":"https:\/\/www.europesays.com\/no\/wp-json\/wp\/v2\/posts\/132631\/revisions"}],"wp:featuredmedia":[{"embeddable":true,"href":"https:\/\/www.europesays.com\/no\/wp-json\/wp\/v2\/media\/132632"}],"wp:attachment":[{"href":"https:\/\/www.europesays.com\/no\/wp-json\/wp\/v2\/media?parent=132631"}],"wp:term":[{"taxonomy":"category","embeddable":true,"href":"https:\/\/www.europesays.com\/no\/wp-json\/wp\/v2\/categories?post=132631"},{"taxonomy":"post_tag","embeddable":true,"href":"https:\/\/www.europesays.com\/no\/wp-json\/wp\/v2\/tags?post=132631"}],"curies":[{"name":"wp","href":"https:\/\/api.w.org\/{rel}","templated":true}]}}