{"id":132635,"date":"2026-01-09T03:33:07","date_gmt":"2026-01-09T03:33:07","guid":{"rendered":"https:\/\/www.europesays.com\/no\/132635\/"},"modified":"2026-01-09T03:33:07","modified_gmt":"2026-01-09T03:33:07","slug":"donald-trump-varsler-angrep-trump-varsler-landbaserte-angrep-mot-narkokarteller","status":"publish","type":"post","link":"https:\/\/www.europesays.com\/no\/132635\/","title":{"rendered":"Donald Trump, Varsler angrep | Trump varsler landbaserte angrep mot narkokarteller"},"content":{"rendered":"\n<p>\u2013 Vi skal n\u00e5 starte opp med \u00e5 treffe kartellm\u00e5l p\u00e5 land. Kartellene styrer Mexico, sier Trump i et intervju med Fox News-programmet Hannity.<\/p>\n<p>Presidenten oppgir ingen flere detaljer.<\/p>\n<p>USA har de siste m\u00e5nedene angrepet b\u00e5ter som landet mener frakter narkotika i Karibia og i den \u00f8stlige delen av Stillehavet. Flere titalls mennesker er drept i disse b\u00e5tangrepene.<\/p>\n","protected":false},"excerpt":{"rendered":"\u2013 Vi skal n\u00e5 starte opp med \u00e5 treffe kartellm\u00e5l p\u00e5 land. Kartellene styrer Mexico, sier Trump i&hellip;\n","protected":false},"author":2,"featured_media":3844,"comment_status":"","ping_status":"","sticky":false,"template":"","format":"standard","meta":{"footnotes":""},"categories":[12],"tags":[20,21,24,25,15,22,23,13,30,28,29,14,16,26,27,42,43,44,45],"class_list":{"0":"post-132635","1":"post","2":"type-post","3":"status-publish","4":"format-standard","5":"has-post-thumbnail","7":"category-verden","8":"tag-breaking-news","9":"tag-breakingnews","10":"tag-featured-news","11":"tag-featurednews","12":"tag-headlines","13":"tag-latest-news","14":"tag-latestnews","15":"tag-news","16":"tag-no","17":"tag-norge","18":"tag-norway","19":"tag-nyheter","20":"tag-overskrifter","21":"tag-top-stories","22":"tag-topstories","23":"tag-verden","24":"tag-world","25":"tag-world-news","26":"tag-worldnews"},"share_on_mastodon":{"url":"https:\/\/pubeurope.com\/@no\/115863040982498928","error":""},"_links":{"self":[{"href":"https:\/\/www.europesays.com\/no\/wp-json\/wp\/v2\/posts\/132635","targetHints":{"allow":["GET"]}}],"collection":[{"href":"https:\/\/www.europesays.com\/no\/wp-json\/wp\/v2\/posts"}],"about":[{"href":"https:\/\/www.europesays.com\/no\/wp-json\/wp\/v2\/types\/post"}],"author":[{"embeddable":true,"href":"https:\/\/www.europesays.com\/no\/wp-json\/wp\/v2\/users\/2"}],"replies":[{"embeddable":true,"href":"https:\/\/www.europesays.com\/no\/wp-json\/wp\/v2\/comments?post=132635"}],"version-history":[{"count":0,"href":"https:\/\/www.europesays.com\/no\/wp-json\/wp\/v2\/posts\/132635\/revisions"}],"wp:featuredmedia":[{"embeddable":true,"href":"https:\/\/www.europesays.com\/no\/wp-json\/wp\/v2\/media\/3844"}],"wp:attachment":[{"href":"https:\/\/www.europesays.com\/no\/wp-json\/wp\/v2\/media?parent=132635"}],"wp:term":[{"taxonomy":"category","embeddable":true,"href":"https:\/\/www.europesays.com\/no\/wp-json\/wp\/v2\/categories?post=132635"},{"taxonomy":"post_tag","embeddable":true,"href":"https:\/\/www.europesays.com\/no\/wp-json\/wp\/v2\/tags?post=132635"}],"curies":[{"name":"wp","href":"https:\/\/api.w.org\/{rel}","templated":true}]}}