{"id":132636,"date":"2026-01-09T03:40:08","date_gmt":"2026-01-09T03:40:08","guid":{"rendered":"https:\/\/www.europesays.com\/no\/132636\/"},"modified":"2026-01-09T03:40:08","modified_gmt":"2026-01-09T03:40:08","slug":"krigen-i-ukraina-russisk-droneangrep-2","status":"publish","type":"post","link":"https:\/\/www.europesays.com\/no\/132636\/","title":{"rendered":"Krigen i Ukraina, Russisk droneangrep"},"content":{"rendered":"\n<p>To mennesker ble drept i angrepene, som startet like f\u00f8r midnatt, if\u00f8lge lederen for Kyivs milit\u00e6re administrasjon, Tymur Tkatsjenko.<\/p>\n<p>Kyivs ordf\u00f8rer Vitalij Klitsjko har opplyst at tre mennesker ble drept og at seks er s\u00e5ret. En av de drepte var en akuttmedisiner som hadde ankommet en leilighet som ble truffet av to droner, if\u00f8lge ordf\u00f8reren.<\/p>\n<p>Klitsjko sier at to leilighetsbygg p\u00e5 \u00f8stbredden av elva Dnipro ble p\u00e5f\u00f8rt st\u00f8rre \u00f8deleggelser i angrepet. I den ene bygningen ble hele inngangspartiet \u00f8delagt, if\u00f8lge ordf\u00f8reren.<\/p>\n<p>Et h\u00f8ybygg i en annen bydel fikk store \u00f8deleggelser i angrepet, if\u00f8lge Klitsjko.<\/p>\n<p>Tkatsjenko sier at en drone utl\u00f8ste brann i et kj\u00f8pesenter, og at en annen drone falt ned utenfor en helseinstitusjon.<\/p>\n<p>Begge sier at det br\u00f8t ut brann i flere bydeler.<\/p>\n<p>Angrep mot Lviv<\/p>\n<p>De f\u00f8rste meldingene fra Kyiv kom bare minutter etter at Lviv-regionens guvern\u00f8r Maksym Kozytskyj meldte om russisk angrep mot et infrastrukturm\u00e5l. Lviv ligger vest i Ukraina og grenser mot Polen.<\/p>\n<p>Senere p\u00e5 natten ville verken han eller Lvivs ordf\u00f8rer Andrij Sadovyj kommentere antydninger om at Russland kan ha brukt en hypersonisk rakett av typen Oresjnik i angrepet.<\/p>\n<p>Det f\u00e5r bli opp til det ukrainske milit\u00e6ret \u00e5 sl\u00e5 fast om det var en rakett av denne typen, uttalte Sadovyj.<\/p>\n<p>Kozytskyj sa at eksperter unders\u00f8ker omr\u00e5det som ble angrepet.<\/p>\n<p>13.000 kilometer i timen<\/p>\n<p>Ukrainske medier har sitert det ukrainske luftv\u00e5penet p\u00e5 at en ballistisk rakett ble skutt mot Lviv, og at den hadde en hastighet p\u00e5 nesten 13.000 kilometer i timen. Men det er ikke sl\u00e5tt fast hvilken type rakett det dreide seg om.<\/p>\n<p>Russland tok for f\u00f8rste gang i bruk en hypersonisk Oresjnik-rakett mot den ukrainske byen Dnipro i november 2024.<\/p>\n<p>Russlands president Vladimir Putin har sagt at Oresjniks \u00f8deleggende evne er sammenlignbart med et atomv\u00e5pen, selv om raketten er utstyrt med konvensjonelt stridshode.<\/p>\n<p>Landsomfattende luftvernsirener<\/p>\n<p>USAs ambassade i Kyiv advarte tidligere torsdag om faren for et st\u00f8rre luftangrep mot Ukraina.<\/p>\n<p>\u2013 Den amerikanske ambassaden i Kyiv har f\u00e5tt informasjon om et potensielt betydelig luftangrep som kan finne sted n\u00e5r som helst i l\u00f8pet av de neste dagene. Ambassaden anbefaler, som alltid, at amerikanske borgere forbereder seg p\u00e5 \u00e5 s\u00f8ke tilflukt umiddelbart hvis luftvernsirenene g\u00e5r, st\u00e5r det p\u00e5 <a rel=\"noopener nofollow\" href=\"https:\/\/ua.usembassy.gov\/security-alert-u-s-embassy-kyiv-ukraine-january-8-2026\/\" target=\"_blank\">ambassadens nettside<\/a>.<\/p>\n<p>Luftvernsirenene ble utl\u00f8st over hele Ukraina natt til fredag. I Kyiv gikk alarmen fortsatt da det var g\u00e5tt mer enn tre timer siden de f\u00f8rste dronene angrep.<\/p>\n<p>  <a href=\"https:\/\/www.nettavisen.no\/5-95-2815463\" class=\"related-teaser has-image nettavisen-story-teaser article--c-eRUmMG article--c-eRUmMG-fZoQSp-design-nettavisen article--c-eRUmMG-eTlODu-cv\" rel=\"nofollow noopener\" target=\"_blank\"><\/p>\n<p>    <img decoding=\"async\" loading=\"lazy\"  src=\"https:\/\/www.europesays.com\/no\/wp-content\/uploads\/2026\/01\/1767930008_29_NTB_UQWwv8e4lfQ.jpg\" alt=\"\" class=\"brick-c-cFOWSL\" style=\"\"\/><\/p>\n<p>\n            Les ogs\u00e5<\/p>\n<p>              USA advarer Ukraina: \u2013 Vi har informasjon om et stort angrep\n        <\/p>\n<p>  <\/a><\/p>\n","protected":false},"excerpt":{"rendered":"To mennesker ble drept i angrepene, som startet like f\u00f8r midnatt, if\u00f8lge lederen for Kyivs milit\u00e6re administrasjon, Tymur&hellip;\n","protected":false},"author":2,"featured_media":3844,"comment_status":"","ping_status":"","sticky":false,"template":"","format":"standard","meta":{"footnotes":""},"categories":[12],"tags":[20,21,24,25,15,22,23,13,30,28,29,14,16,26,27,42,43,44,45],"class_list":{"0":"post-132636","1":"post","2":"type-post","3":"status-publish","4":"format-standard","5":"has-post-thumbnail","7":"category-verden","8":"tag-breaking-news","9":"tag-breakingnews","10":"tag-featured-news","11":"tag-featurednews","12":"tag-headlines","13":"tag-latest-news","14":"tag-latestnews","15":"tag-news","16":"tag-no","17":"tag-norge","18":"tag-norway","19":"tag-nyheter","20":"tag-overskrifter","21":"tag-top-stories","22":"tag-topstories","23":"tag-verden","24":"tag-world","25":"tag-world-news","26":"tag-worldnews"},"share_on_mastodon":{"url":"https:\/\/pubeurope.com\/@no\/115863068525328920","error":""},"_links":{"self":[{"href":"https:\/\/www.europesays.com\/no\/wp-json\/wp\/v2\/posts\/132636","targetHints":{"allow":["GET"]}}],"collection":[{"href":"https:\/\/www.europesays.com\/no\/wp-json\/wp\/v2\/posts"}],"about":[{"href":"https:\/\/www.europesays.com\/no\/wp-json\/wp\/v2\/types\/post"}],"author":[{"embeddable":true,"href":"https:\/\/www.europesays.com\/no\/wp-json\/wp\/v2\/users\/2"}],"replies":[{"embeddable":true,"href":"https:\/\/www.europesays.com\/no\/wp-json\/wp\/v2\/comments?post=132636"}],"version-history":[{"count":0,"href":"https:\/\/www.europesays.com\/no\/wp-json\/wp\/v2\/posts\/132636\/revisions"}],"wp:featuredmedia":[{"embeddable":true,"href":"https:\/\/www.europesays.com\/no\/wp-json\/wp\/v2\/media\/3844"}],"wp:attachment":[{"href":"https:\/\/www.europesays.com\/no\/wp-json\/wp\/v2\/media?parent=132636"}],"wp:term":[{"taxonomy":"category","embeddable":true,"href":"https:\/\/www.europesays.com\/no\/wp-json\/wp\/v2\/categories?post=132636"},{"taxonomy":"post_tag","embeddable":true,"href":"https:\/\/www.europesays.com\/no\/wp-json\/wp\/v2\/tags?post=132636"}],"curies":[{"name":"wp","href":"https:\/\/api.w.org\/{rel}","templated":true}]}}