{"id":132639,"date":"2026-01-09T03:51:16","date_gmt":"2026-01-09T03:51:16","guid":{"rendered":"https:\/\/www.europesays.com\/no\/132639\/"},"modified":"2026-01-09T03:51:16","modified_gmt":"2026-01-09T03:51:16","slug":"ble-bare-30-ar","status":"publish","type":"post","link":"https:\/\/www.europesays.com\/no\/132639\/","title":{"rendered":"Ble bare 30 \u00e5r"},"content":{"rendered":"<p class=\"kicker \" style=\"\">Mistet forloveden:<\/p>\n<p>    \u00c5tte m\u00e5neder etter at kreften spredte seg i hele kroppen er realitystjernen n\u00e5 d\u00f8d.\u00a0\u00abMitt livs kj\u00e6rlighet\u00bb, skriver forloveden i hjerteskj\u00e6rende innlegg.<\/p>\n<p>\n    STORMFORELSKET: Turtelduene fant tonen p\u00e5 TV-skjermen. N\u00e5 er kj\u00e6rlighetshistorien over p\u00e5 tragisk vis. Foto: Skjermbilde fra Instagram\/@glennvindfeldt\n  <\/p>\n<p>Realityprofilen Glenn Vindfeldt er d\u00f8d, bare 30 \u00e5r gammel. Den danske deltakeren fra \u00abStranded on Honeymoon Island Danmark\u00bb sovnet stille inn 5. januar etter en kamp mot kreft.\u00a0<\/p>\n<p>Vindfeldt m\u00f8tte forloveden Cecilie Alb\u00e6k i datingprogrammet v\u00e5ren 2025, der de forelsket seg og holdt sammen ogs\u00e5 etter innspillingen.\u00a0<\/p>\n<p>    <a itemprop=\"url\" href=\"https:\/\/www.seher.no\/kjendis\/uhelbredelig-syk\/84069685\" rel=\"nofollow noopener\" target=\"_blank\"><\/p>\n<p>        <img loading=\"lazy\" decoding=\"async\" src=\"https:\/\/www.europesays.com\/no\/wp-content\/uploads\/2026\/01\/1767930672_856_84070991.webp.webp\" width=\"147\" height=\"98\" title=\"Uhelbredelig syk\" alt=\"\" class=\"lazyload\" style=\"--aspect-ratio-image: 1.50; \"\/><\/p>\n<p>        Uhelbredelig syk<\/p>\n<p>    <\/a><\/p>\n<p>Men da livet skulle v\u00e6rt p\u00e5 sitt beste, kom den forferdelige beskjeden &#8211; Glenn hadde f\u00e5tt uhelbredelig brystkreft som hadde spredt seg i hele kroppen.<\/p>\n<p>&#8211; Uhelbredelig\t<\/p>\n<p>F\u00f8rst trodde han at han hadde f\u00e5tt influensa, etter at han begynte \u00e5 bli d\u00e5rligere og fikk pustevansker.<\/p>\n<p>        ANGSTANFALL: Det ble en dramatisk start p\u00e5 \u00abFarmen kjendis\u00bb-oppholdet for komiker Jonas Lihaug Fredriksen. Reporter: Nora Skavhaug. Video: Sanne Holt\/ TV 2\/ R\u00f8d L\u00f8per<\/p>\n<p>Han kastet opp hver dag og gikk ned 19 kilo p\u00e5 en m\u00e5ned, og da han endelig s\u00f8kte hjelp, fant legene en kul i h\u00f8yre bryst.<\/p>\n<p>        <img loading=\"lazy\" decoding=\"async\" src=\"https:\/\/www.europesays.com\/no\/wp-content\/uploads\/2026\/01\/84074237.webp.webp\" width=\"667\" height=\"667\" title=\"TRAGEDIE: Realitystjernen tapte kampen mot kreftsykdommen. Foto: Skjermbilde fra Instagram\/@glennvindfeldt\" alt=\"\" class=\"\" style=\"--aspect-ratio-image: 1.00; \"\/><\/p>\n<p>\n        TRAGEDIE: Realitystjernen tapte kampen mot kreftsykdommen. Foto: Skjermbilde fra Instagram\/@glennvindfeldt\n    <\/p>\n<p>Kulen, som han hadde kjent til og unders\u00f8kt tidligere, hadde blitt hard og viste seg \u00e5 v\u00e6re brystkreft. Men det som gjorde vondt verre, var at sykdommen hadde spredt seg til lymfesystemet, binyrene og skjelettet.<\/p>\n<p>&#8211; N\u00e5r det f\u00f8rst har truffet beinene, blir det uhelbredelig, sa Glenn i en podkast sommeren 2025, if\u00f8lge danske <a href=\"https:\/\/www.seoghoer.dk\/reality\/dansk-realitypar-lever-i-doedens-skygge-glenn-vindfeldt-fra-stranded-honeymoon-island-er\" rel=\"nofollow noopener\" target=\"_blank\">Se og H\u00f8r<\/a>.<\/p>\n<p>    <a itemprop=\"url\" href=\"https:\/\/www.seher.no\/kjendis\/dodsarsaken-er-klar\/84069138\" rel=\"nofollow noopener\" target=\"_blank\"><\/p>\n<p>        <img loading=\"lazy\" decoding=\"async\" src=\"https:\/\/www.europesays.com\/no\/wp-content\/uploads\/2026\/01\/84069187.webp.webp\" width=\"980\" height=\"441\" title=\"D\u00f8ds\u00e5rsaken er klar\" alt=\"\" class=\"lazyload\" style=\"--aspect-ratio-image: 2.22; \"\/><\/p>\n<p>        D\u00f8ds\u00e5rsaken er klar<\/p>\n<p>    <\/a><\/p>\n<p>    Brystkreft hos menn<\/p>\n<p> Menn f\u00e5r ofte stilt brystkreftdiagnose sent p\u00e5 grunn av mangel p\u00e5 kunnskap om at de ogs\u00e5 kan rammes. Menn har brystvev hvor det kan utvikles kreftsvulster, og det er omtrent 30 menn som f\u00e5r stilt en brystkreftdiagnose \u00e5rlig. <\/p>\n<p> Det mest vanlige symptomet er en kul n\u00e6r sentrum av brystet, tett opp til brystvorten. Det er her brystvevet normalt sitter hos menn. Dette utelukker imidlertid ikke at svulster ogs\u00e5 kan oppst\u00e5 et stykke unna brystvorten.\u00a0<\/p>\n<p>Andre symptomer kan v\u00e6re at brystvorten trekker seg innover, s\u00e5r p\u00e5 brystet som ikke vil gro og hovne lymfeknuter i armhulen. <\/p>\n<p>(<a href=\"https:\/\/www.brystkreftforeningen.no\/om-brystkreft\/brystkreft-hos-menn\/\" rel=\"nofollow noopener\" target=\"_blank\">brystkreftforeningen.no<\/a>)<\/p>\n<p>      Vis mer<br \/>\n      Vis mindre<\/p>\n<p>I podkasten br\u00f8t Cecilie sammen i gr\u00e5t n\u00e5r hun beskrev reaksjonen p\u00e5 den umulige diagnosen.<\/p>\n<p>&#8211; Det er egentlig hele dr\u00f8mmen din som bare blir knust. Jeg hadde sett for meg at vi skulle bli gamle sammen, se barna v\u00e5re f\u00e5 barn, tilbringe 50 julafter sammen, fortalte hun i podkasten.<\/p>\n<p>        <img loading=\"lazy\" decoding=\"async\" src=\"https:\/\/www.europesays.com\/no\/wp-content\/uploads\/2026\/01\/84074233.webp.webp\" width=\"686\" height=\"686\" title=\"STOR ST\u00d8TTE: Glenn hyllet forloveden for den store st\u00f8tten gjennom sykdomskampen. Foto: Skjermbilde fra Instagram\/@glennvindfeldt\" alt=\"\" class=\"\" style=\"--aspect-ratio-image: 1.00; \"\/><\/p>\n<p>\n        STOR ST\u00d8TTE: Glenn hyllet forloveden for den store st\u00f8tten gjennom sykdomskampen. Foto: Skjermbilde fra Instagram\/@glennvindfeldt\n    <\/p>\n<p>&#8211; Kjempet s\u00e5 utrolig hardt\t<\/p>\n<p>Torsdag gikk Cecilie ut med den hjerteskj\u00e6rende beskjeden om at Glenn hadde sovnet stille inn.<\/p>\n<p> \u00abMin forlovede. Min sjelevenn. Min latter, mitt lys og mitt livs kj\u00e6rlighet er d\u00f8d\u00bb, innleder hun i et f\u00f8lelsesladd innlegg p\u00e5 Instagram. <\/p>\n<p>Forloveden hyller influenseren for \u00e5 ha kjempet hardt mot kreften og understerker at hun er stolt av ham og det mennesket han var.<\/p>\n<p>\u00abVi kjente hverandre bare i 418 dager &#8211; for f\u00e5 dager. Men Glenn klarte \u00e5 gj\u00f8re meg til verdens lykkeligste kvinne\u00bb, skriver hun i et f\u00f8lelsesladd innlegg p\u00e5 Instagram.<\/p>\n<p>        FORRVERRET: Fredag morgen ble det kjent at kronprinsesse Mette-Marits lungesykdom har blitt kraftig forverret. Overlege Are Martin Holm forteller om en mulig operasjon til NRK.<br \/>\nVideo: NRK <\/p>\n<p>Senere i januar skal programmet \u00abMin sista g\u00e5va\u00bb, som handler om Glenns sykdomskamp, sendes p\u00e5 den danske kanalen DR.<\/p>\n","protected":false},"excerpt":{"rendered":"Mistet forloveden: \u00c5tte m\u00e5neder etter at kreften spredte seg i hele kroppen er realitystjernen n\u00e5 d\u00f8d.\u00a0\u00abMitt livs kj\u00e6rlighet\u00bb,&hellip;\n","protected":false},"author":2,"featured_media":132640,"comment_status":"","ping_status":"","sticky":false,"template":"","format":"standard","meta":{"footnotes":""},"categories":[58],"tags":[576,4104,71,2229,479,30,28,29,9266,72],"class_list":{"0":"post-132639","1":"post","2":"type-post","3":"status-publish","4":"format-standard","5":"has-post-thumbnail","7":"category-underholdning","8":"tag-dodsfall","9":"tag-eksklusivt","10":"tag-entertainment","11":"tag-influenser","12":"tag-kjendis","13":"tag-no","14":"tag-norge","15":"tag-norway","16":"tag-realitystjerne","17":"tag-underholdning"},"share_on_mastodon":{"url":"https:\/\/pubeurope.com\/@no\/115863111774933775","error":""},"_links":{"self":[{"href":"https:\/\/www.europesays.com\/no\/wp-json\/wp\/v2\/posts\/132639","targetHints":{"allow":["GET"]}}],"collection":[{"href":"https:\/\/www.europesays.com\/no\/wp-json\/wp\/v2\/posts"}],"about":[{"href":"https:\/\/www.europesays.com\/no\/wp-json\/wp\/v2\/types\/post"}],"author":[{"embeddable":true,"href":"https:\/\/www.europesays.com\/no\/wp-json\/wp\/v2\/users\/2"}],"replies":[{"embeddable":true,"href":"https:\/\/www.europesays.com\/no\/wp-json\/wp\/v2\/comments?post=132639"}],"version-history":[{"count":0,"href":"https:\/\/www.europesays.com\/no\/wp-json\/wp\/v2\/posts\/132639\/revisions"}],"wp:featuredmedia":[{"embeddable":true,"href":"https:\/\/www.europesays.com\/no\/wp-json\/wp\/v2\/media\/132640"}],"wp:attachment":[{"href":"https:\/\/www.europesays.com\/no\/wp-json\/wp\/v2\/media?parent=132639"}],"wp:term":[{"taxonomy":"category","embeddable":true,"href":"https:\/\/www.europesays.com\/no\/wp-json\/wp\/v2\/categories?post=132639"},{"taxonomy":"post_tag","embeddable":true,"href":"https:\/\/www.europesays.com\/no\/wp-json\/wp\/v2\/tags?post=132639"}],"curies":[{"name":"wp","href":"https:\/\/api.w.org\/{rel}","templated":true}]}}