{"id":132641,"date":"2026-01-09T03:55:18","date_gmt":"2026-01-09T03:55:18","guid":{"rendered":"https:\/\/www.europesays.com\/no\/132641\/"},"modified":"2026-01-09T03:55:18","modified_gmt":"2026-01-09T03:55:18","slug":"helse-influensa-influensatoppen-kan-vere-nadd-i-store-delar-av-landet","status":"publish","type":"post","link":"https:\/\/www.europesays.com\/no\/132641\/","title":{"rendered":"Helse, Influensa | Influensatoppen kan vere n\u00e5dd i store delar av landet"},"content":{"rendered":"\n<p>I <a href=\"https:\/\/www.fhi.no\/publ\/statusrapporter\/luftveisinfeksjoner\/\" rel=\"nofollow noopener\" target=\"_blank\">vekerapporten<\/a> som vart publisert onsdag, g\u00e5r det fram at delen pr\u00f8ver med p\u00e5vist influensavirus har g\u00e5tt noko ned dei siste to vekene.<\/p>\n<p>I veke ein var delen h\u00f8gast i Innlandet, Telemark, M\u00f8re og Romsdal og Tr\u00f8ndelag. <\/p>\n<p>I nokre fylke, som Rogaland og Vestland, har influensautbrotet starta noko seinare, s\u00e5 det er mogleg at smittetoppen ikkje er n\u00e5dd der enno<\/p>\n<p>Talet p\u00e5 sjukehusinnleggingar er ogs\u00e5 p\u00e5 veg ned. Den f\u00f8rste veka i \u00e5r er det rapportert om 665 sjukehusinnleggingar med influensa. I juleveka var talet 731. <\/p>\n<p>I perioden fr\u00e5 veke 42 i fjor haust til veke ein no i januar er det meldt om 102 innleggingar i intensivavdelingar p\u00e5 grunn av influensa. Talet er vesentleg h\u00f8gare enn i same periode i 2024\/25 d\u00e5 det var 44 innleggingar og i 2023\/24 d\u00e5 det var 85. I vintersesongen for tre \u00e5r sidan var talet likevel h\u00f8gare med 114 intensivinnleggingar.<\/p>\n<p>Folkehelseinstituttet opplyser ogs\u00e5 at talet p\u00e5 pr\u00f8ver med p\u00e5vist korona forkj\u00f8lingsvirus aukar. F\u00f8rekomsten av Rs-virusinfeksjon er ogs\u00e5 aukande, men p\u00e5 eit l\u00e5gt niv\u00e5.<\/p>\n","protected":false},"excerpt":{"rendered":"I vekerapporten som vart publisert onsdag, g\u00e5r det fram at delen pr\u00f8ver med p\u00e5vist influensavirus har g\u00e5tt noko&hellip;\n","protected":false},"author":2,"featured_media":4378,"comment_status":"","ping_status":"","sticky":false,"template":"","format":"standard","meta":{"footnotes":""},"categories":[10],"tags":[36,20,21,24,25,15,736,7141,22,23,13,30,28,29,14,16,15331,1510,26,27],"class_list":{"0":"post-132641","1":"post","2":"type-post","3":"status-publish","4":"format-standard","5":"has-post-thumbnail","7":"category-norge","8":"tag-art","9":"tag-breaking-news","10":"tag-breakingnews","11":"tag-featured-news","12":"tag-featurednews","13":"tag-headlines","14":"tag-helse","15":"tag-influensa","16":"tag-latest-news","17":"tag-latestnews","18":"tag-news","19":"tag-no","20":"tag-norge","21":"tag-norway","22":"tag-nyheter","23":"tag-overskrifter","24":"tag-sjukdom","25":"tag-story","26":"tag-top-stories","27":"tag-topstories"},"share_on_mastodon":{"url":"https:\/\/pubeurope.com\/@no\/115863127501314751","error":""},"_links":{"self":[{"href":"https:\/\/www.europesays.com\/no\/wp-json\/wp\/v2\/posts\/132641","targetHints":{"allow":["GET"]}}],"collection":[{"href":"https:\/\/www.europesays.com\/no\/wp-json\/wp\/v2\/posts"}],"about":[{"href":"https:\/\/www.europesays.com\/no\/wp-json\/wp\/v2\/types\/post"}],"author":[{"embeddable":true,"href":"https:\/\/www.europesays.com\/no\/wp-json\/wp\/v2\/users\/2"}],"replies":[{"embeddable":true,"href":"https:\/\/www.europesays.com\/no\/wp-json\/wp\/v2\/comments?post=132641"}],"version-history":[{"count":0,"href":"https:\/\/www.europesays.com\/no\/wp-json\/wp\/v2\/posts\/132641\/revisions"}],"wp:featuredmedia":[{"embeddable":true,"href":"https:\/\/www.europesays.com\/no\/wp-json\/wp\/v2\/media\/4378"}],"wp:attachment":[{"href":"https:\/\/www.europesays.com\/no\/wp-json\/wp\/v2\/media?parent=132641"}],"wp:term":[{"taxonomy":"category","embeddable":true,"href":"https:\/\/www.europesays.com\/no\/wp-json\/wp\/v2\/categories?post=132641"},{"taxonomy":"post_tag","embeddable":true,"href":"https:\/\/www.europesays.com\/no\/wp-json\/wp\/v2\/tags?post=132641"}],"curies":[{"name":"wp","href":"https:\/\/api.w.org\/{rel}","templated":true}]}}