{"id":132642,"date":"2026-01-09T03:58:14","date_gmt":"2026-01-09T03:58:14","guid":{"rendered":"https:\/\/www.europesays.com\/no\/132642\/"},"modified":"2026-01-09T03:58:14","modified_gmt":"2026-01-09T03:58:14","slug":"katy-perry-og-justin-trudeau-nye-bilder-bekrefter-romanse-2","status":"publish","type":"post","link":"https:\/\/www.europesays.com\/no\/132642\/","title":{"rendered":"Katy Perry og Justin Trudeau: Nye bilder bekrefter romanse"},"content":{"rendered":"<p class=\"kicker \" style=\"\">Katy Perry og Justin Trudeau:<\/p>\n<p>    Romansen har utviklet seg med stormskritt, og det lykkelige paret str\u00e5ler.<\/p>\n<p>\n    KYSS P\u00c5 KINNET: Turtelduene g\u00e5r fremdeles langt i \u00e5 bekrefte forholdet. Foto: @katyperry \/ Instagram\n  <\/p>\n<p>Katy Perry (41) har den siste tiden v\u00e6rt gjenstand for stor oppmerksomhet etter at hun ble avbildet tett p\u00e5 Canadas tidligere statsminister Justin Trudeau (53).<\/p>\n<p>    <a itemprop=\"url\" href=\"https:\/\/www.seher.no\/kjendis\/greys-anatomy-stjerne-roper-sjelden-diagnose\/84061072\" rel=\"nofollow noopener\" target=\"_blank\"><\/p>\n<p>        <img loading=\"lazy\" decoding=\"async\" src=\"https:\/\/www.europesays.com\/no\/wp-content\/uploads\/2026\/01\/1767931091_556_84061627.webp.webp\" width=\"147\" height=\"98\" title=\"\u00abGrey's Anatomy\u00bb-stjerne r\u00f8per sjelden diagnose\" alt=\"\" class=\"lazyload\" style=\"--aspect-ratio-image: 1.50; \"\/><\/p>\n<p>        \u00abGrey&#8217;s Anatomy\u00bb-stjerne r\u00f8per sjelden diagnose<\/p>\n<p>    <\/a><\/p>\n<p>Bildene, som f\u00f8rst ble publisert av TMZ, viste Perry og Trudeau sammen p\u00e5 en yacht. P\u00e5 flere av bildene ser de avslappet og n\u00e6re ut, og Trudeau kysset blant annet popstjernen p\u00e5 kinnet. <a href=\"https:\/\/www.seher.no\/kjendis\/superstjernen-tatt-pa-fersken\/83713214\" rel=\"nofollow noopener\" target=\"_blank\">Bildene f\u00f8rte raskt til spekulasjoner om et mulig forhold.<\/a><\/p>\n<p>        ROMANSERYKTER: Sondre Sundby har endelig f\u00e5tt seg kj\u00e6reste, men r\u00f8per at dama kan bli sjalu p\u00e5 forholdet hans til \u00abFarmen kjendis\u00bb-kollegaen. Reporter: Thea Hope\/Nora Skavhaug. Video: Sanne Holt\/ TV 2\/ R\u00f8d L\u00f8per<\/p>\n<p>Perry avsluttet i fjor forholdet med Orlando Bloom (48) etter n\u00e6rmere ti \u00e5r. De har datteren Daisy (5) sammen. If\u00f8lge kilder skal bruddet ha kommet som f\u00f8lge av kommunikasjonsproblemer over tid, samt timeplaner som ikke gikk overens.<\/p>\n<p>        <img loading=\"lazy\" decoding=\"async\" src=\"https:\/\/www.europesays.com\/no\/wp-content\/uploads\/2026\/01\/84070695.webp.webp\" width=\"686\" height=\"515\" title=\"ROMANTIKK I LUFTA: Duoen skal etter alt \u00e5 d\u00f8mme ha funnet tonen. Foto: SWNS\/ NTB\" alt=\"\" class=\"\" style=\"--aspect-ratio-image: 1.33; \"\/><\/p>\n<p>\n        ROMANTIKK I LUFTA: Duoen skal etter alt \u00e5 d\u00f8mme ha funnet tonen. Foto: SWNS\/ NTB\n    <\/p>\n<p>Justin Trudeau har v\u00e6rt singel siden 2023, da han og Sophie Gr\u00e9goire Trudeau gikk hver til sitt etter 18 \u00e5r som ektepar. Tidligere i 2025 trakk han seg ogs\u00e5 som leder for Canadas liberale parti.<\/p>\n<p>Bekreftet gladnyhet\t<\/p>\n<p>Etter flere m\u00e5neder med spekulasjoner valgte de \u00e5\u00a0\u00abg\u00e5 offentlig\u00bb.<\/p>\n<p>    <a itemprop=\"url\" href=\"https:\/\/www.seher.no\/kjendis\/na-er-det-avslort\/84069639\" rel=\"nofollow noopener\" target=\"_blank\"><\/p>\n<p>        <img loading=\"lazy\" decoding=\"async\" src=\"https:\/\/www.europesays.com\/no\/wp-content\/uploads\/2026\/01\/1767931092_992_84069645.webp.webp\" width=\"147\" height=\"98\" title=\"N\u00e5 er det avsl\u00f8rt\" alt=\"\" class=\"lazyload\" style=\"--aspect-ratio-image: 1.50; \"\/><\/p>\n<p>        N\u00e5 er det avsl\u00f8rt<\/p>\n<p>    <\/a><\/p>\n<p>I desember delte Katy Perry en rekke bilder fra Japan p\u00e5 Instagram, der hun var p\u00e5 turn\u00e9. Flere av bildene viste henne sammen med Justin Trudeau.<\/p>\n<p>P\u00e5 ett av bildene poserte de tett sammen i en selfie, mens et annet klipp viste dem sittende side om side under en middag. <a href=\"https:\/\/www.seher.no\/kjendis\/bekrefter-gladnyhet\/83948395\" rel=\"nofollow noopener\" target=\"_blank\">Bildene ble raskt tolket som en bekreftelse p\u00e5 at duoen er mer enn bare venner<\/a>.<\/p>\n<p>        <img loading=\"lazy\" decoding=\"async\" src=\"https:\/\/www.europesays.com\/no\/wp-content\/uploads\/2026\/01\/84070727.webp.webp\" width=\"686\" height=\"858\" title=\"STJERNEPAR: Katy Perry og Justin Trudeau gjorde sin debut med en rekke bilder og videoer delt p\u00e5 Instagram. Foto: @katyperry \/ Instagram\" alt=\"\" class=\"\" style=\"--aspect-ratio-image: 0.80; \"\/><\/p>\n<p>\n        STJERNEPAR: Katy Perry og Justin Trudeau gjorde sin debut med en rekke bilder og videoer delt p\u00e5 Instagram. Foto: @katyperry \/ Instagram\n    <\/p>\n<p>Under oppholdet i Japan omtalte ogs\u00e5 tidligere statsminister Fumio Kishida Perry som Trudeaus \u00abpartner\u00bb, noe som ytterligere bidro til \u00e5 forsterke inntrykket av at forholdet er reelt.<\/p>\n<p>Deler nye bilder\t<\/p>\n<p>Nylig delte Perry et nytt bildealbum p\u00e5 Instagram med tittelen \u00abHolidaze\u00bb.<\/p>\n<p>Her publiserte hun blant annet et bilde der hun kysser Justin Trudeau p\u00e5 kinnet, tatt i det som ser ut til \u00e5 v\u00e6re idylliske ferieomgivelser, skriver blant andre <a href=\"https:\/\/people.com\/katy-perry-kisses-boyfriend-justin-trudeau-in-holidaze-photo-dump-11881292\" rel=\"nofollow noopener\" target=\"_blank\">People<\/a>.<\/p>\n<p>Albumet inneholder ogs\u00e5 bilder fra julefeiring og fritidsaktiviteter, inkludert et bilde der b\u00e5de Orlando Bloom og datteren Daisy er med.<\/p>\n<p>        FEIRING: De forskjellige kongehusene har mye p\u00e5 tapeten i 2026, men det er ikke sikkert at alt g\u00e5r som planlagt for kronprinsesse Mette-Marit og kronprins Haakon. Video: Swedish Press Agency \/ H\u00e5vard Bj\u00f8rnerem &#8211; Se og H\u00f8r \/\/ Foto: NTB<\/p>\n<p>Flere har ogs\u00e5 lagt merke til at Perry i bildene b\u00e6rer et smykke med et l\u00f8nneblad &#8211; et symbol som ofte forbindes med Canada &#8211; noe som har f\u00f8rt til ytterligere spekulasjoner blant fans.<\/p>\n","protected":false},"excerpt":{"rendered":"Katy Perry og Justin Trudeau: Romansen har utviklet seg med stormskritt, og det lykkelige paret str\u00e5ler. KYSS P\u00c5&hellip;\n","protected":false},"author":2,"featured_media":132643,"comment_status":"","ping_status":"","sticky":false,"template":"","format":"standard","meta":{"footnotes":""},"categories":[58],"tags":[71,10092,4883,8706,3007,479,2543,30,28,29,8869,6799,72],"class_list":{"0":"post-132642","1":"post","2":"type-post","3":"status-publish","4":"format-standard","5":"has-post-thumbnail","7":"category-underholdning","8":"tag-entertainment","9":"tag-forhold","10":"tag-instagram","11":"tag-justin-trudeau","12":"tag-katy-perry","13":"tag-kjendis","14":"tag-kjendisdesken","15":"tag-no","16":"tag-norge","17":"tag-norway","18":"tag-orlando-bloom","19":"tag-romanse","20":"tag-underholdning"},"share_on_mastodon":{"url":"https:\/\/pubeurope.com\/@no\/115863139354025370","error":""},"_links":{"self":[{"href":"https:\/\/www.europesays.com\/no\/wp-json\/wp\/v2\/posts\/132642","targetHints":{"allow":["GET"]}}],"collection":[{"href":"https:\/\/www.europesays.com\/no\/wp-json\/wp\/v2\/posts"}],"about":[{"href":"https:\/\/www.europesays.com\/no\/wp-json\/wp\/v2\/types\/post"}],"author":[{"embeddable":true,"href":"https:\/\/www.europesays.com\/no\/wp-json\/wp\/v2\/users\/2"}],"replies":[{"embeddable":true,"href":"https:\/\/www.europesays.com\/no\/wp-json\/wp\/v2\/comments?post=132642"}],"version-history":[{"count":0,"href":"https:\/\/www.europesays.com\/no\/wp-json\/wp\/v2\/posts\/132642\/revisions"}],"wp:featuredmedia":[{"embeddable":true,"href":"https:\/\/www.europesays.com\/no\/wp-json\/wp\/v2\/media\/132643"}],"wp:attachment":[{"href":"https:\/\/www.europesays.com\/no\/wp-json\/wp\/v2\/media?parent=132642"}],"wp:term":[{"taxonomy":"category","embeddable":true,"href":"https:\/\/www.europesays.com\/no\/wp-json\/wp\/v2\/categories?post=132642"},{"taxonomy":"post_tag","embeddable":true,"href":"https:\/\/www.europesays.com\/no\/wp-json\/wp\/v2\/tags?post=132642"}],"curies":[{"name":"wp","href":"https:\/\/api.w.org\/{rel}","templated":true}]}}