{"id":132644,"date":"2026-01-09T04:02:22","date_gmt":"2026-01-09T04:02:22","guid":{"rendered":"https:\/\/www.europesays.com\/no\/132644\/"},"modified":"2026-01-09T04:02:22","modified_gmt":"2026-01-09T04:02:22","slug":"asle-tojes-dommedagspreken-fvn-no","status":"publish","type":"post","link":"https:\/\/www.europesays.com\/no\/132644\/","title":{"rendered":"Asle Tojes dommedagspreken &#8211; fvn.no"},"content":{"rendered":"<p>Diskusjonen p\u00e5g\u00e5r fortsatt, der flere kjente meningsytrere har uttalt seg. <a href=\"https:\/\/www.aftenposten.no\/meninger\/debatt\/i\/8pmm5G\/asle-toje-vil-norge-overleve-det-som-kommer\" rel=\"noopener nofollow\" target=\"_blank\">Toje beskrev et samfunn <\/a>der historien er blitt et ruinlandskap, der individualisme settes over fellesskap og nytelse over forpliktelse. Han skriver om Europa. Men det er langt fra sikkert at det er der samtalen b\u00f8r begynne.<\/p>\n<p>Europa er et kontinent, ikke et verdifellesskap. Med sin spr\u00e5klige, kulturelle og historiske fragmentering er det vanskelig \u00e5 se for seg et felles europeisk moralsk rammeverk, som kan gi den typen sammenheng Toje etterlyser. Skal vi snakke meningsfullt om verdier, er Norden et langt mer realistisk utgangspunkt enn Europa.<\/p>\n<p>I Norden deler vi ikke bare geografi, men ogs\u00e5 en historisk erfaring formet av luthersk kristendom, sm\u00e5 samfunn, h\u00f8y grad av tillit og sterke velferdsstater. Fortsatt ber to av de fem nordiske statslederne om Guds velsignelse i sine nytt\u00e5rstaler. V\u00e5r felles historie har gitt oss et felles verdim\u00f8nster som lenge har v\u00e6rt s\u00e5 selvsagt at vi knapt har lagt merke til det. F\u00f8rst n\u00e5, n\u00e5r det er i ferd med \u00e5 forvitre, ser vi hva det har betydd.<\/p>\n<p>Blant alle motinnleggene til Tojes artikkel er den fra <a href=\"https:\/\/www.aftenposten.no\/meninger\/debatt\/i\/xrPylR\/mustafa-can-asle-tojes-blinde-flekk\" rel=\"noopener nofollow\" target=\"_blank\">Mustafa Can<\/a> et av de mest profilerte. Han mener Tojes tekst kan tolkes som kritikk av innvandring og fors\u00f8k p\u00e5 \u00e5 rangere kulturer. Jeg leser den annerledes. Det han frykter, er ikke mangfoldet i seg selv, men tapet av en felles referanseramme. Can frykter ekskludering. Toje frykter oppl\u00f8sning. Begge frykter tap, men av forskjellige ting.<\/p>\n<p>Toje bruker ikke begrepet \u00abkristne verdier\u00bb, men det er vanskelig \u00e5 forst\u00e5 teksten hans annerledes enn at det er dette han sikter mot. Han er selv en erkl\u00e6rt kristen, men i artikkelen argumenterer han bevisst ikke teologisk og etterlyser ikke personlig gudstro. Hadde han gjort det, ville rullegardinen g\u00e5tt ned hos mer enn halvparten av leserne, og innlegget ville ikke n\u00e5dd offentligheten med samme kraft.<\/p>\n<p>Jeg kan forst\u00e5 Tojes uro. Han peker p\u00e5 at samfunn trenger mer enn lover og rettigheter, de trenger kontinuitet. En kollektiv hukommelse gir stabilitet. Mister vi historien, er det vanskelig, kanskje umulig, \u00e5 reversere tapet. Dette er ikke kulturpessimisme, men en n\u00f8ktern erkjennelse. Det er \u00e5penbart at Toje savner noe som kristendommen i \u00e5rhundrer ga samfunnet: En moralsk forankring utenfor oss selv. N\u00e5r religionen forsvinner, forsvinner forankringen, men ikke behovet. Sp\u00f8rsm\u00e5let er hva som kan erstatte den.<\/p>\n<blockquote>\n<p>Skal vi snakke meningsfullt om verdier, er Norden et langt mer realistisk utgangspunkt enn Europa.<\/p>\n<\/blockquote>\n<p>Toje sier lite om hvilke verdier som er ufravikelige, og hvem som skal definere dem. Det er trolig et bevisst valg, blant annet for \u00e5 unng\u00e5 gr\u00f8ftegraving mellom liberal og konservativ kristendom. Men det gj\u00f8r ogs\u00e5 teksten s\u00e5rbar. Her m\u00f8ter han seg selv i d\u00f8ra, n\u00e5r motstanden kommer. Det blir vanskelig \u00e5 svare uten \u00e5 trekke inn Gud. Hva har vi ellers av rettesnor som er st\u00f8rre enn oss selv? Men samtidig framst\u00e5r det uklart hva han faktisk mener er l\u00f8sningen.<\/p>\n<p>Frihet er v\u00e5r tids store ideal. Vi kan velge nesten alt, derunder livsform, identitet og livssyn. Likevel opplever mange at denne friheten sliter oss ut. Uten felles rammer og grenser blir vi overlatt til oss selv som v\u00e5re egne dommere. Og mennesket, med skiftende f\u00f8lelser og d\u00e5rlige kompass, er n\u00f8dvendigvis ikke egnet til det.<\/p>\n<p>Den svenske biskopen Martin L\u00f6nnebo mente at v\u00e5r tids st\u00f8rste sykdom er ubalansen mellom det hellige og det profane; mellom kropp og sjel, arbeid og hvile. Kanskje er det nettopp dette Toje etterlyser: En \u00e5ndelig forankring som kan gi oss leveregler hevet over \u00f8yeblikkets stemninger.<\/p>\n<p>Sp\u00f8rsm\u00e5let vi i Norden b\u00f8r stille, er ikke f\u00f8rst og fremst om hele Europa kan finne et felles verdim\u00f8nster, men om Norden kan bevare sitt. Kan vi videref\u00f8re en moralsk orden som historisk var forankret i kristendom, uten at Gud lenger er den b\u00e6rende kraften? Eller var det nettopp denne forankringen som gjorde ordenen mulig? Dette vet vi ikke. Og nettopp derfor er Tojes uro verdt \u00e5 ta p\u00e5 alvor.<\/p>\n<p>Som en verdifestival har Protestfestivalen gjennom alle \u00e5r fra \u00e5r 2000 v\u00e6rt opptatt av tilsvarende sp\u00f8rsm\u00e5l som de Toje n\u00e5 reiser. Festivalens rolle har v\u00e6rt \u00e5 stille sp\u00f8rsm\u00e5lene, ikke \u00e5 gi de enkle svarene. Da vi for noen \u00e5r siden vurderte \u00e5 flytte Protestfestivalen til Oslo, var det nettopp han som advarte sterkest mot dette. \u00abDet er her den trengs\u00bb, sa han som selv opprinnelig er s\u00f8rlending. Kanskje mente han at det er lettere \u00e5 rette s\u00f8kelyset mot verdier p\u00e5 et mindre sted, der disse fortsatt er i bevegelse, enn i en storby der skiftet har funnet sted. Kan hende gjelder noe tilsvarende for samtalen Toje satte i gang i Aftenposten: Den lar seg lettere f\u00f8re i Norden enn p\u00e5 et helt kontinent.<\/p>\n","protected":false},"excerpt":{"rendered":"Diskusjonen p\u00e5g\u00e5r fortsatt, der flere kjente meningsytrere har uttalt seg. Toje beskrev et samfunn der historien er blitt&hellip;\n","protected":false},"author":2,"featured_media":132645,"comment_status":"","ping_status":"","sticky":false,"template":"","format":"standard","meta":{"footnotes":""},"categories":[10],"tags":[14407,20,21,274,24,25,15,4608,4663,22,23,13,30,5747,28,29,14,16,15332,26,27],"class_list":{"0":"post-132644","1":"post","2":"type-post","3":"status-publish","4":"format-standard","5":"has-post-thumbnail","7":"category-norge","8":"tag-asle-toje","9":"tag-breaking-news","10":"tag-breakingnews","11":"tag-europa","12":"tag-featured-news","13":"tag-featurednews","14":"tag-headlines","15":"tag-kristendom","16":"tag-kristne-verdier","17":"tag-latest-news","18":"tag-latestnews","19":"tag-news","20":"tag-no","21":"tag-norden","22":"tag-norge","23":"tag-norway","24":"tag-nyheter","25":"tag-overskrifter","26":"tag-protestfestivalen","27":"tag-top-stories","28":"tag-topstories"},"share_on_mastodon":{"url":"https:\/\/pubeurope.com\/@no\/115863155016602303","error":""},"_links":{"self":[{"href":"https:\/\/www.europesays.com\/no\/wp-json\/wp\/v2\/posts\/132644","targetHints":{"allow":["GET"]}}],"collection":[{"href":"https:\/\/www.europesays.com\/no\/wp-json\/wp\/v2\/posts"}],"about":[{"href":"https:\/\/www.europesays.com\/no\/wp-json\/wp\/v2\/types\/post"}],"author":[{"embeddable":true,"href":"https:\/\/www.europesays.com\/no\/wp-json\/wp\/v2\/users\/2"}],"replies":[{"embeddable":true,"href":"https:\/\/www.europesays.com\/no\/wp-json\/wp\/v2\/comments?post=132644"}],"version-history":[{"count":0,"href":"https:\/\/www.europesays.com\/no\/wp-json\/wp\/v2\/posts\/132644\/revisions"}],"wp:featuredmedia":[{"embeddable":true,"href":"https:\/\/www.europesays.com\/no\/wp-json\/wp\/v2\/media\/132645"}],"wp:attachment":[{"href":"https:\/\/www.europesays.com\/no\/wp-json\/wp\/v2\/media?parent=132644"}],"wp:term":[{"taxonomy":"category","embeddable":true,"href":"https:\/\/www.europesays.com\/no\/wp-json\/wp\/v2\/categories?post=132644"},{"taxonomy":"post_tag","embeddable":true,"href":"https:\/\/www.europesays.com\/no\/wp-json\/wp\/v2\/tags?post=132644"}],"curies":[{"name":"wp","href":"https:\/\/api.w.org\/{rel}","templated":true}]}}