{"id":132646,"date":"2026-01-09T04:09:19","date_gmt":"2026-01-09T04:09:19","guid":{"rendered":"https:\/\/www.europesays.com\/no\/132646\/"},"modified":"2026-01-09T04:09:19","modified_gmt":"2026-01-09T04:09:19","slug":"stjordaling-har-sokt-pa-toppjobb-s-n-no","status":"publish","type":"post","link":"https:\/\/www.europesays.com\/no\/132646\/","title":{"rendered":"Stj\u00f8rdaling har s\u00f8kt p\u00e5 toppjobb &#8211; s-n.no"},"content":{"rendered":"<ol>\n<li><a href=\"https:\/\/news.google.com\/rss\/articles\/CBMihwFBVV95cUxPVU9IYjRRMFp3MVFDUU5MVElPTTlPOXQydGxOMzM2Q1BGN0hmb1dUTVgtN3pUNWhUQjgwdmtNZ2N6bmY2aVlXNndTRmtIUjN6S2g1Vmw1TEtFRnhzcWpXRmhzV2RGYUtHZUJfTzQxeGp4eEpGN1RVajFySnZfVUJSVVp2alBkNVE?oc=5\" target=\"_blank\" rel=\"nofollow noopener\">Stj\u00f8rdaling har s\u00f8kt p\u00e5 toppjobb<\/a>&nbsp;&nbsp;s-n.no<\/li>\n<li><a href=\"https:\/\/news.google.com\/rss\/articles\/CBMizwFBVV95cUxPa041NDdnU050QlJaOUFKSkkyM2ZmWGZ0SDlXbUhMVXgtX1lpSnNYLVREb3o4eGw2b3RLWG5iM0V4djQ1Z1RGb2pNSGZOUnRFWTBnNUZxZGljRXlUR0JiQl9sdGk1TF90YmZsWWhmdE1uMV83dklrWl9GWHpfS0Z6U3pZd21xaXlrSlZwQ1o3UllZSUEtdGxKNTNoN21Cby1CbFBSenE5QTJKcEVHS1R3REY3bkVQbDBsT2lSRFpvSjI1WDAxa2ZjMW5TalJHbXM?oc=5\" target=\"_blank\" rel=\"nofollow noopener\">Dramatiske dager p\u00e5 r\u00e5dhuset: \u2013 Det kunne nok v\u00e6rt en bedre start p\u00e5 \u00e5ret<\/a>&nbsp;&nbsp;tronderbladet.no<\/li>\n<li><a href=\"https:\/\/news.google.com\/rss\/articles\/CBMitgFBVV95cUxNTUhzSGhjNDBRNl9XaldMZHNFbmlpck5TUEFRT2MxdER1dFZLclV2NGlXOEpTVGs5bm5IN1BOZURUbVpMcy1ITlA4c1NUeS1CNjI4eXctQmxKUlZBVklndDNlRzJSUlFCZmZTQ3JoODJsdzByNGh2YTdtcHlhMlB6VU8zcUQ1UXZlY2NaTEJDeEQwWGVxNVA3TEZjQjJhb2l0R0xrdUZyaVg3SGpyTXYyVFFxWlpwUQ?oc=5\" target=\"_blank\" rel=\"nofollow noopener\">Sju s\u00f8ker p\u00e5 den utsatte toppjobben: \u2013 Sikker p\u00e5 at vi finner v\u00e5r nye kommunedirekt\u00f8r blant disse<\/a>&nbsp;&nbsp;Namdalsavisa<\/li>\n<li><a href=\"https:\/\/news.google.com\/rss\/articles\/CBMiZkFVX3lxTE5COUNWQVUwYndGUUk1U3BhdlEwZEZoQzhpTDJqVWxITlpNbmRtVzE5V3EtR1NpLXRpTWpDb0xfUzRKajRwYTd6eWt1dnNqb2tNR0xQN2QwaFN6YVdxUjZZYnAzNkNldw?oc=5\" target=\"_blank\" rel=\"nofollow noopener\">Tr\u00f8nder-Avisas nyhetsstudio<\/a>&nbsp;&nbsp;Tr\u00f8nder-Avisa<\/li>\n<li><a href=\"https:\/\/news.google.com\/rss\/articles\/CBMimwFBVV95cUxObGFPamIyOE9kaDZMY29sZlp4YUZseGNyTlpzcUo3b0xNOGZzWDdBajFxUW5YZlFyOTVWTDFKcHJmbkFKRXgtbEpUUTdsRjI3ZXVxSmVSSi1EQlk5ZENBZ2VIYXRpZTJpbWlTLWRIQUcxUU15ZDVSZjA1ZFY3ZERjcFdnWVhSbmtkYlF4X1BWQVYwR29mQlZnR3ZSZw?oc=5\" target=\"_blank\" rel=\"nofollow noopener\">Utsatt oppstart for v\u00e5r nye kommunedirekt\u00f8r<\/a>&nbsp;&nbsp;Melhus kommune<\/li>\n<\/ol>\n","protected":false},"excerpt":{"rendered":"Stj\u00f8rdaling har s\u00f8kt p\u00e5 toppjobb&nbsp;&nbsp;s-n.no Dramatiske dager p\u00e5 r\u00e5dhuset: \u2013 Det kunne nok v\u00e6rt en bedre start p\u00e5&hellip;\n","protected":false},"author":2,"featured_media":132647,"comment_status":"","ping_status":"","sticky":false,"template":"","format":"standard","meta":{"footnotes":""},"categories":[10],"tags":[20,21,24,25,15,22,23,13,30,28,29,14,16,26,27],"class_list":{"0":"post-132646","1":"post","2":"type-post","3":"status-publish","4":"format-standard","5":"has-post-thumbnail","7":"category-norge","8":"tag-breaking-news","9":"tag-breakingnews","10":"tag-featured-news","11":"tag-featurednews","12":"tag-headlines","13":"tag-latest-news","14":"tag-latestnews","15":"tag-news","16":"tag-no","17":"tag-norge","18":"tag-norway","19":"tag-nyheter","20":"tag-overskrifter","21":"tag-top-stories","22":"tag-topstories"},"share_on_mastodon":{"url":"https:\/\/pubeurope.com\/@no\/115863182510748641","error":""},"_links":{"self":[{"href":"https:\/\/www.europesays.com\/no\/wp-json\/wp\/v2\/posts\/132646","targetHints":{"allow":["GET"]}}],"collection":[{"href":"https:\/\/www.europesays.com\/no\/wp-json\/wp\/v2\/posts"}],"about":[{"href":"https:\/\/www.europesays.com\/no\/wp-json\/wp\/v2\/types\/post"}],"author":[{"embeddable":true,"href":"https:\/\/www.europesays.com\/no\/wp-json\/wp\/v2\/users\/2"}],"replies":[{"embeddable":true,"href":"https:\/\/www.europesays.com\/no\/wp-json\/wp\/v2\/comments?post=132646"}],"version-history":[{"count":0,"href":"https:\/\/www.europesays.com\/no\/wp-json\/wp\/v2\/posts\/132646\/revisions"}],"wp:featuredmedia":[{"embeddable":true,"href":"https:\/\/www.europesays.com\/no\/wp-json\/wp\/v2\/media\/132647"}],"wp:attachment":[{"href":"https:\/\/www.europesays.com\/no\/wp-json\/wp\/v2\/media?parent=132646"}],"wp:term":[{"taxonomy":"category","embeddable":true,"href":"https:\/\/www.europesays.com\/no\/wp-json\/wp\/v2\/categories?post=132646"},{"taxonomy":"post_tag","embeddable":true,"href":"https:\/\/www.europesays.com\/no\/wp-json\/wp\/v2\/tags?post=132646"}],"curies":[{"name":"wp","href":"https:\/\/api.w.org\/{rel}","templated":true}]}}