{"id":132648,"date":"2026-01-09T04:22:07","date_gmt":"2026-01-09T04:22:07","guid":{"rendered":"https:\/\/www.europesays.com\/no\/132648\/"},"modified":"2026-01-09T04:22:07","modified_gmt":"2026-01-09T04:22:07","slug":"donald-trump-vladimir-putin-mener-trump-og-putin-er-var-tids-farligste-kombinasjon-ingen-grenser-er-trygge","status":"publish","type":"post","link":"https:\/\/www.europesays.com\/no\/132648\/","title":{"rendered":"Donald Trump, Vladimir Putin | Mener Trump og Putin er v\u00e5r tids farligste kombinasjon: \u2013 Ingen grenser er trygge"},"content":{"rendered":"\n<p><a href=\"https:\/\/www.avisenagder.no\/verden-styres-av-gale-menn\/o\/5-99-1475484\" rel=\"Follow nofollow noopener\" target=\"_blank\">(Avisen Agder)<\/a>: PRESIDENT DONALD Trump fremst\u00e5r i dag som en av de mest destabiliserende politiske akt\u00f8rene i moderne tid. Ikke bare p\u00e5 grunn av sine konkrete politiske beslutninger, men p\u00e5 grunn av m\u00e5ten han ut\u00f8ver makt p\u00e5: Impulsivt, personlig og uten respekt for etablerte internasjonale spilleregler. N\u00e5r \u00e9n mann gis s\u00e5 stor innflytelse over verdens skjebne, blir hans personlighet et sikkerhetspolitisk anliggende. I Trumps tilfelle er det dypt urovekkende.<\/p>\n<p>I UTGANGSPUNKTET er dette en sak som tilh\u00f8rer det internasjonale politiske arenaen. Men det er med p\u00e5 \u00e5 p\u00e5virke oss alle. Lokalt dreier det seg om nye tollbarrierer, det dreier seg om frykt for fremtiden for oss alle, det dreier seg om frykten for at denne mannen skal p\u00e5virke v\u00e5r hverdag i \u00e5ret som kommer. Vi bor i et distrikt med sterk tilknytning til USA \u2013 og vi vet at mange norskamerikanere tradisjonelt sett har sverget til Det republikanske partiet.<\/p>\n<p><b>Les ogs\u00e5: <\/b><a href=\"https:\/\/www.nettavisen.no\/norsk-debatt\/krig-truer-hvem-stoler-du-pa-na\/s\/5-95-2811613\" rel=\"Follow nofollow noopener\" target=\"_blank\">Krig truer: Hvem stoler du p\u00e5 n\u00e5? <\/a><\/p>\n<p>TRUMP STYRER ikke som en statsmann, men som en konsernsjef som ser verden som et forretningsimperium. Allianser er avtaler som kan brytes, traktater er forhandlingskort, og suverene nasjoner reduseres til brikker i et personlig maktspill. Hans narsissisme gj\u00f8r at enhver kritikk oppfattes som et angrep, og enhver uenighet besvares med trusler. N\u00e5r han \u00e5pent truer Danmark med \u00e5 annektere Gr\u00f8nland, et selvstyrt omr\u00e5de innenfor et Nato-land, utfordrer han ikke bare dansk suverenitet, men hele den internasjonale rettsordenen.<\/p>\n<p>DETTE ER ikke tom retorikk. Historien viser oss at n\u00e5r sterke menn f\u00e5r definere virkeligheten alene, f\u00f8lger kaos og konflikt. Trump undergraver tilliten til multilaterale institusjoner, svekker Nato-samarbeidet og gir autorit\u00e6re ledere frikort ved \u00e5 normalisere maktbruk og l\u00f8gn. I dette landskapet st\u00e5r Vladimir Putin som et speilbilde.<\/p>\n<p><b>Sammen representerer de to den farligste kombinasjonen v\u00e5r tid kjenner: Atomv\u00e5pen og ego.<\/b><\/p>\n<p>VERDENSFREDEN ER avhengig av ledere som forst\u00e5r ansvar, begrensning og samarbeid. Donald Trump gj\u00f8r det motsatte. Han spiller h\u00f8yt med globale sikkerhetsmekanismer, ikke for freden, men for seg selv. Det er ikke bare uansvarlig. Det er farlig. N\u00e5r verdens mektigste embete brukes som et speil for \u00e9n manns selvbilde, er ingen grenser trygge \u2013 Hverken geografiske eller moralske.<\/p>\n","protected":false},"excerpt":{"rendered":"(Avisen Agder): PRESIDENT DONALD Trump fremst\u00e5r i dag som en av de mest destabiliserende politiske akt\u00f8rene i moderne&hellip;\n","protected":false},"author":2,"featured_media":132649,"comment_status":"","ping_status":"","sticky":false,"template":"","format":"standard","meta":{"footnotes":""},"categories":[12],"tags":[20,21,24,25,15,22,23,13,30,28,29,14,16,26,27,42,43,44,45],"class_list":{"0":"post-132648","1":"post","2":"type-post","3":"status-publish","4":"format-standard","5":"has-post-thumbnail","7":"category-verden","8":"tag-breaking-news","9":"tag-breakingnews","10":"tag-featured-news","11":"tag-featurednews","12":"tag-headlines","13":"tag-latest-news","14":"tag-latestnews","15":"tag-news","16":"tag-no","17":"tag-norge","18":"tag-norway","19":"tag-nyheter","20":"tag-overskrifter","21":"tag-top-stories","22":"tag-topstories","23":"tag-verden","24":"tag-world","25":"tag-world-news","26":"tag-worldnews"},"share_on_mastodon":{"url":"https:\/\/pubeurope.com\/@no\/115863233662322334","error":""},"_links":{"self":[{"href":"https:\/\/www.europesays.com\/no\/wp-json\/wp\/v2\/posts\/132648","targetHints":{"allow":["GET"]}}],"collection":[{"href":"https:\/\/www.europesays.com\/no\/wp-json\/wp\/v2\/posts"}],"about":[{"href":"https:\/\/www.europesays.com\/no\/wp-json\/wp\/v2\/types\/post"}],"author":[{"embeddable":true,"href":"https:\/\/www.europesays.com\/no\/wp-json\/wp\/v2\/users\/2"}],"replies":[{"embeddable":true,"href":"https:\/\/www.europesays.com\/no\/wp-json\/wp\/v2\/comments?post=132648"}],"version-history":[{"count":0,"href":"https:\/\/www.europesays.com\/no\/wp-json\/wp\/v2\/posts\/132648\/revisions"}],"wp:featuredmedia":[{"embeddable":true,"href":"https:\/\/www.europesays.com\/no\/wp-json\/wp\/v2\/media\/132649"}],"wp:attachment":[{"href":"https:\/\/www.europesays.com\/no\/wp-json\/wp\/v2\/media?parent=132648"}],"wp:term":[{"taxonomy":"category","embeddable":true,"href":"https:\/\/www.europesays.com\/no\/wp-json\/wp\/v2\/categories?post=132648"},{"taxonomy":"post_tag","embeddable":true,"href":"https:\/\/www.europesays.com\/no\/wp-json\/wp\/v2\/tags?post=132648"}],"curies":[{"name":"wp","href":"https:\/\/api.w.org\/{rel}","templated":true}]}}