{"id":132650,"date":"2026-01-09T04:29:06","date_gmt":"2026-01-09T04:29:06","guid":{"rendered":"https:\/\/www.europesays.com\/no\/132650\/"},"modified":"2026-01-09T04:29:06","modified_gmt":"2026-01-09T04:29:06","slug":"to-skutt-av-foderale-agenter-i-portland-nrk-urix-utenriksnyheter-og-dokumentarer","status":"publish","type":"post","link":"https:\/\/www.europesays.com\/no\/132650\/","title":{"rendered":"To skutt av f\u00f8derale agenter i Portland \u2013 NRK Urix \u2013 Utenriksnyheter og -dokumentarer"},"content":{"rendered":"<p><strong>To personer er skutt av f\u00f8derale agenter i Portland, bekrefter lokalt politiet.<br \/>\n<\/strong><\/p>\n<p><img decoding=\"async\"   src=\"data:image\/gif;base64,R0lGODlhAQABAIAAAAAAAP\/\/\/yH5BAEAAAAALAAAAAABAAEAAAIBRAA7\" loading=\"eager\" alt=\"En politisjef st\u00e5r ved en mikrofon under en pressekonferanse, if\u00f8rt uniform med navnet R. Day. Flere personer st\u00e5r bak ham, i et rom med n\u00f8ytrale vegger og flagg i bakgrunnen. Det ser ut til \u00e5 v\u00e6re fokus p\u00e5 et tema relatert til politiet. Atmosf\u00e6ren er formell, med en tydelig medieoppsett. (Bildebeskrivelsen er laget av en KI-tjeneste)\" title=\"Foto: John Rudoff \/ Reuters \/ NTB\"\/><\/p>\n<p class=\"\">Politisjefen Bob Day i Portland.<\/p>\n<p>Foto: John Rudoff \/ Reuters \/ NTB<\/p>\n<p>\u2013 Vi fant en kvinne og en mann med skuddskader, og de ble transportert til sykehus, sier politisjef Bob Day p\u00e5 en pressekonferanse. Tilstanden til de to er ikke kjent.<\/p>\n<p><strong>Det var mannen i bilen som kontakte politiet, sa Day.<\/strong><\/p>\n<p>Det kommer ulike opplysninger om hvem som var involvert.<\/p>\n<p>\u2013 Vi vet ikke vet hvilke f\u00f8derale agenter som skj\u00f8t, det er en komplisert situasjon, sa politisjef Day.<\/p>\n<p>FBI i Portland sier p\u00e5 sin side at det var en grensevakt som var involvert i skytingen.\n<\/p>\n<p><img decoding=\"async\"   src=\"data:image\/gif;base64,R0lGODlhAQABAIAAAAAAAP\/\/\/yH5BAEAAAAALAAAAAABAAEAAAIBRAA7\" loading=\"eager\" alt=\"Et team med politi og FBI-agenter er samlet p\u00e5 en parkeringsplass. Flere personer b\u00e6rer kofferter og if\u00f8rt jakker med p\u00e5skrifter som &quot;POLICE&quot; og &quot;FBI&quot;. Det er flere biler parkert i n\u00e6rheten, og omgivelsene ser ut til \u00e5 v\u00e6re en rolig bygate med tr\u00e6r. En mobil enhet er synlig i bakgrunnen, noe som indikerer en p\u00e5g\u00e5ende operasjon. (Bildebeskrivelsen er laget av en KI-tjeneste)\" title=\"Foto: Jenny Kane \/ AP \/ NTB\"\/><\/p>\n<p class=\"\">FBI p\u00e5 plass i Portland.<\/p>\n<p>Foto: Jenny Kane \/ AP \/ NTB<\/p>\n<p>Og USAs sikkerhetsdepartement uttaler at vaktene fors\u00f8kte \u00e5 stanse bilen og hevder f\u00f8reren da fors\u00f8kte \u00e5 kj\u00f8re p\u00e5 dem. Vaktene skal da ha avfyrt skudd for \u00e5 beskytte seg selv. F\u00f8reren kj\u00f8rte da av g\u00e5rde med en passasjer. De hevder de to i bilen var ulovlige venezuelanske immigranter.<\/p>\n<p>Det lokale politiet sier p\u00e5 sin side at de ikke vet om det er relatert til immigrasjon.<\/p>\n<p>Ordf\u00f8rer Ketih Wilson i Portland.<\/p>\n<p>Ordf\u00f8reren: \u2013 La oss v\u00e6re i fred<\/p>\n<p>Det lokale politiet ber folk forholde seg rolig, og understreker at de ikke var involvert i selve skytingen.<\/p>\n<p><strong>Det er FBI som leder etterforskningen av hendelsen, opplyste politisjefen.<\/strong><\/p>\n<p>Den demokratiske ordf\u00f8reren i byen sier de ikke lenger kan stole p\u00e5 Trump-administrasjonen.<\/p>\n<p>\u2013 <strong>Det var en tid da vi kunne ta dem ordet, den tiden forbi, sier Keith Wilson.<\/strong><\/p>\n<p>Onsdag ble en 37 \u00e5r gammel kvinne drept av en ICE-agent i Minneapolis. Og selv om det ikke skal v\u00e6re ICE-agenter som har skutt i Portland ber ordf\u00f8reren ICE om \u00e5 stanse all aktivitet i byen. Og at en uavhengig etterforskning b\u00f8r settes i gang.<\/p>\n<p>\u2013 <strong>Samfunnet v\u00e5rt fortjener svar. Samfunnet v\u00e5rt fortjener ansvar. Og f\u00f8rst og fremst fortjener samfunnet v\u00e5rt ro, sa ordf\u00f8rer Wilson. <\/strong><\/p>\n<p>Publisert<\/p>\n<p>09.01.2026, kl. 03.46<\/p>\n<p>Oppdatert<\/p>\n<p>09.01.2026, kl. 05.17<\/p>\n","protected":false},"excerpt":{"rendered":"To personer er skutt av f\u00f8derale agenter i Portland, bekrefter lokalt politiet. Politisjefen Bob Day i Portland. Foto:&hellip;\n","protected":false},"author":2,"featured_media":132651,"comment_status":"","ping_status":"","sticky":false,"template":"","format":"standard","meta":{"footnotes":""},"categories":[12],"tags":[20,21,24,25,15,22,23,13,30,28,29,14,16,26,27,42,43,44,45],"class_list":{"0":"post-132650","1":"post","2":"type-post","3":"status-publish","4":"format-standard","5":"has-post-thumbnail","7":"category-verden","8":"tag-breaking-news","9":"tag-breakingnews","10":"tag-featured-news","11":"tag-featurednews","12":"tag-headlines","13":"tag-latest-news","14":"tag-latestnews","15":"tag-news","16":"tag-no","17":"tag-norge","18":"tag-norway","19":"tag-nyheter","20":"tag-overskrifter","21":"tag-top-stories","22":"tag-topstories","23":"tag-verden","24":"tag-world","25":"tag-world-news","26":"tag-worldnews"},"share_on_mastodon":{"url":"https:\/\/pubeurope.com\/@no\/115863261183070540","error":""},"_links":{"self":[{"href":"https:\/\/www.europesays.com\/no\/wp-json\/wp\/v2\/posts\/132650","targetHints":{"allow":["GET"]}}],"collection":[{"href":"https:\/\/www.europesays.com\/no\/wp-json\/wp\/v2\/posts"}],"about":[{"href":"https:\/\/www.europesays.com\/no\/wp-json\/wp\/v2\/types\/post"}],"author":[{"embeddable":true,"href":"https:\/\/www.europesays.com\/no\/wp-json\/wp\/v2\/users\/2"}],"replies":[{"embeddable":true,"href":"https:\/\/www.europesays.com\/no\/wp-json\/wp\/v2\/comments?post=132650"}],"version-history":[{"count":0,"href":"https:\/\/www.europesays.com\/no\/wp-json\/wp\/v2\/posts\/132650\/revisions"}],"wp:featuredmedia":[{"embeddable":true,"href":"https:\/\/www.europesays.com\/no\/wp-json\/wp\/v2\/media\/132651"}],"wp:attachment":[{"href":"https:\/\/www.europesays.com\/no\/wp-json\/wp\/v2\/media?parent=132650"}],"wp:term":[{"taxonomy":"category","embeddable":true,"href":"https:\/\/www.europesays.com\/no\/wp-json\/wp\/v2\/categories?post=132650"},{"taxonomy":"post_tag","embeddable":true,"href":"https:\/\/www.europesays.com\/no\/wp-json\/wp\/v2\/tags?post=132650"}],"curies":[{"name":"wp","href":"https:\/\/api.w.org\/{rel}","templated":true}]}}