{"id":132662,"date":"2026-01-09T05:26:20","date_gmt":"2026-01-09T05:26:20","guid":{"rendered":"https:\/\/www.europesays.com\/no\/132662\/"},"modified":"2026-01-09T05:26:20","modified_gmt":"2026-01-09T05:26:20","slug":"porsgrunn-hendelser-vitne-til-sats-ulykken-horte-et-voldsomt-smell-telemarksavisa","status":"publish","type":"post","link":"https:\/\/www.europesays.com\/no\/132662\/","title":{"rendered":"Porsgrunn, Hendelser | Vitne til SATS-ulykken: \u2013 H\u00f8rte et voldsomt smell &#8211; Telemarksavisa"},"content":{"rendered":"<ol>\n<li><a href=\"https:\/\/news.google.com\/rss\/articles\/CBMihgFBVV95cUxPampFVkYtOVN5aGI4WUdtWUlkaWhIODRlSlJQOFRDMHFYY0l1MnBVb0RLWHU5UHUzQ2xvZ05qcGJBR1UzSTRWTWRjelhiSEhzUUVJcWYxZGplREp1QzVBUmhGRjFmMTdJWGNCLVhTajFvVGhnVmJLT1Rac2RiVVpKWUJHdFNuQQ?oc=5\" target=\"_blank\" rel=\"nofollow noopener\">Porsgrunn, Hendelser | Vitne til SATS-ulykken: \u2013 H\u00f8rte et voldsomt smell<\/a>&nbsp;&nbsp;Telemarksavisa<\/li>\n<li><a href=\"https:\/\/news.google.com\/rss\/articles\/CBMiigFBVV95cUxOOHNNSTFlX01lR1dqYXA1YWNHWUxGOE0xZGtJLVh0aGRHNlFCbG9tNlJ5Mk43bXI3c3d5cHJ5RWVaV1RIa1drQ2lwS1ZQU3V3akpkWWxGR2hTal96NmM1Ty1XcVVsTkU5TWEzYTQ0MmNTcVJfb3ExVExfcU4zRTRzOXNVcWNVX1diaXc?oc=5\" target=\"_blank\" rel=\"nofollow noopener\">D\u00f8dsulykken: Sats gj\u00f8r det ikke &#8211; her er de strenge<\/a>&nbsp;&nbsp;varden.no<\/li>\n<li><a href=\"https:\/\/news.google.com\/rss\/articles\/CBMihwFBVV95cUxNbHBkeWREZmFsU29ERGhyOUxZeXlaS0V2V1ZweGQ0Uno2Wnc1NHl1X245RS1qdGxtX2N3OFZEbVlPQXJNR1g0UjNrMk5HamVvMjNOZHpOR3I1Q1JPalBkVFhjeW5pUGVhdDh1ZU1KcGNZZm00Q0ZQdm1nSVpiYm5NTndLb3FVbEE?oc=5\" target=\"_blank\" rel=\"nofollow noopener\">Namsos, Treningssenter | \u2013 Anders var en person alle ble glad i<\/a>&nbsp;&nbsp;Namdalsavisa<\/li>\n<li><a href=\"https:\/\/news.google.com\/rss\/articles\/CBMiggFBVV95cUxOT3ZZazd4SGh1V19BSGl3VkhaaTBzeFg4ZUxUbkY1Nkw2b1B2QUlQbC1vRU5RcHZwREhFLVQ1bkh3QzRSR1Y1S2xNRDZrME1qT0NUaGpUc2lnYVk0cmdfRHFPVzMtLXBrT2loWUY5YUtKcGM3NGlYVERoZ1ZIWGk4Unln?oc=5\" target=\"_blank\" rel=\"nofollow noopener\">To biler i trafikkulykke i Hustadvika<\/a>&nbsp;&nbsp;rbnett.no<\/li>\n<li><a href=\"https:\/\/news.google.com\/rss\/articles\/CBMilwFBVV95cUxPaExEeUl2NlBzWXpmTDEzLVF2bU5yMjVmbjY5NEY0NmxWMzBtYWFhZzJaWnBIdFNBaDJZRGZEbmstR0VvSDNpS05EeEwyM05fMDQtSV85amVQTkNZNUxmUzB6LS1JSmJMWE5obHNseEVJY0hjb3dmVy04SGhjN2tuallsNEtQMGVEazVhd1VOSmU5cXN1a1lN?oc=5\" target=\"_blank\" rel=\"nofollow noopener\">SATS-ulykken vekker reaksjoner: Treningssenter innf\u00f8rer p\u00e5bud<\/a>&nbsp;&nbsp;Porsgrunns Dagblad<\/li>\n<\/ol>\n","protected":false},"excerpt":{"rendered":"Porsgrunn, Hendelser | Vitne til SATS-ulykken: \u2013 H\u00f8rte et voldsomt smell&nbsp;&nbsp;Telemarksavisa D\u00f8dsulykken: Sats gj\u00f8r det ikke &#8211; her&hellip;\n","protected":false},"author":2,"featured_media":132663,"comment_status":"","ping_status":"","sticky":false,"template":"","format":"standard","meta":{"footnotes":""},"categories":[10],"tags":[20,21,24,25,15,22,23,13,30,28,29,14,16,26,27],"class_list":{"0":"post-132662","1":"post","2":"type-post","3":"status-publish","4":"format-standard","5":"has-post-thumbnail","7":"category-norge","8":"tag-breaking-news","9":"tag-breakingnews","10":"tag-featured-news","11":"tag-featurednews","12":"tag-headlines","13":"tag-latest-news","14":"tag-latestnews","15":"tag-news","16":"tag-no","17":"tag-norge","18":"tag-norway","19":"tag-nyheter","20":"tag-overskrifter","21":"tag-top-stories","22":"tag-topstories"},"share_on_mastodon":{"url":"https:\/\/pubeurope.com\/@no\/115863485296361665","error":""},"_links":{"self":[{"href":"https:\/\/www.europesays.com\/no\/wp-json\/wp\/v2\/posts\/132662","targetHints":{"allow":["GET"]}}],"collection":[{"href":"https:\/\/www.europesays.com\/no\/wp-json\/wp\/v2\/posts"}],"about":[{"href":"https:\/\/www.europesays.com\/no\/wp-json\/wp\/v2\/types\/post"}],"author":[{"embeddable":true,"href":"https:\/\/www.europesays.com\/no\/wp-json\/wp\/v2\/users\/2"}],"replies":[{"embeddable":true,"href":"https:\/\/www.europesays.com\/no\/wp-json\/wp\/v2\/comments?post=132662"}],"version-history":[{"count":0,"href":"https:\/\/www.europesays.com\/no\/wp-json\/wp\/v2\/posts\/132662\/revisions"}],"wp:featuredmedia":[{"embeddable":true,"href":"https:\/\/www.europesays.com\/no\/wp-json\/wp\/v2\/media\/132663"}],"wp:attachment":[{"href":"https:\/\/www.europesays.com\/no\/wp-json\/wp\/v2\/media?parent=132662"}],"wp:term":[{"taxonomy":"category","embeddable":true,"href":"https:\/\/www.europesays.com\/no\/wp-json\/wp\/v2\/categories?post=132662"},{"taxonomy":"post_tag","embeddable":true,"href":"https:\/\/www.europesays.com\/no\/wp-json\/wp\/v2\/tags?post=132662"}],"curies":[{"name":"wp","href":"https:\/\/api.w.org\/{rel}","templated":true}]}}