{"id":132664,"date":"2026-01-09T05:33:16","date_gmt":"2026-01-09T05:33:16","guid":{"rendered":"https:\/\/www.europesays.com\/no\/132664\/"},"modified":"2026-01-09T05:33:16","modified_gmt":"2026-01-09T05:33:16","slug":"stenger-restaurant-stjernerestauranten-iris-stenger","status":"publish","type":"post","link":"https:\/\/www.europesays.com\/no\/132664\/","title":{"rendered":"Stenger, Restaurant | Stjernerestauranten Iris stenger"},"content":{"rendered":"\n<p>Det bekrefter styreleder Sondre Eide i Salmon Eye overfor <a href=\"https:\/\/www.bt.no\/nyheter\/okonomi\/i\/JOoPAm\/13-ansatte-permitteres-naar-stjernerestaurant-stenger\" rel=\"Follow nofollow noopener\" target=\"_blank\">Bergens Tidende<\/a>.<\/p>\n<p>Restaurant Iris ligger i Salmon Eye i Hardangerfjorden utenfor Rosendal.<\/p>\n<p>I mai 2024 fikk restauranten sin f\u00f8rste Michelin-stjerne.<\/p>\n<p>Salmon Eye omsatte i 2024 for dr\u00f8yt 23 millioner kroner, opp fra 13 millioner kroner \u00e5ret f\u00f8r. <\/p>\n<p>Konseptet g\u00e5r med underskudd, men det er redusert til 13 millioner kroner i 2024 mot nesten 18 millioner kroner i minus \u00e5ret f\u00f8r, skriver Bergens Tidende.<\/p>\n","protected":false},"excerpt":{"rendered":"Det bekrefter styreleder Sondre Eide i Salmon Eye overfor Bergens Tidende. Restaurant Iris ligger i Salmon Eye i&hellip;\n","protected":false},"author":2,"featured_media":132665,"comment_status":"","ping_status":"","sticky":false,"template":"","format":"standard","meta":{"footnotes":""},"categories":[10],"tags":[20,21,24,25,15,22,23,13,30,28,29,14,16,26,27],"class_list":{"0":"post-132664","1":"post","2":"type-post","3":"status-publish","4":"format-standard","5":"has-post-thumbnail","7":"category-norge","8":"tag-breaking-news","9":"tag-breakingnews","10":"tag-featured-news","11":"tag-featurednews","12":"tag-headlines","13":"tag-latest-news","14":"tag-latestnews","15":"tag-news","16":"tag-no","17":"tag-norge","18":"tag-norway","19":"tag-nyheter","20":"tag-overskrifter","21":"tag-top-stories","22":"tag-topstories"},"share_on_mastodon":{"url":"https:\/\/pubeurope.com\/@no\/115863512848043394","error":""},"_links":{"self":[{"href":"https:\/\/www.europesays.com\/no\/wp-json\/wp\/v2\/posts\/132664","targetHints":{"allow":["GET"]}}],"collection":[{"href":"https:\/\/www.europesays.com\/no\/wp-json\/wp\/v2\/posts"}],"about":[{"href":"https:\/\/www.europesays.com\/no\/wp-json\/wp\/v2\/types\/post"}],"author":[{"embeddable":true,"href":"https:\/\/www.europesays.com\/no\/wp-json\/wp\/v2\/users\/2"}],"replies":[{"embeddable":true,"href":"https:\/\/www.europesays.com\/no\/wp-json\/wp\/v2\/comments?post=132664"}],"version-history":[{"count":0,"href":"https:\/\/www.europesays.com\/no\/wp-json\/wp\/v2\/posts\/132664\/revisions"}],"wp:featuredmedia":[{"embeddable":true,"href":"https:\/\/www.europesays.com\/no\/wp-json\/wp\/v2\/media\/132665"}],"wp:attachment":[{"href":"https:\/\/www.europesays.com\/no\/wp-json\/wp\/v2\/media?parent=132664"}],"wp:term":[{"taxonomy":"category","embeddable":true,"href":"https:\/\/www.europesays.com\/no\/wp-json\/wp\/v2\/categories?post=132664"},{"taxonomy":"post_tag","embeddable":true,"href":"https:\/\/www.europesays.com\/no\/wp-json\/wp\/v2\/tags?post=132664"}],"curies":[{"name":"wp","href":"https:\/\/api.w.org\/{rel}","templated":true}]}}