{"id":132672,"date":"2026-01-09T05:56:37","date_gmt":"2026-01-09T05:56:37","guid":{"rendered":"https:\/\/www.europesays.com\/no\/132672\/"},"modified":"2026-01-09T05:56:37","modified_gmt":"2026-01-09T05:56:37","slug":"har-spart-13-mrd-med-ki-pa-ett-ar-teknisk-ukeblad","status":"publish","type":"post","link":"https:\/\/www.europesays.com\/no\/132672\/","title":{"rendered":"Har spart 1,3 mrd med KI p\u00e5 ett \u00e5r &#8211; Teknisk Ukeblad"},"content":{"rendered":"<ol>\n<li><a href=\"https:\/\/news.google.com\/rss\/articles\/CBMid0FVX3lxTE4tc09pOVBDTWQ1UHd1bTlINWlsVEMyb3RVZURaZlFFODluZWUwbkoyb0Z0SnRQV0xuRmF5QVhmNHZodlAwNGlnU29mN015R2g2Q01naG1pZGpwZ2tBUVREakxPaEVtX185VHdVbVhhWGJhdGE1YzRB?oc=5\" target=\"_blank\" rel=\"nofollow noopener\">Har spart 1,3 mrd med KI p\u00e5 ett \u00e5r<\/a>&nbsp;&nbsp;Teknisk Ukeblad<\/li>\n<li><a href=\"https:\/\/news.google.com\/rss\/articles\/CBMijwFBVV95cUxQcmpuQWg3R2NHOV9oTjlxbEFMZW9fVFluc2pYYnRhZXlkNXp6R1RtR0xuam12cTlZSnVCcFNFVVF3dGNGWGhSVDJVVlM4WkVhNndxd2RyTFdwQ3VJZExKM2RCQk8wMXZtWm1Rc09iVjQ0SVBJQjcyLUxkc3JOZHMwdC03MmtJVG05WHJzaWdldw?oc=5\" target=\"_blank\" rel=\"nofollow noopener\">Equinor gir KI \u00e6ren for milliardinnsparing<\/a>&nbsp;&nbsp;adressa.no<\/li>\n<li><a href=\"https:\/\/news.google.com\/rss\/articles\/CBMiqwFBVV95cUxPc1RScHFlQnFYWjNuX0RNbldld1NvdUVxMWRWalllcmpaWU1rV0Mxamt4ZjJTandKaDVVY2VWeGc5d01RY3BXS1RYVjNMaTRUdm5vMWtGaTd5QVQ0a2pydEQzazgtaUFmb2EyRkxkbjdFYTZjODRFMWhvNHU2b1dEM3A2bS1fSEZtSWV0ejdEdnZZbWhCV2xrb1FjUTg4bXFOcW1aVkNLRFVvYVE?oc=5\" target=\"_blank\" rel=\"nofollow noopener\">Equinor: Sparte 1,3 milliarder med kunstig intelligens<\/a>&nbsp;&nbsp;Finansavisen<\/li>\n<li><a href=\"https:\/\/news.google.com\/rss\/articles\/CBMikgFBVV95cUxQc2JJYWl2VUNNUUZ4d3FoMXI1bmY1U3Vkcmo5Rzhkbng3Z1N1aUhPbXFULS1PN1dLbWRlQTFCMkJNN09UNUZ0d1EtNGJWVF9VdWx3NUpjR2hLTk9ESHJWUmZSSDkyUlJHX0kzRnZ6M3dESXN1QXR2eHZFTnZvQWhuVzVkV2tmSHJsX0U1bmdOaVJVdw?oc=5\" target=\"_blank\" rel=\"nofollow noopener\">Kunstig intelligens gav 1,3 milliarder kroner i besparelser i 2025<\/a>&nbsp;&nbsp;Equinor<\/li>\n<li><a href=\"https:\/\/news.google.com\/rss\/articles\/CBMiggFBVV95cUxObG9heUxRaFJRNWZjN2FfYm1kcWtmNVludmQ5REZUUmJycnNGVW00SUlYUVZpWXVZWFR3c0JWdWwzQk96SmsxY2FqZXhnaVBxdmIzR1JvNS1mNXYwbm5rLVJaUW4xOGV2cHVocUk1eUw3a0JtckMtWE1BWl9weVppSHNn?oc=5\" target=\"_blank\" rel=\"nofollow noopener\">KI ga milliardinnsparing for Equinor<\/a>&nbsp;&nbsp;Digi.no<\/li>\n<\/ol>\n","protected":false},"excerpt":{"rendered":"Har spart 1,3 mrd med KI p\u00e5 ett \u00e5r&nbsp;&nbsp;Teknisk Ukeblad Equinor gir KI \u00e6ren for milliardinnsparing&nbsp;&nbsp;adressa.no Equinor: Sparte&hellip;\n","protected":false},"author":2,"featured_media":132673,"comment_status":"","ping_status":"","sticky":false,"template":"","format":"standard","meta":{"footnotes":""},"categories":[56],"tags":[60,61,382,2261,467,62,30,28,29,2262],"class_list":{"0":"post-132672","1":"post","2":"type-post","3":"status-publish","4":"format-standard","5":"has-post-thumbnail","7":"category-naeringsliv","8":"tag-business","9":"tag-economy","10":"tag-energi","11":"tag-equinor","12":"tag-kunstig-intelligens","13":"tag-naeringsliv","14":"tag-no","15":"tag-norge","16":"tag-norway","17":"tag-olje-og-gass"},"share_on_mastodon":{"url":"https:\/\/pubeurope.com\/@no\/115863603303621237","error":""},"_links":{"self":[{"href":"https:\/\/www.europesays.com\/no\/wp-json\/wp\/v2\/posts\/132672","targetHints":{"allow":["GET"]}}],"collection":[{"href":"https:\/\/www.europesays.com\/no\/wp-json\/wp\/v2\/posts"}],"about":[{"href":"https:\/\/www.europesays.com\/no\/wp-json\/wp\/v2\/types\/post"}],"author":[{"embeddable":true,"href":"https:\/\/www.europesays.com\/no\/wp-json\/wp\/v2\/users\/2"}],"replies":[{"embeddable":true,"href":"https:\/\/www.europesays.com\/no\/wp-json\/wp\/v2\/comments?post=132672"}],"version-history":[{"count":0,"href":"https:\/\/www.europesays.com\/no\/wp-json\/wp\/v2\/posts\/132672\/revisions"}],"wp:featuredmedia":[{"embeddable":true,"href":"https:\/\/www.europesays.com\/no\/wp-json\/wp\/v2\/media\/132673"}],"wp:attachment":[{"href":"https:\/\/www.europesays.com\/no\/wp-json\/wp\/v2\/media?parent=132672"}],"wp:term":[{"taxonomy":"category","embeddable":true,"href":"https:\/\/www.europesays.com\/no\/wp-json\/wp\/v2\/categories?post=132672"},{"taxonomy":"post_tag","embeddable":true,"href":"https:\/\/www.europesays.com\/no\/wp-json\/wp\/v2\/tags?post=132672"}],"curies":[{"name":"wp","href":"https:\/\/api.w.org\/{rel}","templated":true}]}}