{"id":132674,"date":"2026-01-09T05:58:11","date_gmt":"2026-01-09T05:58:11","guid":{"rendered":"https:\/\/www.europesays.com\/no\/132674\/"},"modified":"2026-01-09T05:58:11","modified_gmt":"2026-01-09T05:58:11","slug":"dukker-plutselig-opp-utfordrende","status":"publish","type":"post","link":"https:\/\/www.europesays.com\/no\/132674\/","title":{"rendered":"Dukker plutselig opp: &#8211; Utfordrende"},"content":{"rendered":"<p>    Jon \u00d8igarden (54) dukker opp i amerikansk suksesserie og forteller om tempoet, nervene og f\u00f8lelsen av \u00e5 v\u00e6re helt ny.<\/p>\n<p>\n    LITEN ROLLE: Jon \u00d8igarden i \u00abThe Rookie\u00bb som Lukas Wegner. Skjermdump: TV 2\n  <\/p>\n<p>    Kort fortalt<\/p>\n<ul lang=\"nb-NO\">\n<li>Jon \u00d8igarden dukker opp i sesong 8 av \u00abThe Rookie\u00bb p\u00e5 TV 2 Play.<\/li>\n<li>Han spiller en liten rolle som \u00abLukas Wegner\u00bb i den amerikanske serien.<\/li>\n<li>\u00d8igarden beskriver det som utfordrende \u00e5 komme inn i en etablert produksjon.<\/li>\n<li>Han er kjent for roller i \u00abExit\u00bb, \u00abNorsemen\u00bb og \u00abMammon\u00bb.<\/li>\n<\/ul>\n<p class=\"italic ai-disclaimer\" data-lab-italic=\"italic\">Sammendraget er laget av ChatGPT og godkjent av Dagbladet.<\/p>\n<p>      Vis mer<br \/>\n      Vis mindre<\/p>\n<p>\u00abThe Rookie\u00bb er tilbake med sesong 8 p\u00e5 TV 2 Play, og allerede i premiereepisoden f\u00e5r norske seere et uventet gjensyn: Jon \u00d8igarden dukker opp.<\/p>\n<p>Skuespilleren, best kjent for sin ikoniske rolle som \u00abJeppe\u00bb i NRK-serien \u00abExit\u00bb, har denne gangen en mindre rolle i den popul\u00e6re amerikanske politiserien.\u00a0<\/p>\n<p>I \u00abThe Rookie\u00bb spiller han karakteren \u00abLukas Wegner\u00bb.<\/p>\n<p>Serien har g\u00e5tt p\u00e5 amerikanske ABC siden 2018 og har utelukkende amerikanske skuespillere i de b\u00e6rende rollene.\u00a0<\/p>\n<p>At en norsk skuespiller dukker opp i produksjonen, er derfor uvanlig \u2013 selv om rollen er liten.<\/p>\n<p>\u00d8igarden legger selv lite dramatikk i opptredenen.<\/p>\n<p class=\"font-weight-bold m-font-weight-bold\" data-lab-font_weight=\"font-weight-bold\">&#8211; Jeg s\u00e5 litt kjapt i g\u00e5r. Jeg vet jo at jeg ikke er mye med, det var en liten rolle, sier han til Dagbladet.<\/p>\n<p>        <img loading=\"lazy\" decoding=\"async\" src=\"https:\/\/www.europesays.com\/no\/wp-content\/uploads\/2026\/01\/84072056.webp.webp\" width=\"686\" height=\"357\" title=\"EXIT: \u00d8igarden i rollen som Jeppe i \u00abExit\u00bb. Foto: Fremantle\/NRK\" alt=\"\" class=\"\" style=\"--aspect-ratio-image: 1.92; \"\/><\/p>\n<p>\n        EXIT: \u00d8igarden i rollen som Jeppe i \u00abExit\u00bb. Foto: Fremantle\/NRK\n    <\/p>\n<p>Tilbudet kom p\u00e5 kort varsel, og timingen var avgj\u00f8rende.<\/p>\n<p>&#8211; Agenten min ringte og spurte om jeg hadde lyst til \u00e5 v\u00e6re tre dager i Praha. Det passet akkurat da, s\u00e5 da ble det s\u00e5nn.<\/p>\n<p>Opptakene ble gjort i Praha, der handlingen i den nye sesongen f\u00e5r et mer internasjonalt preg.<\/p>\n<p>Litt mer utfordrende\u00a0\t<\/p>\n<p>Selv om rollen er begrenset, beskriver \u00d8igarden det som krevende \u00e5 komme inn i en produksjon som allerede er godt sammensveiset.<\/p>\n<p class=\"font-weight-bold m-font-weight-bold\" data-lab-font_weight=\"font-weight-bold\">&#8211; De har jobbet sammen lenge, kjenner b\u00e5de teamet og skuespillerne, og s\u00e5 kommer du inn helt ny. Det g\u00e5r fort og er veldig effektivt, s\u00e5 du m\u00e5 ta plass uten at du kjenner noen. Det er litt mer utfordrende enn \u00e5 ha mye \u00e5 gj\u00f8re, sier han.<\/p>\n<p>Han understreker at dette ikke bare gjelder utenlandske produksjoner.<\/p>\n<p>    <a itemprop=\"url\" href=\"https:\/\/www.seher.no\/kjendis\/greys-anatomy-stjerne-roper-sjelden-diagnose\/84061072\" rel=\"nofollow noopener\" target=\"_blank\"><\/p>\n<p>        <img loading=\"lazy\" decoding=\"async\" src=\"https:\/\/www.europesays.com\/no\/wp-content\/uploads\/2026\/01\/1767938290_597_84061627.webp.webp\" width=\"980\" height=\"441\" title=\"\u00abGrey's Anatomy\u00bb-stjerne r\u00f8per sjelden diagnose\" alt=\"\" class=\"lazyload\" style=\"--aspect-ratio-image: 2.22; \"\/><\/p>\n<p>        \u00abGrey&#8217;s Anatomy\u00bb-stjerne r\u00f8per sjelden diagnose<\/p>\n<p>    <\/a><\/p>\n<p>Skurker er ogs\u00e5 vanlige mennesker\t<\/p>\n<p>I serien spiller \u00d8igarden en kriminell karakter, men han avviser at han gikk inn i rollen med et klassisk \u00abskurk\u00bb-bilde.<\/p>\n<p>&#8211; Skurk h\u00f8res veldig karikert ut, med skummelt blikk og m\u00f8rk stemme. Skurker er jo vanlige mennesker de ogs\u00e5. Jeg tenkte bare at han var kriminell, ja vel, da kan du bare v\u00e6re helt vanlig.<\/p>\n<p>\u00c5pen for mer\t<\/p>\n<p>Om den internasjonale opptredenen gir mersmak, er \u00d8igarden avm\u00e5lt.<\/p>\n<p>&#8211; Det kommer helt an p\u00e5 hva det er. Hvis det passer, s\u00e5 ja. Akkurat dette passet veldig fint da de ringte i juni.<\/p>\n<p>Han omtaler f\u00f8rst og fremst opplevelsen som nyttig.<\/p>\n<p>&#8211; Det var hyggelige folk og en fin erfaring \u00e5 ta med seg, forteller han.<\/p>\n<p>Mange kjente roller\u00a0<\/p>\n<p>        T\u00c5REV\u00c5TT: Det gikk ordentlig galt for Ane Farstad i 71 grader nord og det f\u00f8rte til store konsekvenser for den tidligere sk\u00f8ytel\u00f8peren. Video: Max \/ R\u00f8d L\u00f8per \/ Jessica Maria Szymanska<\/p>\n<p>Jon \u00d8igarden har markert seg i en rekke store norske TV- og filmproduksjoner.\u00a0<\/p>\n<p>For et bredt publikum er han s\u00e6rlig kjent som finansmannen \u00abJeppe\u00bb Sch\u00f8itt i \u00abExit\u00bb, en rolle som ga stor oppmerksomhet for skildringen av et hensynsl\u00f8st og selvdestruktivt milj\u00f8.<\/p>\n<p>Han fikk ogs\u00e5 internasjonal synlighet som Jarl Varg i komiserien \u00abNorsemen\u00bb.\u00a0<\/p>\n<p>I krimserien \u00abMammon\u00bb spilte han journalisten Peter Ver\u00e5s, og tidligere hadde han en sentral rolle som Erlend Neshov i dramaserien \u00abBerlinerpoplene\u00bb.<\/p>\n<p>P\u00e5 film er \u00d8igarden blant annet kjent for rollen som Geir Lippestad i \u00ab22 July\u00bb, samt roller i \u00abKraftidioten\u00bb og \u00abGymnasl\u00e6rer Pedersen\u00bb.<\/p>\n<p>    <a itemprop=\"url\" href=\"https:\/\/www.dagbladet.no\/sport\/fansen-roper-pa-solskjaer\/84069963\" rel=\"nofollow noopener\" target=\"_blank\"><\/p>\n<p>        <img loading=\"lazy\" decoding=\"async\" src=\"https:\/\/www.europesays.com\/no\/wp-content\/uploads\/2026\/01\/84070606.webp.webp\" width=\"980\" height=\"441\" title=\"Fansen roper p\u00e5 Solskj\u00e6r\" alt=\"\" class=\"lazyload\" style=\"--aspect-ratio-image: 2.22; \"\/><\/p>\n<p>        Fansen roper p\u00e5 Solskj\u00e6r<\/p>\n<p>    <\/a><\/p>\n","protected":false},"excerpt":{"rendered":"Jon \u00d8igarden (54) dukker opp i amerikansk suksesserie og forteller om tempoet, nervene og f\u00f8lelsen av \u00e5 v\u00e6re&hellip;\n","protected":false},"author":2,"featured_media":132675,"comment_status":"","ping_status":"","sticky":false,"template":"","format":"standard","meta":{"footnotes":""},"categories":[10],"tags":[20,21,24,25,15,479,22,23,13,30,28,29,14,16,26,27],"class_list":{"0":"post-132674","1":"post","2":"type-post","3":"status-publish","4":"format-standard","5":"has-post-thumbnail","7":"category-norge","8":"tag-breaking-news","9":"tag-breakingnews","10":"tag-featured-news","11":"tag-featurednews","12":"tag-headlines","13":"tag-kjendis","14":"tag-latest-news","15":"tag-latestnews","16":"tag-news","17":"tag-no","18":"tag-norge","19":"tag-norway","20":"tag-nyheter","21":"tag-overskrifter","22":"tag-top-stories","23":"tag-topstories"},"share_on_mastodon":{"url":"https:\/\/pubeurope.com\/@no\/115863611225121273","error":""},"_links":{"self":[{"href":"https:\/\/www.europesays.com\/no\/wp-json\/wp\/v2\/posts\/132674","targetHints":{"allow":["GET"]}}],"collection":[{"href":"https:\/\/www.europesays.com\/no\/wp-json\/wp\/v2\/posts"}],"about":[{"href":"https:\/\/www.europesays.com\/no\/wp-json\/wp\/v2\/types\/post"}],"author":[{"embeddable":true,"href":"https:\/\/www.europesays.com\/no\/wp-json\/wp\/v2\/users\/2"}],"replies":[{"embeddable":true,"href":"https:\/\/www.europesays.com\/no\/wp-json\/wp\/v2\/comments?post=132674"}],"version-history":[{"count":0,"href":"https:\/\/www.europesays.com\/no\/wp-json\/wp\/v2\/posts\/132674\/revisions"}],"wp:featuredmedia":[{"embeddable":true,"href":"https:\/\/www.europesays.com\/no\/wp-json\/wp\/v2\/media\/132675"}],"wp:attachment":[{"href":"https:\/\/www.europesays.com\/no\/wp-json\/wp\/v2\/media?parent=132674"}],"wp:term":[{"taxonomy":"category","embeddable":true,"href":"https:\/\/www.europesays.com\/no\/wp-json\/wp\/v2\/categories?post=132674"},{"taxonomy":"post_tag","embeddable":true,"href":"https:\/\/www.europesays.com\/no\/wp-json\/wp\/v2\/tags?post=132674"}],"curies":[{"name":"wp","href":"https:\/\/api.w.org\/{rel}","templated":true}]}}