{"id":132676,"date":"2026-01-09T05:59:07","date_gmt":"2026-01-09T05:59:07","guid":{"rendered":"https:\/\/www.europesays.com\/no\/132676\/"},"modified":"2026-01-09T05:59:07","modified_gmt":"2026-01-09T05:59:07","slug":"to-skutt-av-foderale-agenter-i-portland-nrk-urix-utenriksnyheter-og-dokumentarer-2","status":"publish","type":"post","link":"https:\/\/www.europesays.com\/no\/132676\/","title":{"rendered":"To skutt av f\u00f8derale agenter i Portland \u2013 NRK Urix \u2013 Utenriksnyheter og -dokumentarer"},"content":{"rendered":"<p>Politiet i Portland, Oregon, sier at de ikke var involvert i hendelsen, og at tilstanden til de to som ble skutt, er ukjent.<\/p>\n<p>\u2013 Vi fant en kvinne og en mann med skuddskader, og de ble transportert til sykehus, sa politisjef Bob Day p\u00e5 en pressekonferanse torsdag kveld.<\/p>\n<p><img decoding=\"async\"   src=\"data:image\/gif;base64,R0lGODlhAQABAIAAAAAAAP\/\/\/yH5BAEAAAAALAAAAAABAAEAAAIBRAA7\" loading=\"eager\" alt=\"En politisjef st\u00e5r ved en mikrofon under en pressekonferanse, if\u00f8rt uniform med navnet R. Day. Flere personer st\u00e5r bak ham, i et rom med n\u00f8ytrale vegger og flagg i bakgrunnen. Det ser ut til \u00e5 v\u00e6re fokus p\u00e5 et tema relatert til politiet. Atmosf\u00e6ren er formell, med en tydelig medieoppsett. (Bildebeskrivelsen er laget av en KI-tjeneste)\" title=\"Foto: John Rudoff \/ Reuters \/ NTB\"\/><\/p>\n<p class=\"\">Politisjefen Bob Day i Portland.<\/p>\n<p>Foto: John Rudoff \/ Reuters \/ NTB<\/p>\n<p>Bilkontroll<\/p>\n<p>Hendelsen skal ha skjedd i forbindelse med en bilkontroll, st\u00e5r det i en uttalelse fra sikkerhetsdepartementet i Washington.<\/p>\n<p>\u2013 Klokken 14.19 (lokal tid) gjennomf\u00f8rte grensevakter m\u00e5lrettet bilkontroll i Portland. Passasjeren i kj\u00f8ret\u00f8yet som var m\u00e5let for kontrollen, var en venezuelansk ulovlig innvandrer tilknyttet den internasjonale Tren de Aragua-prostitusjonsringen og involvert i en nylig skyteepisode i Portland, skriver departementet p\u00e5 X.<\/p>\n<p>\u2013 Av frykt for livet og sikkerheten, skj\u00f8t en agent for \u00e5 forsvare seg. Sj\u00e5f\u00f8ren kj\u00f8rte av g\u00e5rde med passasjeren og flyktet fra stedet, skriver departementet videre.<\/p>\n<p>Tren de Aragua er et venezuelansk narkokartell som i fjor ble satt p\u00e5 USA og Canadas terrorlister.<\/p>\n<p>Det kommer ulike opplysninger om hvem som var involvert.<\/p>\n<p><img decoding=\"async\"   src=\"data:image\/gif;base64,R0lGODlhAQABAIAAAAAAAP\/\/\/yH5BAEAAAAALAAAAAABAAEAAAIBRAA7\" loading=\"eager\" alt=\"Et team med politi og FBI-agenter er samlet p\u00e5 en parkeringsplass. Flere personer b\u00e6rer kofferter og if\u00f8rt jakker med p\u00e5skrifter som &quot;POLICE&quot; og &quot;FBI&quot;. Det er flere biler parkert i n\u00e6rheten, og omgivelsene ser ut til \u00e5 v\u00e6re en rolig bygate med tr\u00e6r. En mobil enhet er synlig i bakgrunnen, noe som indikerer en p\u00e5g\u00e5ende operasjon. (Bildebeskrivelsen er laget av en KI-tjeneste)\" title=\"Foto: Jenny Kane \/ AP \/ NTB\"\/><\/p>\n<p class=\"\">FBI p\u00e5 plass i Portland.<\/p>\n<p>Foto: Jenny Kane \/ AP \/ NTB<\/p>\n<p>Ogs\u00e5 USAs sikkerhetsdepartement uttaler at vaktene fors\u00f8kte \u00e5 stanse bilen, og hevder f\u00f8reren da fors\u00f8kte \u00e5 kj\u00f8re p\u00e5 dem. Vaktene skal ha avfyrt skudd for \u00e5 beskytte seg selv. De hevder ogs\u00e5 at de to i bilen var ulovlige venezuelanske immigranter.<\/p>\n<p><strong>Politiet i Portland opplyste p\u00e5 pressekonferansen at de ikke kan bekrefte opplysningene i uttalelsen fra sikkerhetsdepartementet.<\/strong><\/p>\n<p>\u2013 Vi vet ikke hvilke f\u00f8derale agenter som skj\u00f8t, det er en komplisert situasjon, sa politisjef Day.<\/p>\n<p>Han opplyste at det er FBI som leder etterforskningen av hendelsen.<\/p>\n<p>\u2013 Kan ikke stole p\u00e5 Trump-administrasjonen <\/p>\n<p>Ordf\u00f8rer Keith Wilson i Portland.<\/p>\n<p>Den demokratiske ordf\u00f8reren i byen sier de ikke lenger kan stole p\u00e5 Trump-administrasjonen.<\/p>\n<p>\u2013 <strong>Det var en tid da vi kunne ta dem p\u00e5 ordet, den tiden forbi, sier Keith Wilson.<\/strong><\/p>\n<p>Onsdag ble en 37 \u00e5r gammel kvinne drept av en ICE-agent i Minneapolis. Og selv om det ikke skal v\u00e6re ICE-agenter som har skutt i Portland, ber ordf\u00f8reren ICE om \u00e5 stanse all aktivitet i byen. Og at en uavhengig etterforskning b\u00f8r settes i gang.<\/p>\n<p>\u2013 <strong>Samfunnet v\u00e5rt fortjener svar. Samfunnet v\u00e5rt fortjener ansvar. Og f\u00f8rst og fremst fortjener samfunnet v\u00e5rt ro, sa ordf\u00f8rer Wilson. <\/strong><\/p>\n<p>Portland er den st\u00f8rste byen i delstaten Oregon i USA.<\/p>\n<p>Publisert<\/p>\n<p>09.01.2026, kl. 03.46<\/p>\n<p>Oppdatert<\/p>\n<p>09.01.2026, kl. 06.58<\/p>\n","protected":false},"excerpt":{"rendered":"Politiet i Portland, Oregon, sier at de ikke var involvert i hendelsen, og at tilstanden til de to&hellip;\n","protected":false},"author":2,"featured_media":132651,"comment_status":"","ping_status":"","sticky":false,"template":"","format":"standard","meta":{"footnotes":""},"categories":[5],"tags":[20,21,24,25,15,19,22,23,17,18,13,30,28,29,14,16,26,27],"class_list":{"0":"post-132676","1":"post","2":"type-post","3":"status-publish","4":"format-standard","5":"has-post-thumbnail","7":"category-overskrifter","8":"tag-breaking-news","9":"tag-breakingnews","10":"tag-featured-news","11":"tag-featurednews","12":"tag-headlines","13":"tag-hovedoppslag","14":"tag-latest-news","15":"tag-latestnews","16":"tag-main-news","17":"tag-mainnews","18":"tag-news","19":"tag-no","20":"tag-norge","21":"tag-norway","22":"tag-nyheter","23":"tag-overskrifter","24":"tag-top-stories","25":"tag-topstories"},"share_on_mastodon":{"url":"https:\/\/pubeurope.com\/@no\/115863615077015912","error":""},"_links":{"self":[{"href":"https:\/\/www.europesays.com\/no\/wp-json\/wp\/v2\/posts\/132676","targetHints":{"allow":["GET"]}}],"collection":[{"href":"https:\/\/www.europesays.com\/no\/wp-json\/wp\/v2\/posts"}],"about":[{"href":"https:\/\/www.europesays.com\/no\/wp-json\/wp\/v2\/types\/post"}],"author":[{"embeddable":true,"href":"https:\/\/www.europesays.com\/no\/wp-json\/wp\/v2\/users\/2"}],"replies":[{"embeddable":true,"href":"https:\/\/www.europesays.com\/no\/wp-json\/wp\/v2\/comments?post=132676"}],"version-history":[{"count":0,"href":"https:\/\/www.europesays.com\/no\/wp-json\/wp\/v2\/posts\/132676\/revisions"}],"wp:featuredmedia":[{"embeddable":true,"href":"https:\/\/www.europesays.com\/no\/wp-json\/wp\/v2\/media\/132651"}],"wp:attachment":[{"href":"https:\/\/www.europesays.com\/no\/wp-json\/wp\/v2\/media?parent=132676"}],"wp:term":[{"taxonomy":"category","embeddable":true,"href":"https:\/\/www.europesays.com\/no\/wp-json\/wp\/v2\/categories?post=132676"},{"taxonomy":"post_tag","embeddable":true,"href":"https:\/\/www.europesays.com\/no\/wp-json\/wp\/v2\/tags?post=132676"}],"curies":[{"name":"wp","href":"https:\/\/api.w.org\/{rel}","templated":true}]}}