{"id":132677,"date":"2026-01-09T06:04:08","date_gmt":"2026-01-09T06:04:08","guid":{"rendered":"https:\/\/www.europesays.com\/no\/132677\/"},"modified":"2026-01-09T06:04:08","modified_gmt":"2026-01-09T06:04:08","slug":"massivt-russisk-angrep-mot-kyiv","status":"publish","type":"post","link":"https:\/\/www.europesays.com\/no\/132677\/","title":{"rendered":"Massivt russisk angrep mot Kyiv"},"content":{"rendered":"<p>    Ukrainas\u00a0hovedstad Kyiv ble rammet av et\u00a0massivt droneangrep natt til fredag.\u00a0<\/p>\n<p>\n    TRUFFET: Skader p\u00e5 en boligblokk i Kyiv natt til fredag. Foto: Valentyn Ogirenko \/ Reuters \/ NTB\n  <\/p>\n<p>\u00a0&#8211; Et massivt angrep med fiendtlige angrepsdroner p\u00e5g\u00e5r mot Kyiv!, advarte Ukrainas luftforsvar i en melding p\u00e5 Telegram klokka 00:24.<\/p>\n<p>De ba alle holde seg i tilfluktsrom til faren var over.<\/p>\n<p>Gjennom natta fortsatte meldingene fra myndighetene om nye raketter som var p\u00e5 vei mot Kyiv. Luftvernsirenene ble utl\u00f8st over hele Ukraina og i Kyiv gikk alarmen i fem timer.<\/p>\n<p>Tidlig fredag morgen meldes det at fire mennesker er drept og minst 19 s\u00e5ret i angrepene, if\u00f8lge lederen for Kyivs milit\u00e6re administrasjon, Tymur Tkatsjenko, og Kyivs ordf\u00f8rer Vitalij Klitsjko.\u00a0<\/p>\n<p>14 av de 19 s\u00e5rede er innlagt p\u00e5 sykehus, opplyser Klitsjko. En av de drepte var en akuttmedisiner som hadde ankommet en leilighet som ble truffet av to droner, if\u00f8lge ordf\u00f8reren.<\/p>\n<p>Meldingen om angrepene kommer etter at b\u00e5de USAs ambassade og president Volodymyr Zelenskyj torsdag hadde avdart om et potensielt massivt angrep mot Ukraina.<\/p>\n<p>    <a itemprop=\"url\" href=\"https:\/\/www.dagbladet.no\/nyheter\/kan-skje-allerede-i-kveld\/84074385\" rel=\"nofollow noopener\" target=\"_blank\"><\/p>\n<p>        <img loading=\"lazy\" decoding=\"async\" src=\"https:\/\/www.europesays.com\/no\/wp-content\/uploads\/2026\/01\/84074377.webp.webp\" width=\"980\" height=\"441\" title=\"- Kan skje allerede i kveld\" alt=\"\" class=\"lazyload\" style=\"--aspect-ratio-image: 2.22; \"\/><\/p>\n<p>        &#8211; Kan skje allerede i kveld<\/p>\n<p>    <\/a><\/p>\n<p>\u00d8deleggelser p\u00e5 kritisk infrastruktur\t<\/p>\n<p>Klitsjko sier at to leilighetsbygg p\u00e5 \u00f8stbredden av elva Dnipro ble p\u00e5f\u00f8rt st\u00f8rre \u00f8deleggelser i angrepet. I den ene bygningen ble hele inngangspartiet \u00f8delagt, if\u00f8lge ordf\u00f8reren.<\/p>\n<p>Et h\u00f8ybygg i en annen bydel fikk store \u00f8deleggelser i angrepet, if\u00f8lge Klitsjko.<\/p>\n<p>Tkatsjenko sier at en drone utl\u00f8ste brann i et kj\u00f8pesenter, og at en annen drone falt ned utenfor en helseinstitusjon.<\/p>\n<p>Begge sier at det br\u00f8t ut brann i flere bydeler.<\/p>\n<p>Angrepet f\u00f8rte til \u00f8deleggelser p\u00e5 kritisk infrastruktur, og vannforsyningen forsvant i noen av bydelene, if\u00f8lge ordf\u00f8reren.<\/p>\n<p>Angrep mot Lviv\t<\/p>\n<p>De f\u00f8rste meldingene fra Kyiv kom bare minutter etter at Lviv-regionens guvern\u00f8r Maksym Kozytskyj meldte om russisk angrep mot et infrastrukturm\u00e5l. Lviv ligger vest i Ukraina og grenser mot Polen.<\/p>\n<p>Senere p\u00e5 natten ville verken han eller Lvivs ordf\u00f8rer Andrij Sadovyj kommentere antydninger om at Russland kan ha brukt en hypersonisk rakett av typen Oresjnik i angrepet.<\/p>\n<p>Det f\u00e5r bli opp til det ukrainske milit\u00e6ret \u00e5 sl\u00e5 fast om det var en rakett av denne typen, uttalte Sadovyj.<\/p>\n<p>Kozytskyj sa at eksperter unders\u00f8ker omr\u00e5det som ble angrepet.<\/p>\n","protected":false},"excerpt":{"rendered":"Ukrainas\u00a0hovedstad Kyiv ble rammet av et\u00a0massivt droneangrep natt til fredag.\u00a0 TRUFFET: Skader p\u00e5 en boligblokk i Kyiv natt&hellip;\n","protected":false},"author":2,"featured_media":132678,"comment_status":"","ping_status":"","sticky":false,"template":"","format":"standard","meta":{"footnotes":""},"categories":[12],"tags":[20,21,24,25,15,179,22,23,13,30,28,29,14,16,188,26,27,489,412,42,43,44,45],"class_list":{"0":"post-132677","1":"post","2":"type-post","3":"status-publish","4":"format-standard","5":"has-post-thumbnail","7":"category-verden","8":"tag-breaking-news","9":"tag-breakingnews","10":"tag-featured-news","11":"tag-featurednews","12":"tag-headlines","13":"tag-krigen-i-ukraina","14":"tag-latest-news","15":"tag-latestnews","16":"tag-news","17":"tag-no","18":"tag-norge","19":"tag-norway","20":"tag-nyheter","21":"tag-overskrifter","22":"tag-russland","23":"tag-top-stories","24":"tag-topstories","25":"tag-ukraina","26":"tag-utenriks","27":"tag-verden","28":"tag-world","29":"tag-world-news","30":"tag-worldnews"},"share_on_mastodon":{"url":"https:\/\/pubeurope.com\/@no\/115863634811719085","error":""},"_links":{"self":[{"href":"https:\/\/www.europesays.com\/no\/wp-json\/wp\/v2\/posts\/132677","targetHints":{"allow":["GET"]}}],"collection":[{"href":"https:\/\/www.europesays.com\/no\/wp-json\/wp\/v2\/posts"}],"about":[{"href":"https:\/\/www.europesays.com\/no\/wp-json\/wp\/v2\/types\/post"}],"author":[{"embeddable":true,"href":"https:\/\/www.europesays.com\/no\/wp-json\/wp\/v2\/users\/2"}],"replies":[{"embeddable":true,"href":"https:\/\/www.europesays.com\/no\/wp-json\/wp\/v2\/comments?post=132677"}],"version-history":[{"count":0,"href":"https:\/\/www.europesays.com\/no\/wp-json\/wp\/v2\/posts\/132677\/revisions"}],"wp:featuredmedia":[{"embeddable":true,"href":"https:\/\/www.europesays.com\/no\/wp-json\/wp\/v2\/media\/132678"}],"wp:attachment":[{"href":"https:\/\/www.europesays.com\/no\/wp-json\/wp\/v2\/media?parent=132677"}],"wp:term":[{"taxonomy":"category","embeddable":true,"href":"https:\/\/www.europesays.com\/no\/wp-json\/wp\/v2\/categories?post=132677"},{"taxonomy":"post_tag","embeddable":true,"href":"https:\/\/www.europesays.com\/no\/wp-json\/wp\/v2\/tags?post=132677"}],"curies":[{"name":"wp","href":"https:\/\/api.w.org\/{rel}","templated":true}]}}