{"id":132679,"date":"2026-01-09T06:05:13","date_gmt":"2026-01-09T06:05:13","guid":{"rendered":"https:\/\/www.europesays.com\/no\/132679\/"},"modified":"2026-01-09T06:05:13","modified_gmt":"2026-01-09T06:05:13","slug":"derfor-er-strommen-sa-dyr-na-rbnett-no","status":"publish","type":"post","link":"https:\/\/www.europesays.com\/no\/132679\/","title":{"rendered":"Derfor er str\u00f8mmen s\u00e5 dyr n\u00e5 &#8211; rbnett.no"},"content":{"rendered":"<ol>\n<li><a href=\"https:\/\/news.google.com\/rss\/articles\/CBMiekFVX3lxTFB5WWNsVklqOF9rMWFMbE9acWZ2WjN4eFkzNmozZTBFNjRCX3RCNlMtaHNzN2E0ZGxHV1B1UnBEM2JNMFBIdmRnd1hwdnFGLTVkVl80bVVEa3lfUV9tZGdFZVFKR193bWhoLVZsQkZtdXRhbjlMcGZGSG1R?oc=5\" target=\"_blank\" rel=\"nofollow noopener\">Derfor er str\u00f8mmen s\u00e5 dyr n\u00e5<\/a>&nbsp;&nbsp;rbnett.no<\/li>\n<li><a href=\"https:\/\/news.google.com\/rss\/articles\/CBMisgFBVV95cUxQVklqZnoxX2xzWTdhVHFMUjhCaDMxWG5Fb0FWTV9PMXI1QktaS2wtT3phcnQzbF9feUM4UUtlREtTdlBwWDZPUTdDRHlaVTJCWkRlbFBKQ2JDZEZ4UDluUDlSTmI4YTFUdUViM3J6ZXVpX3QwVXgtczVndGF1YlN6c041SmM3bkJhSFVLajFBYVRMQ2h5RFl6a05xaDlQT0dUVnN1Mi0xUjNVRFlaZm9abWJ3?oc=5\" target=\"_blank\" rel=\"nofollow noopener\">Midt-Norge: Snittpris for str\u00f8m p\u00e5 99,50 \u00f8re per kWh torsdag<\/a>&nbsp;&nbsp;adressa.no<\/li>\n<li><a href=\"https:\/\/news.google.com\/rss\/articles\/CBMiqgFBVV95cUxNZ295Rm9lamR0b3ZuQnFQbGg2WVlKMTdRMnhEbGN6NWhBX3VUeGh1aG1zTm5pQ2x6eTJPMHQ5MVUwRzFmbFVacFZtODdfdmlIWjVMLWIwSGNVWXJKVFozem1BdmhoWDVDZmJ2dDkzbnh3RkJQbUZ6Sm9xZGtXWlc1RktMMHdPcmowSjctQWI1SFV3TjNxZFIzRnpjNzktRF9vT3Y3WnlNVlF0UQ?oc=5\" target=\"_blank\" rel=\"nofollow noopener\">Str\u00f8mpris og kulde biter fra seg: \u2013 Jeg h\u00e5per ingen sitter og fryser<\/a>&nbsp;&nbsp;banett.no<\/li>\n<li><a href=\"https:\/\/news.google.com\/rss\/articles\/CBMimAFBVV95cUxPUEFDcF9iYjRsS1hWVlphbmduQzFaZG9tQXhVQXJieUMzR2I3Y3dkNDhTa3Y2NEVwRlJnR0tCYk9LTHJQU1g2d1NSMWRKb3RfcXJSTVZIT3V4YnR0Smx1TWhDc2RDUXFIX0Q2S1p6cWxhbE5BamVtalVQcG56MW5vS2djSEZ6VXc3Z0RFZmY4YjdMVkMtcThpNg?oc=5\" target=\"_blank\" rel=\"nofollow noopener\">Str\u00f8mpris, Spotpris | Bikkjekaldt v\u00e6r gir svindyr str\u00f8m: Her er ekspertens r\u00e5d<\/a>&nbsp;&nbsp;Nordlys<\/li>\n<li><a href=\"https:\/\/news.google.com\/rss\/articles\/CBMiygFBVV95cUxNUDRUbnRrQ25SWTlhZW56WlI3dEc4ZVl0bnFKbjRqcnl4eEx4UnVlZnFxZG1SbjNOUEw4LVc1RGRmQ3ItYjA4ZkFmOVF2LTFKZWtKbXkwR2pPUmExLXZXR1c5ZHhwVDdkSUV2dFVXeGt5bWFKVzgyYTk2M1oyYmJITGl2ZUdjNk9YTVdaa1hxeE1fa1JCRFF3RTVTZHphaFV0M1lCaEg0UUR4QV9oNzgzZy1NY1FDNUdwd1JwNVQzUlFWZ3o3RGF5SXF3?oc=5\" target=\"_blank\" rel=\"nofollow noopener\">Str\u00f8mpris p\u00e5 3 kr\/kWh: Produsentene tjener 600 millioner kroner p\u00e5 ett d\u00f8gn mandag<\/a>&nbsp;&nbsp;Europower<\/li>\n<\/ol>\n","protected":false},"excerpt":{"rendered":"Derfor er str\u00f8mmen s\u00e5 dyr n\u00e5&nbsp;&nbsp;rbnett.no Midt-Norge: Snittpris for str\u00f8m p\u00e5 99,50 \u00f8re per kWh torsdag&nbsp;&nbsp;adressa.no Str\u00f8mpris og&hellip;\n","protected":false},"author":2,"featured_media":132680,"comment_status":"","ping_status":"","sticky":false,"template":"","format":"standard","meta":{"footnotes":""},"categories":[10],"tags":[20,21,24,25,15,22,23,13,30,28,29,14,16,26,27],"class_list":{"0":"post-132679","1":"post","2":"type-post","3":"status-publish","4":"format-standard","5":"has-post-thumbnail","7":"category-norge","8":"tag-breaking-news","9":"tag-breakingnews","10":"tag-featured-news","11":"tag-featurednews","12":"tag-headlines","13":"tag-latest-news","14":"tag-latestnews","15":"tag-news","16":"tag-no","17":"tag-norge","18":"tag-norway","19":"tag-nyheter","20":"tag-overskrifter","21":"tag-top-stories","22":"tag-topstories"},"share_on_mastodon":{"url":"https:\/\/pubeurope.com\/@no\/115863638787972376","error":""},"_links":{"self":[{"href":"https:\/\/www.europesays.com\/no\/wp-json\/wp\/v2\/posts\/132679","targetHints":{"allow":["GET"]}}],"collection":[{"href":"https:\/\/www.europesays.com\/no\/wp-json\/wp\/v2\/posts"}],"about":[{"href":"https:\/\/www.europesays.com\/no\/wp-json\/wp\/v2\/types\/post"}],"author":[{"embeddable":true,"href":"https:\/\/www.europesays.com\/no\/wp-json\/wp\/v2\/users\/2"}],"replies":[{"embeddable":true,"href":"https:\/\/www.europesays.com\/no\/wp-json\/wp\/v2\/comments?post=132679"}],"version-history":[{"count":0,"href":"https:\/\/www.europesays.com\/no\/wp-json\/wp\/v2\/posts\/132679\/revisions"}],"wp:featuredmedia":[{"embeddable":true,"href":"https:\/\/www.europesays.com\/no\/wp-json\/wp\/v2\/media\/132680"}],"wp:attachment":[{"href":"https:\/\/www.europesays.com\/no\/wp-json\/wp\/v2\/media?parent=132679"}],"wp:term":[{"taxonomy":"category","embeddable":true,"href":"https:\/\/www.europesays.com\/no\/wp-json\/wp\/v2\/categories?post=132679"},{"taxonomy":"post_tag","embeddable":true,"href":"https:\/\/www.europesays.com\/no\/wp-json\/wp\/v2\/tags?post=132679"}],"curies":[{"name":"wp","href":"https:\/\/api.w.org\/{rel}","templated":true}]}}