{"id":132681,"date":"2026-01-09T06:06:12","date_gmt":"2026-01-09T06:06:12","guid":{"rendered":"https:\/\/www.europesays.com\/no\/132681\/"},"modified":"2026-01-09T06:06:12","modified_gmt":"2026-01-09T06:06:12","slug":"vaer-vinter-forst-kommer-en-kald-vind-fra-nordost-sa-blir-det-knallvaer","status":"publish","type":"post","link":"https:\/\/www.europesays.com\/no\/132681\/","title":{"rendered":"V\u00e6r, Vinter | F\u00f8rst kommer en kald vind fra nord\u00f8st \u2013 s\u00e5 blir det knallv\u00e6r"},"content":{"rendered":"\n<p>De siste dagene har kulden festet grepet. Natt til torsdag ble det m\u00e5lt \u2013 18 grader i T\u00f8nsberg. Og v\u00e5re lesere har meldt om enda lavere temperaturer i indre str\u00f8k:<\/p>\n<p><b>\u00ab- 24,5 i Ramnes p\u00e5 morgenen\u00bb, \u00ab- 20 p\u00e5 Linnestad i kveld\u00bb, \u00ab -21 ved 11-tiden p\u00e5 Bispeveien ved Bjuneveien\u00bb.<\/b><\/p>\n<p>Men n\u00e5 skal temperaturene stige. Litt i alle fall.<\/p>\n<p><b>\u2013 I l\u00f8pet av natten skal temperaturene g\u00e5 opp. Det blir mellom \u2013 10 og \u2013 5 grader, sier statsmeteorolog Leonidas Tsopouridis. <\/b><\/p>\n<p>  <a href=\"https:\/\/www.tb.no\/5-76-2764456\" class=\"related-teaser has-image default-story-teaser article--c-eRUmMG article--c-eRUmMG-jKCPdD-design-default\" rel=\"nofollow noopener\" target=\"_blank\"><\/p>\n<p>    <img decoding=\"async\" loading=\"lazy\"  src=\"https:\/\/www.europesays.com\/no\/wp-content\/uploads\/2026\/01\/08+barnehagebarn+ute+i+kulda+5.jpg\" alt=\"\" class=\"brick-c-cFOWSL\" style=\"\"\/><\/p>\n<p>\n            Les ogs\u00e5<\/p>\n<p>              Slik holder du barna varme: Barnehagens ukjente \u00absokke-triks\u00bb\n        <\/p>\n<p>  <\/a><br \/>\n  Litt sn\u00f8 i vente<\/p>\n<p>Han forteller at sn\u00f8en er p\u00e5 vei til v\u00e5rt omr\u00e5de.<\/p>\n<p><b>\u2013 Det blir sn\u00f8byger, men det kommer ikke til \u00e5 bli s\u00e5 mye. <\/b><\/p>\n<p>Fredag blir det delvis skyet og oppholdsv\u00e6r og det vil bl\u00e5se litt.<\/p>\n<p><b>\u2013 Det kommer nord\u00f8stlig vind som blir \u00f8kende i l\u00f8pet av dagen, sier <\/b><b>Tsopouridis.<\/b> <\/p>\n<p>Temperaturene fredag vil ligge litt rundt \u2013 6 og \u2013 4 grader.<\/p>\n<p><b>\u2013 Det blir alts\u00e5 varmere, men n\u00e5r det bl\u00e5ser, f\u00f8les det litt kj\u00f8ligere, sier statsmeteorologen.<\/b><\/p>\n<p>   <img decoding=\"async\" width=\"5698\" height=\"3791\" fetchpriority=\"low\"  loading=\"lazy\"  src=\"https:\/\/www.europesays.com\/no\/wp-content\/uploads\/2026\/01\/TORSDAG-7.jpg\" alt=\"\" class=\"brick-c-cFOWSL\" style=\"--brick-image-ratio: 5698 \/ 3791;\"\/><\/p>\n<p>      BRRR: Temperaturm\u00e5leren i bilen viste &#8211; 17 grader i Hogsnesbakken i 16-tiden torsdag 8. januar.<br \/>\n      Foto: Philip Evensen\n    <\/p>\n<p>  <a href=\"https:\/\/www.tb.no\/5-76-2762676\" class=\"related-teaser has-image default-story-teaser article--c-eRUmMG article--c-eRUmMG-jKCPdD-design-default\" rel=\"nofollow noopener\" target=\"_blank\"><\/p>\n<p>    <img decoding=\"async\" loading=\"lazy\"  src=\"https:\/\/www.europesays.com\/no\/wp-content\/uploads\/2026\/01\/re2.jpg\" alt=\"\" class=\"brick-c-cFOWSL\" style=\"\"\/><\/p>\n<p>\n            Les ogs\u00e5<\/p>\n<p>              Klar, ferdig, l\u00f8\u00f8\u00f8ype! Her kan du st\u00e5 p\u00e5 ski n\u00e5\n        <\/p>\n<p>  <\/a><br \/>\n  Knall l\u00f8rdag<\/p>\n<p>Har du lyst til \u00e5 komme deg ut og nyte litt vinterv\u00e6ret, er l\u00f8rdag den beste dagen.<\/p>\n<p><b>\u2013 Det blir sol og t\u00f8rr luft. L\u00f8rdag blir en veldig fin dag, sier <\/b><b>Tsopouridis.<\/b><\/p>\n<p>Natt til s\u00f8ndag vil himmelen fortsatt v\u00e6re skyfri og det blir kaldere igjen. Rundt \u2013 13, -14 grader.<\/p>\n<p><b>\u2013 S\u00f8ndag blir det mer skyet og perioder med sol, sier <\/b><b>Tsopouridis.<\/b><\/p>\n<p>  <a href=\"https:\/\/www.tb.no\/5-76-2761950\" class=\"related-teaser has-image default-story-teaser article--c-eRUmMG article--c-eRUmMG-jKCPdD-design-default\" rel=\"nofollow noopener\" target=\"_blank\"><\/p>\n<p>    <img decoding=\"async\" loading=\"lazy\"  src=\"https:\/\/www.europesays.com\/no\/wp-content\/uploads\/2026\/01\/63d92c50-ba22-43b3-90c5-9bcbb832d20b.jpg\" alt=\"\" class=\"brick-c-cFOWSL\" style=\"\"\/><\/p>\n<p>\n            Les ogs\u00e5<\/p>\n<p>              Sk\u00f8ytene rives vekk fra butikkene: \u2013 Vi var skikkelig heldige\n        <\/p>\n<p>  <\/a><br \/>\n  Lavtrykk neste uke<\/p>\n<p>I begynnelsen av uka kan vi vente skyet v\u00e6r og etter hvert et lavtrykk som kommer fra Atlanterhavet.<\/p>\n<p><b>\u2013 Det blir mildere og fuktigere. Mest sannsynlig kommer byger i form av sn\u00f8. Men prognosene en uke fram er fortsatt litt usikre, sier statsmeteorologen. <\/b><\/p>\n<p>  <a href=\"https:\/\/www.tb.no\/5-76-2763123\" class=\"related-teaser has-image default-story-teaser article--c-eRUmMG article--c-eRUmMG-jKCPdD-design-default\" rel=\"nofollow noopener\" target=\"_blank\"><\/p>\n<p>    <img decoding=\"async\" loading=\"lazy\"  src=\"https:\/\/www.europesays.com\/no\/wp-content\/uploads\/2026\/01\/1767938772_994_image_E5D67721-EABF-403C-A70A-8EA2CCB75848_1767785451.jpeg\" alt=\"\" class=\"brick-c-cFOWSL\" style=\"\"\/><\/p>\n<p>\n            Les ogs\u00e5<\/p>\n<p>              Elevene m\u00e5 sitte med vinterjakka p\u00e5 inne: \u2013 Jeg vil helst hjem\n        <\/p>\n<p>  <\/a><\/p>\n<p>  <a data-static=\"\" href=\"#skip-\" class=\"brick-c-fgNmNC\">Hopp over karusellen.<\/a><\/p>\n<p data-static=\"\" class=\"brick-c-fgNmNC\" id=\"carousel-title-\">Innholdskarusell med 20 artikler.<\/p>\n","protected":false},"excerpt":{"rendered":"De siste dagene har kulden festet grepet. Natt til torsdag ble det m\u00e5lt \u2013 18 grader i T\u00f8nsberg.&hellip;\n","protected":false},"author":2,"featured_media":132682,"comment_status":"","ping_status":"","sticky":false,"template":"","format":"standard","meta":{"footnotes":""},"categories":[5],"tags":[36,20,21,962,24,25,15,19,8981,22,23,17,18,13,30,28,29,14,16,6527,386,1510,26,27,431,553,6263],"class_list":{"0":"post-132681","1":"post","2":"type-post","3":"status-publish","4":"format-standard","5":"has-post-thumbnail","7":"category-overskrifter","8":"tag-art","9":"tag-breaking-news","10":"tag-breakingnews","11":"tag-faerder","12":"tag-featured-news","13":"tag-featurednews","14":"tag-headlines","15":"tag-hovedoppslag","16":"tag-kulde","17":"tag-latest-news","18":"tag-latestnews","19":"tag-main-news","20":"tag-mainnews","21":"tag-news","22":"tag-no","23":"tag-norge","24":"tag-norway","25":"tag-nyheter","26":"tag-overskrifter","27":"tag-sno","28":"tag-sol","29":"tag-story","30":"tag-top-stories","31":"tag-topstories","32":"tag-tonsberg","33":"tag-vaer","34":"tag-vinter"},"share_on_mastodon":{"url":"https:\/\/pubeurope.com\/@no\/115863642676351835","error":""},"_links":{"self":[{"href":"https:\/\/www.europesays.com\/no\/wp-json\/wp\/v2\/posts\/132681","targetHints":{"allow":["GET"]}}],"collection":[{"href":"https:\/\/www.europesays.com\/no\/wp-json\/wp\/v2\/posts"}],"about":[{"href":"https:\/\/www.europesays.com\/no\/wp-json\/wp\/v2\/types\/post"}],"author":[{"embeddable":true,"href":"https:\/\/www.europesays.com\/no\/wp-json\/wp\/v2\/users\/2"}],"replies":[{"embeddable":true,"href":"https:\/\/www.europesays.com\/no\/wp-json\/wp\/v2\/comments?post=132681"}],"version-history":[{"count":0,"href":"https:\/\/www.europesays.com\/no\/wp-json\/wp\/v2\/posts\/132681\/revisions"}],"wp:featuredmedia":[{"embeddable":true,"href":"https:\/\/www.europesays.com\/no\/wp-json\/wp\/v2\/media\/132682"}],"wp:attachment":[{"href":"https:\/\/www.europesays.com\/no\/wp-json\/wp\/v2\/media?parent=132681"}],"wp:term":[{"taxonomy":"category","embeddable":true,"href":"https:\/\/www.europesays.com\/no\/wp-json\/wp\/v2\/categories?post=132681"},{"taxonomy":"post_tag","embeddable":true,"href":"https:\/\/www.europesays.com\/no\/wp-json\/wp\/v2\/tags?post=132681"}],"curies":[{"name":"wp","href":"https:\/\/api.w.org\/{rel}","templated":true}]}}