{"id":132683,"date":"2026-01-09T06:09:09","date_gmt":"2026-01-09T06:09:09","guid":{"rendered":"https:\/\/www.europesays.com\/no\/132683\/"},"modified":"2026-01-09T06:09:09","modified_gmt":"2026-01-09T06:09:09","slug":"samsung-vant-nettopp-ces-2026-med-sin-foldbare-oled-skjerm-uten-synlig-brett-men-jeg-haper-iphone-fold-far-den-forst","status":"publish","type":"post","link":"https:\/\/www.europesays.com\/no\/132683\/","title":{"rendered":"Samsung vant nettopp CES 2026 med sin foldbare OLED-skjerm uten synlig brett \u2013 men jeg h\u00e5per iPhone Fold f\u00e5r den f\u00f8rst"},"content":{"rendered":"<p id=\"165cdad8-b22e-46df-8820-0358b66ccee4\"><a data-analytics-id=\"inline-link\" href=\"https:\/\/global.techradar.com\/no-no\/tag\/samsung\" data-auto-tag-linker=\"true\" data-url=\"https:\/\/global.techradar.com\/no-no\/tag\/samsung\" data-hl-processed=\"none\" data-mrf-recirculation=\"inline-link\" data-before-rewrite-localise=\"https:\/\/global.techradar.com\/no-no\/tag\/samsung\" rel=\"nofollow noopener\" target=\"_blank\">Samsung<\/a> vant nettopp CES 2026. Hvis du sp\u00f8r meg, kan alle andre produsenter og teknologiselskaper pr\u00f8ve igjen neste \u00e5r, for ingenting p\u00e5 \u00e5rets messe var i n\u00e6rheten av \u00e5 v\u00e6re s\u00e5 imponerende som Samsungs fullstendig brettfrie, foldbare <a data-analytics-id=\"inline-link\" href=\"https:\/\/global.techradar.com\/no-no\/tag\/oled\" data-auto-tag-linker=\"true\" data-url=\"https:\/\/global.techradar.com\/no-no\/tag\/oled\" data-hl-processed=\"none\" data-mrf-recirculation=\"inline-link\" data-before-rewrite-localise=\"https:\/\/global.techradar.com\/no-no\/tag\/oled\" rel=\"nofollow noopener\" target=\"_blank\">OLED<\/a>-skjerm.<\/p>\n<p>Men hva betyr dette egentlig? Kort sagt har Samsung utviklet en brettbar skjerm som blir helt flat n\u00e5r den brettes ut. Frem til n\u00e5 har alle foldbare skjermer hatt en synlig brett i midten \u2013 noen ganger dyp, noen ganger subtil \u2013 der panelet brettes. Det har lenge blitt sett p\u00e5 som et n\u00f8dvendig kompromiss, en pris \u00e5 betale for den st\u00f8rre skjermplassen som brettbare telefoner gir.<\/p>\n<p><a id=\"elk-seasonal\" data-url=\"\" href=\"\" target=\"_blank\" referrerpolicy=\"no-referrer-when-downgrade\" data-hl-processed=\"none\"\/><\/p>\n<p id=\"165cdad8-b22e-46df-8820-0358b66ccee4-2\">Samsungs nye skjerm, som fortsatt bare er en teknisk demo og ikke i noe annonsert produkt, eliminerer i hovedsak dette problemet fullstendig. Ingen bretter, ingen synlige spor \u2013 bare en glatt ytre skjerm som brettes ut til en like glatt indre skjerm. Ett kompromiss mindre for de som \u00f8nsker \u00e5 v\u00e6re i forkant av teknologien.<\/p>\n<p>Du liker kanskje<\/p>\n<p class=\"paywall\" aria-hidden=\"true\">Hvis du er som meg, begynner tankene dine umiddelbart \u00e5 vandre til neste generasjons Galaxy Z Fold, eller kanskje til og med en oppf\u00f8lger til <a data-analytics-id=\"inline-link\" href=\"https:\/\/global.techradar.com\/no-no\/phones\/samsung-galaxy-phones\/samsung-avduker-galaxy-z-trifold-en-brettbar-enhet-som-lever-opp-til-navnet-sitt\" target=\"_blank\" data-url=\"https:\/\/global.techradar.com\/no-no\/phones\/samsung-galaxy-phones\/samsung-avduker-galaxy-z-trifold-en-brettbar-enhet-som-lever-opp-til-navnet-sitt\" data-hl-processed=\"none\" data-mrf-recirculation=\"inline-link\" data-before-rewrite-localise=\"https:\/\/global.techradar.com\/no-no\/phones\/samsung-galaxy-phones\/samsung-avduker-galaxy-z-trifold-en-brettbar-enhet-som-lever-opp-til-navnet-sitt\" rel=\"nofollow noopener\">Galaxy Z Trifold<\/a> som ventes \u00e5 lanseres i USA senere i \u00e5r. Det virker rimelig at en innovasjon som denne fra Samsung Display f\u00f8rst og fremst vil v\u00e6re til fordel for Samsungs egen mobilavdeling, ikke sant?<\/p>\n<p class=\"vanilla-image-block\" style=\"padding-top:42.19%;\">\n<p><img decoding=\"async\" src=\"https:\/\/www.europesays.com\/no\/wp-content\/uploads\/2026\/01\/BvKNgTXcvF4VNKYComW2tQ.jpg\" alt=\"Samsung Galaxy Z Trifold\"   loading=\"lazy\" data-new-v2-image=\"true\" data-original-mos=\"https:\/\/www.europesays.com\/no\/wp-content\/uploads\/2026\/01\/BvKNgTXcvF4VNKYComW2tQ.jpg\" data-pin-media=\"https:\/\/www.europesays.com\/no\/wp-content\/uploads\/2026\/01\/BvKNgTXcvF4VNKYComW2tQ.jpg\" class=\"inline\"\/>\n<\/p>\n<p>(Image credit: Lance Ulanoff \/ Future)<\/p>\n<p id=\"c48f29af-9e20-4d78-85b7-fbe9fc33eb91\">I virkeligheten er det imidlertid ikke helt s\u00e5 enkelt. Selv om Samsung teknisk sett eier Samsung Display, er selskapet og Samsungs mobilvirksomhet separate enheter som kan inng\u00e5 og administrere sine egne avtaler. Det er slik Samsung for tiden leverer skjermer til iPhone, til tross for at <a data-analytics-id=\"inline-link\" href=\"https:\/\/global.techradar.com\/no-no\/tag\/apple\" data-auto-tag-linker=\"true\" data-url=\"https:\/\/global.techradar.com\/no-no\/tag\/apple\" data-hl-processed=\"none\" data-mrf-recirculation=\"inline-link\" data-before-rewrite-localise=\"https:\/\/global.techradar.com\/no-no\/tag\/apple\" rel=\"nofollow noopener\" target=\"_blank\">Apple<\/a> er den st\u00f8rste rivalen i mobilmarkedet (legg den tanken til side et \u00f8yeblikk).<\/p>\n<p>Tilbake til den nye, brettfrie, foldbare skjermen \u2013 selv om det er sv\u00e6rt sannsynlig at vi vil se en versjon av teknologien i fremtidige brettbare Samsung-telefoner, er det ingen garanti for at Galaxy-modeller vil v\u00e6re f\u00f8rst.<\/p>\n<p>Faktisk peker nylige rykter fra flere kilder p\u00e5 det stikk motsatte \u2013 den r\u00e5dende oppfatningen p\u00e5 rykteb\u00f8rsen er at <a data-analytics-id=\"inline-link\" href=\"https:\/\/www.techradar.com\/phones\/iphone\/samsung-just-revealed-the-first-creaseless-foldable-screen-and-it-could-be-a-serious-hint-towards-the-iphone-fold\" target=\"_blank\" data-mrf-recirculation=\"inline-link\" rel=\"nofollow noopener\">Apples lenge etterlengtede brettbare iPhone<\/a> kan f\u00e5 dette nye Samsung-panelet.<\/p>\n<p class=\"newsletter-form__strapline\">Registrer deg for siste nytt, anmeldelser, meninger, toppteknologiske tilbud og mer.<\/p>\n<p>Og til tross for analytiker Ming-Chi Kuos <a data-analytics-id=\"inline-link\" href=\"https:\/\/www.macrumors.com\/2026\/01\/06\/foldable-iphone-display-previewed-ces-2026\/\" target=\"_blank\" data-url=\"https:\/\/www.macrumors.com\/2026\/01\/06\/foldable-iphone-display-previewed-ces-2026\/\" referrerpolicy=\"no-referrer-when-downgrade\" data-hl-processed=\"none\" data-mrf-recirculation=\"inline-link\" rel=\"nofollow noopener\">p\u00e5stand<\/a> om at Galaxy Z Fold 8 ogs\u00e5 kan f\u00e5 ny skjermteknologi, skal jeg stikke haken ut og si at det faktisk er mer sannsynlig at iPhone Fold vil f\u00e5 Samsungs brettfrie, foldbare OLED f\u00f8r noen annen telefon.<\/p>\n<p>Det h\u00f8res kanskje rart ut, men jeg tror det til syvende og sist vil v\u00e6re til fordel for Samsungs mobilavdeling p\u00e5 lang sikt. La meg forklare.<\/p>\n<p class=\"vanilla-image-block\" style=\"padding-top:56.25%;\">\n<p><img decoding=\"async\" src=\"https:\/\/www.europesays.com\/no\/wp-content\/uploads\/2026\/01\/WU7brKPHjxQWpx2gZdCfLE.jpg\" alt=\"iPhone Air\"   loading=\"lazy\" data-new-v2-image=\"true\" data-original-mos=\"https:\/\/www.europesays.com\/no\/wp-content\/uploads\/2026\/01\/WU7brKPHjxQWpx2gZdCfLE.jpg\" data-pin-media=\"https:\/\/www.europesays.com\/no\/wp-content\/uploads\/2026\/01\/WU7brKPHjxQWpx2gZdCfLE.jpg\" class=\"inline\"\/>\n<\/p>\n<p>(Image credit: Future)<\/p>\n<p id=\"a0d72ff7-aae3-41b2-9da8-9ef301272fdb\">For det f\u00f8rste ser det ut til at Samsung er litt i en knipe n\u00e5r det gjelder mobilpriser akkurat n\u00e5, sannsynligvis p\u00e5 grunn av global ustabilitet, amerikanske tollsatser og AIs innvirkning p\u00e5 komponentpriser.<\/p>\n<p>Du liker kanskje<\/p>\n<p>Jeg <a data-analytics-id=\"inline-link\" href=\"https:\/\/www.techradar.com\/phones\/samsung-galaxy-phones\/the-samsung-galaxy-s26-ultra-might-not-get-any-camera-upgrades-but-thats-fine-if-it-means-we-avoid-a-price-hike\" target=\"_blank\" data-mrf-recirculation=\"inline-link\" rel=\"nofollow noopener\">skrev nylig om rykter<\/a> som antyder at Galaxy S26-serien kanskje ikke f\u00e5r noen st\u00f8rre kameraoppgraderinger for \u00e5 holde kostnadene nede, men <a data-analytics-id=\"inline-link\" href=\"https:\/\/www.techradar.com\/phones\/samsung-galaxy-phones\/the-samsung-galaxy-s26-series-will-almost-certainly-launch-on-february-25-and-a-price-hike-looks-likely\" target=\"_blank\" data-mrf-recirculation=\"inline-link\" rel=\"nofollow noopener\">senere tips<\/a> peker fortsatt p\u00e5 pris\u00f8kninger. N\u00e5r det gjelder brettbare telefoner spesifikt, fikk Galaxy Z Fold 7 en h\u00f8yere pris enn forgjengeren, og den koster n\u00e5 godt over 20 000 kroner.<\/p>\n<p>Og hvorfor h\u00f8re p\u00e5 rykter n\u00e5r Samsung selv har sagt det rett ut? P\u00e5 CES sa Wonjin Lee, Samsungs globale markedsf\u00f8ringssjef, til <a data-analytics-id=\"inline-link\" href=\"https:\/\/www.bloomberg.com\/news\/articles\/2026-01-07\/samsung-warns-of-price-hikes-as-rising-memory-costs-affect-all\" target=\"_blank\" data-url=\"https:\/\/www.bloomberg.com\/news\/articles\/2026-01-07\/samsung-warns-of-price-hikes-as-rising-memory-costs-affect-all\" referrerpolicy=\"no-referrer-when-downgrade\" data-hl-processed=\"none\" data-mrf-recirculation=\"inline-link\" rel=\"nofollow noopener\">Bloomberg<\/a>: \u00abVi \u00f8nsker ikke \u00e5 legge den byrden p\u00e5 forbrukerne, men vi kommer faktisk til et punkt der vi m\u00e5 vurdere \u00e5 justere prisene.\u00bb<\/p>\n<p>Det er flott med nye skjermer, men det er ikke vanskelig \u00e5 forestille seg at det \u00e5 utstyre Galaxy Z Fold 8 med s\u00e5 avansert ny teknologi kan f\u00f8re til ytterligere pris\u00f8kninger \u2013 spesielt gitt markedssituasjonen og Samsungs egne uttalelser. Det er fortsatt spekulasjoner, men alt dette gj\u00f8r meg tvilende.<\/p>\n<p class=\"vanilla-image-block\" style=\"padding-top:56.25%;\">\n<p><img decoding=\"async\" src=\"https:\/\/www.europesays.com\/no\/wp-content\/uploads\/2026\/01\/VKF3YzFPFC7nMZdTNJV3D8.jpg\" alt=\"Samsung Galaxy Z Fold 7\"   loading=\"lazy\" data-new-v2-image=\"true\" data-original-mos=\"https:\/\/www.europesays.com\/no\/wp-content\/uploads\/2026\/01\/VKF3YzFPFC7nMZdTNJV3D8.jpg\" data-pin-media=\"https:\/\/www.europesays.com\/no\/wp-content\/uploads\/2026\/01\/VKF3YzFPFC7nMZdTNJV3D8.jpg\" class=\"inline\"\/>\n<\/p>\n<p>(Image credit: Lance Ulanoff \/ Future)<\/p>\n<p id=\"7618288f-86e4-4b24-b277-6b6832736cf0\">Galaxy Z Fold 7 er allerede den dyreste foldbare telefonen som er tilgjengelig, s\u00e5 jeg tror Samsung ville gjort lurt i \u00e5 ta det med ro i kassen i \u00e5r. Videre <a data-analytics-id=\"inline-link\" href=\"https:\/\/www.techradar.com\/phones\/samsung-galaxy-phones\/how-much-will-the-galaxy-z-trifold-cost-im-a-samsung-expert-and-heres-my-prediction\" target=\"_blank\" data-mrf-recirculation=\"inline-link\" rel=\"nofollow noopener\">venter vi at Galaxy Z Trifold lanseres til en pris p\u00e5 rundt 2 799 dollar<\/a> (rundt 30 000 norske kroner), noe som rett og slett er utenfor rekkevidde for de fleste forbrukere. S\u00e5 jeg h\u00e5per Samsung tenker p\u00e5 overkommelighet n\u00e5r det gjelder deres ikoniske foldbare modell.<\/p>\n<p>30 000-kronersterskelen for brettbare telefoner vil bli brutt f\u00f8r eller siden, men Cupertino er en mye bedre kandidat til \u00e5 gj\u00f8re det f\u00f8rst. Apple er allerede synonymt med h\u00f8ye priser, og brukerne er derfor mer villige til \u00e5 akseptere en ekstremt dyr foldbar iPhone. Videre, hvis det er tekniske problemer med den nye skjermen \u2013 noe som alltid kan skje med ny teknologi \u2013 m\u00e5 Apple h\u00e5ndtere eller i det minste dele PR-konsekvensene, i stedet for at Samsung st\u00e5r alene.<\/p>\n<p>Igjen, mye av dette er spekulativt, men jeg ser en vei som gagner Samsung p\u00e5 lang sikt, selv om det betyr \u00e5 gi opp noe av rampelyset. Hvis Samsung kan utstyre sin neste foldbare telefon med dette avanserte panelet uten \u00e5 \u00f8ke prisen, er jeg helt for det \u2013 jeg tror bare det n\u00e5v\u00e6rende klimaet gj\u00f8r det usannsynlig.<\/p>\n<p>Vi kommer til \u00e5 teste alle nye Samsung- og Apple-telefoner som treffer butikkhyllene, s\u00e5 f\u00f8<a data-analytics-id=\"inline-link\" href=\"https:\/\/global.techradar.com\/no-no\/tag\/lg\" data-auto-tag-linker=\"true\" data-url=\"https:\/\/global.techradar.com\/no-no\/tag\/lg\" data-hl-processed=\"none\" data-mrf-recirculation=\"inline-link\" data-before-rewrite-localise=\"https:\/\/global.techradar.com\/no-no\/tag\/lg\" rel=\"nofollow noopener\" target=\"_blank\">lg<\/a> med p\u00e5 guidene v\u00e5re til <a data-analytics-id=\"inline-link\" href=\"https:\/\/global.techradar.com\/no-no\/news\/beste-samsung-telefoner\" target=\"_blank\" data-url=\"https:\/\/global.techradar.com\/no-no\/news\/beste-samsung-telefoner\" data-hl-processed=\"none\" data-mrf-recirculation=\"inline-link\" data-before-rewrite-localise=\"https:\/\/global.techradar.com\/no-no\/news\/beste-samsung-telefoner\" rel=\"nofollow noopener\">de beste Samsung Galaxy-telefonene<\/a> og <a data-analytics-id=\"inline-link\" href=\"https:\/\/global.techradar.com\/no-no\/best\/beste-iphone\" target=\"_blank\" data-url=\"https:\/\/global.techradar.com\/no-no\/best\/beste-iphone\" data-hl-processed=\"none\" data-mrf-recirculation=\"inline-link\" data-before-rewrite-localise=\"https:\/\/global.techradar.com\/no-no\/best\/beste-iphone\" rel=\"nofollow noopener\">de beste iPhonene<\/a> for \u00e5 f\u00e5 oversikt over de nyeste og beste modellene.<\/p>\n<p><a id=\"elk-eb62917a-4f0e-46e6-92f5-e9d194209f55\" class=\"paywall\" aria-hidden=\"true\" data-url=\"\" href=\"\" target=\"_blank\" referrerpolicy=\"no-referrer-when-downgrade\" data-hl-processed=\"none\"\/><\/p>\n<p>Dagens beste tilbud p\u00e5 Samsung Galaxy Z Fold 7<\/p>\n","protected":false},"excerpt":{"rendered":"Samsung vant nettopp CES 2026. Hvis du sp\u00f8r meg, kan alle andre produsenter og teknologiselskaper pr\u00f8ve igjen neste&hellip;\n","protected":false},"author":2,"featured_media":132684,"comment_status":"","ping_status":"","sticky":false,"template":"","format":"standard","meta":{"footnotes":""},"categories":[57],"tags":[30,28,29,65,63,64,66,70,69,67,68],"class_list":{"0":"post-132683","1":"post","2":"type-post","3":"status-publish","4":"format-standard","5":"has-post-thumbnail","7":"category-vitenskap-og-teknologi","8":"tag-no","9":"tag-norge","10":"tag-norway","11":"tag-science","12":"tag-science-and-technology","13":"tag-scienceandtechnology","14":"tag-technology","15":"tag-teknologi","16":"tag-vitenskap","17":"tag-vitenskap-og-teknologi","18":"tag-vitenskapteknologi"},"share_on_mastodon":{"url":"https:\/\/pubeurope.com\/@no\/115863654470530014","error":""},"_links":{"self":[{"href":"https:\/\/www.europesays.com\/no\/wp-json\/wp\/v2\/posts\/132683","targetHints":{"allow":["GET"]}}],"collection":[{"href":"https:\/\/www.europesays.com\/no\/wp-json\/wp\/v2\/posts"}],"about":[{"href":"https:\/\/www.europesays.com\/no\/wp-json\/wp\/v2\/types\/post"}],"author":[{"embeddable":true,"href":"https:\/\/www.europesays.com\/no\/wp-json\/wp\/v2\/users\/2"}],"replies":[{"embeddable":true,"href":"https:\/\/www.europesays.com\/no\/wp-json\/wp\/v2\/comments?post=132683"}],"version-history":[{"count":0,"href":"https:\/\/www.europesays.com\/no\/wp-json\/wp\/v2\/posts\/132683\/revisions"}],"wp:featuredmedia":[{"embeddable":true,"href":"https:\/\/www.europesays.com\/no\/wp-json\/wp\/v2\/media\/132684"}],"wp:attachment":[{"href":"https:\/\/www.europesays.com\/no\/wp-json\/wp\/v2\/media?parent=132683"}],"wp:term":[{"taxonomy":"category","embeddable":true,"href":"https:\/\/www.europesays.com\/no\/wp-json\/wp\/v2\/categories?post=132683"},{"taxonomy":"post_tag","embeddable":true,"href":"https:\/\/www.europesays.com\/no\/wp-json\/wp\/v2\/tags?post=132683"}],"curies":[{"name":"wp","href":"https:\/\/api.w.org\/{rel}","templated":true}]}}