{"id":132691,"date":"2026-01-09T06:22:14","date_gmt":"2026-01-09T06:22:14","guid":{"rendered":"https:\/\/www.europesays.com\/no\/132691\/"},"modified":"2026-01-09T06:22:14","modified_gmt":"2026-01-09T06:22:14","slug":"jesy-nelson-apner-opp-om-tvillingdotrenes-sjeldne-diagnose","status":"publish","type":"post","link":"https:\/\/www.europesays.com\/no\/132691\/","title":{"rendered":"Jesy Nelson \u00e5pner opp om tvillingd\u00f8trenes sjeldne diagnose"},"content":{"rendered":"<p class=\"kicker \" style=\"\">Tobarnsmoren letter p\u00e5 sl\u00f8ret:<\/p>\n<p>    Kommer med hjerteskj\u00e6rende oppdatering om d\u00f8trenes helse.<\/p>\n<p>\n    KREVENDE PERIODE: Livet har blitt snudd fullstendig p\u00e5 hodet for de lykkelige tobarnsforeldrene. N\u00e5 g\u00e5r de en usikker fremtid i m\u00f8te. Foto: Skjermbilde: @jesynelson \/ Instagram\n  <\/p>\n<p>Sangeren Jesy Nelson (34) ble emosjonell da hun snakket om helsen til sine \u00e5tte m\u00e5neder gamle tvillingd\u00f8tre i sitt f\u00f8rste intervju siden hun delte den sjeldne diagnosen de begge lider av.<\/p>\n<p>Da hun dukket opp i det britiske talkshowet \u00abThis Morning\u00bb tidligere denne uken, kunne 34-\u00e5ringen t\u00e5rev\u00e5t fortelle at responsen hadde v\u00e6rt overveldende, skriver\u00a0<a href=\"https:\/\/people.com\/jesy-nelson-cries-in-first-interview-since-revealing-baby-twin-daughters-may-never-walk-11880606\" rel=\"nofollow noopener\" target=\"_blank\">People<\/a>.<\/p>\n<p>        ROMANSERYKTER: Sondre Sundby har endelig f\u00e5tt seg kj\u00e6reste, men r\u00f8per at dama kan bli sjalu p\u00e5 forholdet hans til \u00abFarmen kjendis\u00bb-kollegaen. Reporter: Thea Hope\/Nora Skavhaug. Video: Sanne Holt\/ TV 2\/ R\u00f8d L\u00f8per<\/p>\n<p>Det som skulle v\u00e6re en gledens tid, utartet seg raskt til en bekymringsfull og s\u00f8vnl\u00f8s aff\u00e6re da den tidligere \u00abLittle Mix\u00bb-sangeren ble tvillingmamma p\u00e5 v\u00e5rparten i fjor.<\/p>\n<p>        <img loading=\"lazy\" decoding=\"async\" src=\"https:\/\/www.europesays.com\/no\/wp-content\/uploads\/2026\/01\/84070985.webp.webp\" width=\"667\" height=\"401\" title=\"SORG: Tvillingene til artisten lider av en alvorlig sykdom. Foto: Skjermbilde: @jesynelson \/ Instagram\" alt=\"\" class=\"\" style=\"--aspect-ratio-image: 1.66; \"\/><\/p>\n<p>\n        SORG: Tvillingene til artisten lider av en alvorlig sykdom. Foto: Skjermbilde: @jesynelson \/ Instagram\n    <\/p>\n<p>De vesle jentene bestemte seg nemlig for \u00e5 komme til verden lenge f\u00f8r termin, men sangfuglen kunne den gang berolige fansen med at d\u00f8trene var friske og raske.\u00a0<\/p>\n<p>        <img loading=\"lazy\" decoding=\"async\" src=\"https:\/\/www.europesays.com\/no\/wp-content\/uploads\/2026\/01\/84071000.webp.webp\" width=\"667\" height=\"461\" title=\"STOLT: Tobarnsforeldrene viste d\u00f8trene stolt frem p\u00e5 TV-programmet \u00abThis Morning\u00bb sommeren 2025. Foto: NTB\" alt=\"\" class=\"\" style=\"--aspect-ratio-image: 1.45; \"\/><\/p>\n<p>\n        STOLT: Tobarnsforeldrene viste d\u00f8trene stolt frem p\u00e5 TV-programmet \u00abThis Morning\u00bb sommeren 2025. Foto: NTB\n    <\/p>\n<p class=\"font-weight-bold m-font-weight-bold\" data-lab-font_weight=\"font-weight-bold\">Men s\u00e5 kom den hjerteskj\u00e6rende nyheten. D\u00f8trene ble nylig diagnostisert med den alvorlige muskelsykdommen SMA (Spinal Muskelatrofi, journ.anm), noe artisten selv delte i en lang video p\u00e5 Instagram.<\/p>\n<p class=\"no_italic m-no_italic\" data-lab-italic=\"\">&#8211; De siste tre m\u00e5nedene har v\u00e6rt krevende for meg. Jeg f\u00f8ler at livet har tatt en real u-sving\u00bb, delte\u00a0hun \u00e5penhjertig til f\u00f8lgerne sine.<\/p>\n<p>I videoen la artisten til at tvillingene ikke har beveget seg slik som de burde, samt at de har hatt vanskeligheter med \u00e5 spise.<\/p>\n<p>    Spinal Muskelatrofi<\/p>\n<p><a href=\"https:\/\/www.google.com\/search?sca_esv=0128576e80ac6db7&amp;rlz=1C1GCEA_enNO1155NO1156&amp;sxsrf=AE3TifOgix0bysDoqM1sB2ihsXRQldKgzw%3A1767539746399&amp;q=Spinal+Muskelatrofi&amp;sa=X&amp;sqi=2&amp;ved=2ahUKEwjLqNfVlvKRAxXwBBAIHcatKucQxccNegQIKBAB&amp;mstk=AUtExfDnvpBJKjmJmk2QV0zu0mPiVn2elkSP60ifPjfwPT66jGCO5G61CLQL8CPegJ-jQSiCyOSorlFExtRrxa92HdkIx2sUMAZ65dKG-KtzKt4VEPrmSZex3eeALMb1KaxHVEKzZwtl3iB__jAu5XQBCeLUgciDYwbsIzhLXPeXjeaIMZhDiNc9-bkMiww6-m5TFIYJqm21NAwJC6l9LPGdMhse_3W0k_Nd6XDowJ8-TPbg1GRT1v5ZGfY61V1xwmYIBdUQdg-Ekx4gqBXNlxSSwdPM&amp;csui=3\" rel=\"nofollow noopener\" target=\"_blank\">Spinal Muskelatrofi<\/a>\u00a0er\u00a0en alvorlig, arvelig genetisk sykdom som f\u00f8rer til gradvis tap av motoriske nerveceller i ryggmargen, noe som resulterer i muskelsvakhet og svinn, p\u00e5virkning av pust og svelging, og kan ramme fra spedbarn til voksne, men intelligensen er normal.\u00a0<\/p>\n<p>Sykdommen deles inn i typer basert p\u00e5 alvorlighetsgrad, hvor de mest alvorlige formene debuterer tidlig, mens mildere former kan vise seg senere i livet.\u00a0<\/p>\n<p>Takket v\u00e6re ny behandling som genterapi (Zolgensma) og medisiner\u00a0(<a href=\"https:\/\/www.google.com\/search?sca_esv=0128576e80ac6db7&amp;rlz=1C1GCEA_enNO1155NO1156&amp;sxsrf=AE3TifOgix0bysDoqM1sB2ihsXRQldKgzw%3A1767539746399&amp;q=Spinraza&amp;sa=X&amp;sqi=2&amp;ved=2ahUKEwjLqNfVlvKRAxXwBBAIHcatKucQxccNegQILhAB&amp;mstk=AUtExfDnvpBJKjmJmk2QV0zu0mPiVn2elkSP60ifPjfwPT66jGCO5G61CLQL8CPegJ-jQSiCyOSorlFExtRrxa92HdkIx2sUMAZ65dKG-KtzKt4VEPrmSZex3eeALMb1KaxHVEKzZwtl3iB__jAu5XQBCeLUgciDYwbsIzhLXPeXjeaIMZhDiNc9-bkMiww6-m5TFIYJqm21NAwJC6l9LPGdMhse_3W0k_Nd6XDowJ8-TPbg1GRT1v5ZGfY61V1xwmYIBdUQdg-Ekx4gqBXNlxSSwdPM&amp;csui=3\" rel=\"nofollow noopener\" target=\"_blank\">Spinraza,\u00a0Risdiplam), kan sykdomsforl\u00f8pet mildnes.<\/a><\/p>\n<p>Kilde: SNL.<\/p>\n<p>      Vis mer<br \/>\n      Vis mindre<\/p>\n<p class=\"no_italic m-no_italic\" data-lab-italic=\"\">&#8211; I bunn og grunn dreper sykdommen musklene i kroppen. Blir de ikke behandlet i tide, er forventet levealder bare to \u00e5r, fortsatte\u00a0hun t\u00e5rev\u00e5t i videoen.<\/p>\n<p>    <a itemprop=\"url\" href=\"https:\/\/www.seher.no\/kongelig\/deler-nye-bilder\/84069758\" rel=\"nofollow noopener\" target=\"_blank\"><\/p>\n<p>        <img loading=\"lazy\" decoding=\"async\" src=\"https:\/\/www.europesays.com\/no\/wp-content\/uploads\/2026\/01\/84069866.webp.webp\" width=\"980\" height=\"441\" title=\"Deler nye bilder\" alt=\"\" class=\"lazyload\" style=\"--aspect-ratio-image: 2.22; \"\/><\/p>\n<p>        Deler nye bilder<\/p>\n<p>    <\/a><\/p>\n<p class=\"font-weight-bold m-font-weight-bold\" data-lab-font_weight=\"font-weight-bold\">&#8211; Det har v\u00e6rt s\u00e5 mange historier der foreldre har blitt fortalt det ene og det andre, hvor barna har endt opp med \u00e5 gj\u00f8re utrolige ting. Vi m\u00e5 bare manifestere at det kommer til \u00e5 g\u00e5 bra. De smiler fortsatt. De er fortsatt glade. De har hverandre, og det er det viktigste. Jeg er takknemlig for at de g\u00e5r gjennom dette sammen. Det er noe vakkert i det. Det eneste jeg kan gj\u00f8re er \u00e5 v\u00e6re der for dem &#8211; og gi dem positive tilbakemeldinger, sa Jesy i talkshowet.<\/p>\n<p>        <img loading=\"lazy\" decoding=\"async\" src=\"https:\/\/www.europesays.com\/no\/wp-content\/uploads\/2026\/01\/84071039.webp.webp\" width=\"686\" height=\"858\" title=\"STERKT PREGET: Jesy delte \u00e5penhjertig at det har v\u00e6rt sv\u00e6rt krevende for familien \u00e5 st\u00e5 i den utfordrende situasjonen. Foto: NTB\" alt=\"\" class=\"\" style=\"--aspect-ratio-image: 0.80; \"\/><\/p>\n<p>\n        STERKT PREGET: Jesy delte \u00e5penhjertig at det har v\u00e6rt sv\u00e6rt krevende for familien \u00e5 st\u00e5 i den utfordrende situasjonen. Foto: NTB\n    <\/p>\n<p>Samtidig som hun t\u00f8rket sine modige t\u00e5rer, var hun \u00e6rlig p\u00e5 at hele livet hadde endret seg fullstendig.\u00a0<\/p>\n<p class=\"font-weight-bold m-font-weight-bold\" data-lab-font_weight=\"font-weight-bold\">Istedenfor babygym og leker, er gangen fylt opp med medisinske ting og tobarnshjemmet har br\u00e5tt blitt forvandlet til et sykehus.<\/p>\n<p>        <img loading=\"lazy\" decoding=\"async\" src=\"https:\/\/www.europesays.com\/no\/wp-content\/uploads\/2026\/01\/84071058.webp.webp\" width=\"667\" height=\"547\" title=\"VANSKELIG: Latter og glede er byttet ut med sorg og bekymringer i Jesys hjem. Foto: Skjermbilde: @jesynelson \/ Instagram\" alt=\"\" class=\"\" style=\"--aspect-ratio-image: 1.22; \"\/><\/p>\n<p>\n        VANSKELIG: Latter og glede er byttet ut med sorg og bekymringer i Jesys hjem. Foto: Skjermbilde: @jesynelson \/ Instagram\n    <\/p>\n<p class=\"\">&#8211; En av dem m\u00e5 ogs\u00e5 ha pustemaske om natten. Hun er ikke sterk nok til \u00e5 puste selv. Jeg m\u00e5 legge ern\u00e6ringsslanger nedover nesen deres for \u00e5 f\u00e5 ut sekret fra brystet deres. Jeg har m\u00e5ttet l\u00e6re dette i l\u00f8pet av noen f\u00e5 dager, og det er s\u00e5 mye \u00e5 forholde seg til samtidig som man ogs\u00e5 fors\u00f8ker \u00e5 takle dette som bare er grusomt. Jeg vil bare v\u00e6re en mamma, ikke en sykepleier for barna mine, sa hun gr\u00e5tkvalt, f\u00f8r programlederne l\u00e5 en tr\u00f8stende h\u00e5nd p\u00e5 l\u00e5ret hennes.<\/p>\n","protected":false},"excerpt":{"rendered":"Tobarnsmoren letter p\u00e5 sl\u00f8ret: Kommer med hjerteskj\u00e6rende oppdatering om d\u00f8trenes helse. KREVENDE PERIODE: Livet har blitt snudd fullstendig&hellip;\n","protected":false},"author":2,"featured_media":132692,"comment_status":"","ping_status":"","sticky":false,"template":"","format":"standard","meta":{"footnotes":""},"categories":[58],"tags":[4104,71,15339,479,2556,30,28,29,72],"class_list":{"0":"post-132691","1":"post","2":"type-post","3":"status-publish","4":"format-standard","5":"has-post-thumbnail","7":"category-underholdning","8":"tag-eksklusivt","9":"tag-entertainment","10":"tag-jesy-nelson","11":"tag-kjendis","12":"tag-little-mix","13":"tag-no","14":"tag-norge","15":"tag-norway","16":"tag-underholdning"},"share_on_mastodon":{"url":"https:\/\/pubeurope.com\/@no\/115863705755015592","error":""},"_links":{"self":[{"href":"https:\/\/www.europesays.com\/no\/wp-json\/wp\/v2\/posts\/132691","targetHints":{"allow":["GET"]}}],"collection":[{"href":"https:\/\/www.europesays.com\/no\/wp-json\/wp\/v2\/posts"}],"about":[{"href":"https:\/\/www.europesays.com\/no\/wp-json\/wp\/v2\/types\/post"}],"author":[{"embeddable":true,"href":"https:\/\/www.europesays.com\/no\/wp-json\/wp\/v2\/users\/2"}],"replies":[{"embeddable":true,"href":"https:\/\/www.europesays.com\/no\/wp-json\/wp\/v2\/comments?post=132691"}],"version-history":[{"count":0,"href":"https:\/\/www.europesays.com\/no\/wp-json\/wp\/v2\/posts\/132691\/revisions"}],"wp:featuredmedia":[{"embeddable":true,"href":"https:\/\/www.europesays.com\/no\/wp-json\/wp\/v2\/media\/132692"}],"wp:attachment":[{"href":"https:\/\/www.europesays.com\/no\/wp-json\/wp\/v2\/media?parent=132691"}],"wp:term":[{"taxonomy":"category","embeddable":true,"href":"https:\/\/www.europesays.com\/no\/wp-json\/wp\/v2\/categories?post=132691"},{"taxonomy":"post_tag","embeddable":true,"href":"https:\/\/www.europesays.com\/no\/wp-json\/wp\/v2\/tags?post=132691"}],"curies":[{"name":"wp","href":"https:\/\/api.w.org\/{rel}","templated":true}]}}