{"id":132695,"date":"2026-01-09T06:29:06","date_gmt":"2026-01-09T06:29:06","guid":{"rendered":"https:\/\/www.europesays.com\/no\/132695\/"},"modified":"2026-01-09T06:29:06","modified_gmt":"2026-01-09T06:29:06","slug":"dette-er-de-nye-deltakerne-i-team-polsa-nrk-norge-oversikt-over-nyheter-fra-ulike-deler-av-landet","status":"publish","type":"post","link":"https:\/\/www.europesays.com\/no\/132695\/","title":{"rendered":"Dette er de nye deltakerne i Team P\u00f8lsa \u2013 NRK Norge \u2013 Oversikt over nyheter fra ulike deler av landet"},"content":{"rendered":"<p>Det er Synne, Kornelius, Eleah, Benjamin, Alva og Erik vi blir kjent med i \u00e5rets sesong av Team P\u00f8lsa.<\/p>\n<p><strong>\u2013 Seerne kan forvente massevis av heltemot, sterke f\u00f8lelser og gode opplevelser, sier Pettersen.<\/strong><\/p>\n<p>De seks ungdommene skal pr\u00f8ve seg i skiskyting i de knallharde l\u00f8ypene i Holmenkollen torsdag 19. mars. Men serien starter fredag 27. februar i NRK TV.<\/p>\n<p>I likhet med fjor\u00e5rets gjeng har deltakerne ulike kognitive og fysiske funksjons\u00adnedsettelser.<\/p>\n<p><img decoding=\"async\"   src=\"data:image\/gif;base64,R0lGODlhAQABAIAAAAAAAP\/\/\/yH5BAEAAAAALAAAAAABAAEAAAIBRAA7\" loading=\"eager\" alt=\"\u00d8ystein Pettersen st\u00e5r utend\u00f8rs med jakke. \" title=\"Foto: Robert R\u00f8nning \/ NRK\"\/><\/p>\n<p class=\"\">SKAL IKKE ERSTATTE: \u00d8ystein Pettersen er opptatt av at \u00e5rets deltagere ikke skal erstatte de som deltok i fjor, de kommer i tillegg.<\/p>\n<p>Foto: Robert R\u00f8nning \/ NRK<\/p>\n<p><strong>\u2013 Ungdommene viser at deres st\u00f8rste begrensning ikke er funksjons\u00adnedsettelsen, men manglende tro p\u00e5 seg selv, sier han.<\/strong><\/p>\n<p>Mentale utfordringer<\/p>\n<p>I fjor vinter sjarmerte \u00abTeam P\u00f8lsa\u00bb hele det norske folk da de fullf\u00f8rte et skirenn i VM-l\u00f8ypene i Trondheim, men i \u00e5r legges alts\u00e5 lista enda h\u00f8yere.<\/p>\n<p>Og denne sesongen legger enda mer fokus p\u00e5 det mentale enn fjor\u00e5rets sesong.<\/p>\n<p><strong>\u2013 Forh\u00e5pentligvis vil de se en serie som treffer p\u00e5 et menneskelig plan \u2013 og som vil gj\u00f8re b\u00e5de litt vondt og masse godt, sier Pettersen.<\/strong><\/p>\n<p>Han har stor tro p\u00e5 at seerne kommer til \u00e5 like den nye gjengen ogs\u00e5.<\/p>\n<p>\u2013 Mange sier at det er store sko \u00e5 fylle etter forrige sesong.<\/p>\n<p>Pettersens svar p\u00e5 det er at de ikke skal fylle noen sko.<\/p>\n<p>\u2013 Vi skal sette et par nye ved siden av de som allerede st\u00e5r der. Og jeg kan love dere at det er rimelig stor st\u00f8rrelse p\u00e5 dette paret ogs\u00e5, sier han.<\/p>\n<p>Dette er ungdommene i den nye sesongen<\/p>\n<p><img decoding=\"async\"   src=\"data:image\/gif;base64,R0lGODlhAQABAIAAAAAAAP\/\/\/yH5BAEAAAAALAAAAAABAAEAAAIBRAA7\" loading=\"eager\" alt=\"en person i bl\u00e5 frakk som holder en r\u00f8d og svart rifle (Bildebeskrivelsen er laget av en KI-tjeneste)\" title=\"Foto: Erlend L\u00e5nke Solbu \/ NRK\"\/><\/p>\n<p class=\"\">\u2013 Sylskarp, analytisk og full av humor og liv, sier \u00d8ystein Pettersen om Synne.<\/p>\n<p>Foto: Erlend L\u00e5nke Solbu \/ NRK<\/p>\n<p><strong>Synne Lykkeslet (14) Bosted: Oppeg\u00e5rd<\/strong><\/p>\n<p>Synne er ei morsom jente. Hun elsker norske kjendiser, podkasten \u00abDesken brenner\u00bb og dr\u00f8mmer om \u00e5 bli skuespiller.<br \/>Funksjonsnedsettelse: OCD, Autisme og Tourettes<\/p>\n<p><img decoding=\"async\"   src=\"data:image\/gif;base64,R0lGODlhAQABAIAAAAAAAP\/\/\/yH5BAEAAAAALAAAAAABAAEAAAIBRAA7\" loading=\"eager\" alt=\"en person med hjelm og som g\u00e5r p\u00e5 ski\" title=\"Foto: Robert R\u00f8nning \/ NRK\"\/><\/p>\n<p class=\"\">\u2013 En r\u00e5tass, sier Pettersen om Kornelius.<\/p>\n<p>Foto: Robert R\u00f8nning \/ NRK<\/p>\n<p><strong>Kornelius Smeby-Ryen (13), Kongsvinger<\/strong><br \/>Kornelius kunne sv\u00f8mme f\u00f8r han var ferdig i barnehagen. Han spiller bord\u00adtennis, rullestol\u00adh\u00e5ndball og synger i kor.<br \/>Funksjonsnedsettelse: Ryggmargs\u00adbrokk og hydrocephalus<\/p>\n<p><img decoding=\"async\"   src=\"data:image\/gif;base64,R0lGODlhAQABAIAAAAAAAP\/\/\/yH5BAEAAAAALAAAAAABAAEAAAIBRAA7\" loading=\"eager\" alt=\"En jente med hjelm\" title=\"Foto: Erlend L\u00e5nke Solbu \/ NRK\"\/><\/p>\n<p class=\"\">Pettersen mener det alltid er liv rundt Eleah: \u2013 Ei mer omsorgsfull jente tror jeg knapt finnes.<\/p>\n<p>Foto: Erlend L\u00e5nke Solbu \/ NRK<\/p>\n<p><strong>Eleah Tysdal (13), Stj\u00f8rdal<\/strong><br \/>Eleah er den omsorgsfulle og energiske jenta i laget. Hun elsker sj\u00f8gress, tomatsuppe og kosebamser.<br \/>Funksjonsnedsettelse: ADHD og utviklingshemmet<\/p>\n<p><img decoding=\"async\"   src=\"data:image\/gif;base64,R0lGODlhAQABAIAAAAAAAP\/\/\/yH5BAEAAAAALAAAAAABAAEAAAIBRAA7\" loading=\"eager\" alt=\"en person som g\u00e5r p\u00e5 ski\" title=\"Foto: Erlend L\u00e5nke Solbu \/ NRK\"\/><\/p>\n<p class=\"\">\u2013 Modig og fantastisk, samtidig som han er s\u00e5r og \u00e6rlig, er slik Pettersen beskriver Benjamin.\n<\/p>\n<p>Foto: Erlend L\u00e5nke Solbu \/ NRK<\/p>\n<p><strong>Benjamin Midtb\u00f8 H\u00f8ydal (11), Rutledal <\/strong><br \/>Benjamin er \u00e5rets yngste deltager. Han padler kajakk, liker \u00e5 kj\u00f8re b\u00e5t og jakte. Benjamin har et utrolig godt hum\u00f8r som det er lett \u00e5 bli smittet av.<br \/>Funksjonsnedsettelse: Dysmeli<\/p>\n<p><img decoding=\"async\"   src=\"data:image\/gif;base64,R0lGODlhAQABAIAAAAAAAP\/\/\/yH5BAEAAAAALAAAAAABAAEAAAIBRAA7\" loading=\"eager\" alt=\"en jente som g\u00e5r p\u00e5 ski\" title=\"Foto: Robert R\u00f8nning \/ NRK\"\/><\/p>\n<p class=\"\">\u2013 En lagspiller som aller helst vil hjelpe andre, sier Pettersen om Alva.\n<\/p>\n<p>Foto: Robert R\u00f8nning \/ NRK<\/p>\n<p><strong> Alva Bjerrehorn (13), Trondheim<\/strong><br \/>Alva elsker hester, og har g\u00e5tt p\u00e5 ridning siden hun var fire \u00e5r. Hun spiller piano, og er ogs\u00e5 veldig glad i \u00e5 synge. Hun er den som har mest erfaring med \u00e5 g\u00e5 p\u00e5 ski.<br \/>Funksjonsnedsettelse: Sterkt svaksynt<\/p>\n<p><img decoding=\"async\"   src=\"data:image\/gif;base64,R0lGODlhAQABAIAAAAAAAP\/\/\/yH5BAEAAAAALAAAAAABAAEAAAIBRAA7\" loading=\"eager\" alt=\"en person som ler og har p\u00e5 seg lue\" title=\"Foto: Erlend L\u00e5nke Solbu \/ NRK\"\/><\/p>\n<p class=\"\">\u2013 Hvert lag burde hatt en Erik, sier Pettersen, som beskriver ham som \u00abfull av humor og empati\u00bb.<\/p>\n<p>Foto: Erlend L\u00e5nke Solbu \/ NRK<\/p>\n<p><strong> Erik Damsg\u00e5rd Tomter (14), Tvedestrand<\/strong><br \/>Erik elsker vifter, headset og vaske\u00admaskiner. Han spiller trommer n\u00e5r han kan. Erik har nesten ikke g\u00e5tt p\u00e5 ski. Store smil er det beste han kan gi til andre.<br \/>Funksjonsnedsettelse: Williams&#8217; syndrom og utviklings\u00adhemmet<\/p>\n<p>Publisert<\/p>\n<p>09.01.2026, kl. 06.59<\/p>\n","protected":false},"excerpt":{"rendered":"Det er Synne, Kornelius, Eleah, Benjamin, Alva og Erik vi blir kjent med i \u00e5rets sesong av Team&hellip;\n","protected":false},"author":2,"featured_media":132696,"comment_status":"","ping_status":"","sticky":false,"template":"","format":"standard","meta":{"footnotes":""},"categories":[10],"tags":[20,21,24,25,15,22,23,13,30,28,29,14,16,26,27],"class_list":{"0":"post-132695","1":"post","2":"type-post","3":"status-publish","4":"format-standard","5":"has-post-thumbnail","7":"category-norge","8":"tag-breaking-news","9":"tag-breakingnews","10":"tag-featured-news","11":"tag-featurednews","12":"tag-headlines","13":"tag-latest-news","14":"tag-latestnews","15":"tag-news","16":"tag-no","17":"tag-norge","18":"tag-norway","19":"tag-nyheter","20":"tag-overskrifter","21":"tag-top-stories","22":"tag-topstories"},"share_on_mastodon":{"url":"https:\/\/pubeurope.com\/@no\/115863733161535567","error":""},"_links":{"self":[{"href":"https:\/\/www.europesays.com\/no\/wp-json\/wp\/v2\/posts\/132695","targetHints":{"allow":["GET"]}}],"collection":[{"href":"https:\/\/www.europesays.com\/no\/wp-json\/wp\/v2\/posts"}],"about":[{"href":"https:\/\/www.europesays.com\/no\/wp-json\/wp\/v2\/types\/post"}],"author":[{"embeddable":true,"href":"https:\/\/www.europesays.com\/no\/wp-json\/wp\/v2\/users\/2"}],"replies":[{"embeddable":true,"href":"https:\/\/www.europesays.com\/no\/wp-json\/wp\/v2\/comments?post=132695"}],"version-history":[{"count":0,"href":"https:\/\/www.europesays.com\/no\/wp-json\/wp\/v2\/posts\/132695\/revisions"}],"wp:featuredmedia":[{"embeddable":true,"href":"https:\/\/www.europesays.com\/no\/wp-json\/wp\/v2\/media\/132696"}],"wp:attachment":[{"href":"https:\/\/www.europesays.com\/no\/wp-json\/wp\/v2\/media?parent=132695"}],"wp:term":[{"taxonomy":"category","embeddable":true,"href":"https:\/\/www.europesays.com\/no\/wp-json\/wp\/v2\/categories?post=132695"},{"taxonomy":"post_tag","embeddable":true,"href":"https:\/\/www.europesays.com\/no\/wp-json\/wp\/v2\/tags?post=132695"}],"curies":[{"name":"wp","href":"https:\/\/api.w.org\/{rel}","templated":true}]}}