{"id":132704,"date":"2026-01-09T06:39:41","date_gmt":"2026-01-09T06:39:41","guid":{"rendered":"https:\/\/www.europesays.com\/no\/132704\/"},"modified":"2026-01-09T06:39:41","modified_gmt":"2026-01-09T06:39:41","slug":"foltes-som-en-evighet","status":"publish","type":"post","link":"https:\/\/www.europesays.com\/no\/132704\/","title":{"rendered":"\u2013 F\u00f8ltes som en evighet"},"content":{"rendered":"<p>    \u00abVokteren\u00bb-aktuelle Mona Grudt var bare 15 \u00e5r gammel da hun for alvor fikk kjenne p\u00e5 naturkreftene. Det har satt varige spor i 54-\u00e5ringen.\u00a0<\/p>\n<p>\n        <b>\u00abVOKTEREN\u00bb:<\/b> Mona Grudt utfordrer egne grenser n\u00e5r hun begir seg ut p\u00e5 en t\u00f8ff og mentalt krevende reise mot Kol\u00e5s-<br \/>tinden.<br \/>\n        Haakon Lundkvist\n    <\/p>\n<p>1. januar brakstartet TV 2 TV-\u00e5ret med en ny og intens sesong av \u00abVokteren\u00bb. TV 2 lover en enda t\u00f8ffere og mentalt krevende reise mot Kol\u00e5stinden (1432 moh.) n\u00e5r 14 nye kjendiser begir seg ut p\u00e5 et eventyr i r\u00e5 og vakker, norsk natur.<\/p>\n<p>En av deltakerne som har entret et nytt og ukjent territorium, er ingen ringere enn tidligere Miss Universe, Mona Grudt (54).<\/p>\n<p>\u2013\u00a0Jeg vurderte det slik at \u00abVokteren\u00bb ikke var for t\u00f8ft fysisk og heller ikke bestod av for mye tullete sosialt spill, men virket som et artig eventyr. I tillegg hjalp det ogs\u00e5 med en varm anbefaling fra Desta Marie, som var med i forrige sesong, forklarer Mona.<\/p>\n<p>                <img decoding=\"async\" src=\"https:\/\/www.europesays.com\/no\/wp-content\/uploads\/2026\/01\/7588109.webp.jpeg\" width=\"480\" height=\"471\" title=\"DET V\u00c5TE ELEMENT: Mona f\u00e5r allerede i f\u00f8rste episode et m\u00f8te med det v\u00e5te element n\u00e5r deltakerne m\u00e5 klatre opp langs et fossefall.\" alt=\"\" loading=\"lazy\" style=\"\"\/><\/p>\n<p>\n            <b>DET V\u00c5TE ELEMENT:<\/b> Mona f\u00e5r allerede i f\u00f8rste episode et m\u00f8te med det v\u00e5te element n\u00e5r deltakerne m\u00e5 klatre opp langs et fossefall.\u00a0<br \/>\n            H\u00e5kon Lundkvist\n        <\/p>\n<p>Det var tilbake i 1990 at Mona fra Hell i Tr\u00f8ndelag satte Norge p\u00e5 kartet da hun stakk av med den gjeve seieren i missekonkurransen Miss Universe og dermed fikk massiv, internasjonal oppmerksomhet.\u00a0<\/p>\n<p>35 \u00e5r senere er hun fortsatt den eneste norske statsborgeren som kan skryte av \u00e5 ha f\u00e5tt en slik tittel.<\/p>\n<p>Les ogs\u00e5:\u00a0<a href=\"https:\/\/www.klikk.no\/underholdning\/slik-mottes-petter-nyquist-og-mari-jagmann-7583346\" rel=\"nofollow noopener\" target=\"_blank\">Slik m\u00f8ttes Petter og Mari: \u2013 Vi fant hver\u00adandre veldig fort<\/a><\/p>\n<p>Ingenting \u00e5 bevise<\/p>\n<p>De gj\u00f8rmete stiene i den vestlandske fjellheimen er kanskje ikke helt som hjemmebane \u00e5 regne for Mona, men opplevelsen har likevel gitt mersmak.<\/p>\n<p>\u2013\u00a0Vi var mye p\u00e5 tur da jeg var barn, men noen fjellgeit er jeg ikke. Og det ble enda mindre tur etter at jeg ble voksen og fikk barn. Jeg har kjent p\u00e5 at det er stress \u00e5 dra med barn p\u00e5 fjelltur. Men jeg er veldig glad i naturen og har f\u00e5tt et mer avslappet forhold til fjellet etter denne opplevelsen, str\u00e5ler hun takknemlig.<\/p>\n<p>                <img decoding=\"async\" src=\"https:\/\/www.europesays.com\/no\/wp-content\/uploads\/2026\/01\/7588114.webp.jpeg\" width=\"480\" height=\"360\" title=\"DEN GANG DA: Da Mona var yngre, dro hun gjerne p\u00e5 fjelltur eller ut i naturen med familien. Det har det blitt mindre av etter hun selv ble voksen og mamma.\" alt=\"\" loading=\"lazy\" style=\"\"\/><\/p>\n<p>\n            <b>DEN GANG DA:<\/b> Da Mona var yngre, dro hun gjerne p\u00e5 fjelltur eller ut i naturen med familien. Det har det blitt mindre av etter hun selv ble voksen og mamma.\u00a0<br \/>\n            Privat\n        <\/p>\n<p>Og behovet for \u00e5 gj\u00f8re fordommer til skamme og vise hva hun er god for, det er ikke en motivasjon som ligger til grunn.\u00a0<\/p>\n<p>I en alder av 54 \u00e5r har Mona landet trygt i den hun er.<\/p>\n<p>\u2013\u00a0Jeg er blitt mye flinkere til \u00e5 gi mer f&#8230; n\u00e5r det kommer til slike ting. Jeg lever mitt liv og gj\u00f8r det beste ut av det ut ifra de forutsetningene jeg har, sl\u00e5r hun bestemt fast<\/p>\n<p>Kjempet under vann<\/p>\n<p>I forkant av opplevelsen var det tanken p\u00e5 \u00e5 fryse og ligge som sild i t\u00f8nne i et lite telt hun fryktet mest. Ikke minst konkurranser knyttet til det v\u00e5te element. Sistnevnte har sin helt naturlige forklaring.\u00a0<\/p>\n<p>Da Mona dro p\u00e5 familieferie til Kreta som 15-\u00e5ring, fikk hun et brutalt m\u00f8te med naturkreftene.<\/p>\n<p>                <img decoding=\"async\" src=\"https:\/\/www.europesays.com\/no\/wp-content\/uploads\/2026\/01\/7588119.webp.jpeg\" width=\"480\" height=\"519\" title=\"LIVSVISDOM: Mona jobber i dag som seremonimester for livssynsn\u00f8ytrale gravferdsseremonier. \u2013 Jeg blir hele tiden minnet p\u00e5 hvor s\u00e5rbart livet er, sier hun.\" alt=\"\" loading=\"lazy\" style=\"\"\/><\/p>\n<p>\n            <b>LIVSVISDOM:<\/b> Mona jobber i dag som seremonimester for livssynsn\u00f8ytrale gravferdsseremonier. \u2013 Jeg blir hele tiden minnet p\u00e5 hvor s\u00e5rbart livet er, sier hun.<br \/>\n            Svein Brimi\n        <\/p>\n<p>\u2013 Familien min l\u00e5 p\u00e5 stranden og solte seg, og jeg badet og ante fred og ingen fare. Plutselig ble jeg tatt av kraftige understr\u00f8mmer og dratt under vann. Jeg kavet i det som f\u00f8ltes som en evighet, og det var vann og sand over alt. Jeg ble dratt under i to-tre runder med understr\u00f8mmer f\u00f8r jeg omsider kom meg til overflaten, forteller Mona om den skremmende opplevelsen.<\/p>\n<p>Da hun endelig kom seg opp, var det ingen p\u00e5 land som hadde f\u00e5tt med seg at hun hadde kjempet for livet der ute i vannmassene.<\/p>\n<p>\u2013\u00a0Det viser bare hvor fort det kan g\u00e5! Jeg har en enorm respekt for sj\u00f8en og er fortsatt ikke glad i \u00e5 bade. Det er ubehagelig \u00e5 f\u00e5 vann i ansiktet og i nesen, og jeg tror det er den panikken og frykten for \u00e5 drukne jeg kjente p\u00e5 den gangen, som har satt seg.<\/p>\n<p>Les ogs\u00e5: (+)\u00a0<a href=\"https:\/\/www.klikk.no\/underholdning\/mads-mikkelsen-er-verdens-mest-kjente-danske-bryr-seg-ikke-7569455\" rel=\"nofollow noopener\" target=\"_blank\">Mads Mikkelsen er verdens mest kjente danske. Men kunne ikke brydd seg mindre<\/a><\/p>\n<p>En ny kj\u00e6rlighet\u00a0<\/p>\n<p>I tiden etter Miss Universe-seieren har Mona jobbet som modell, journalist og redakt\u00f8r f\u00f8r hun i dag har landet i den betydningsfulle jobben som seremonimester for livssynsn\u00f8ytrale gravferdseremonier.<\/p>\n<p>Mona har ogs\u00e5 tre ekteskap bak seg, og tre barn p\u00e5 henholdsvis 29, 19 og 16 \u00e5r. Tidligere i \u00e5r bekreftet hun at hun har funnet kj\u00e6rligheten p\u00e5 ny, med\u00a0skuespiller H\u00e5kon Karoliussen fra Haugesund.<\/p>\n<p>                <img decoding=\"async\" src=\"https:\/\/www.europesays.com\/no\/wp-content\/uploads\/2026\/01\/7588121.webp.jpeg\" width=\"480\" height=\"404\" title=\"KJ\u00c6RLIGHET: Mona har funnet kj\u00e6rligheten p\u00e5 nytt med skuespiller H\u00e5kon Karoliussen fra Haugesund.\" alt=\"\" loading=\"lazy\" style=\"\"\/><\/p>\n<p>\n            <b>KJ\u00c6RLIGHET:<\/b> Mona har funnet kj\u00e6rligheten p\u00e5 nytt med skuespiller H\u00e5kon Karoliussen fra Haugesund.<br \/>\n            Privat\n        <\/p>\n<p>\u2013 Det har v\u00e6rt kjempehyggelig. Du vet aldri hvor livet b\u00e6rer av g\u00e5rde med deg, og jeg tenker at er det noe som beriker familien og livet, s\u00e5 m\u00e5 man bare g\u00e5 for det. Jeg trives best i tosomhet, smiler Mona varmt.<\/p>\n<p>Hun har aldri v\u00e6rt i tvil om at hun vil gi kj\u00e6rligheten en ny sjanse.<\/p>\n<p>\u2013\u00a0Samlivsbrudd er alltid krevende og aldri noe man planlegger for. Men hvis du m\u00f8ter noen som f\u00f8les riktig, da bruker jeg ingen betenkningstid. Vi lever bare \u00e9n gang, s\u00e5 den muligheten griper jeg. Det handler om \u00e5 f\u00e5 det beste ut av dette livet, understreker hun.<\/p>\n<p>\u2013\u00a0Jeg som jobber innenfor gravferd, blir hele tiden minnet p\u00e5 hvor s\u00e5rbart livet er. Livet er for kort til \u00e5 tenke seg om s\u00e5 mange ganger.\u00a0\u00a0<\/p>\n","protected":false},"excerpt":{"rendered":"\u00abVokteren\u00bb-aktuelle Mona Grudt var bare 15 \u00e5r gammel da hun for alvor fikk kjenne p\u00e5 naturkreftene. Det har&hellip;\n","protected":false},"author":2,"featured_media":132705,"comment_status":"","ping_status":"","sticky":false,"template":"","format":"standard","meta":{"footnotes":""},"categories":[58],"tags":[71,30,28,29,72],"class_list":{"0":"post-132704","1":"post","2":"type-post","3":"status-publish","4":"format-standard","5":"has-post-thumbnail","7":"category-underholdning","8":"tag-entertainment","9":"tag-no","10":"tag-norge","11":"tag-norway","12":"tag-underholdning"},"share_on_mastodon":{"url":"https:\/\/pubeurope.com\/@no\/115863772528756568","error":""},"_links":{"self":[{"href":"https:\/\/www.europesays.com\/no\/wp-json\/wp\/v2\/posts\/132704","targetHints":{"allow":["GET"]}}],"collection":[{"href":"https:\/\/www.europesays.com\/no\/wp-json\/wp\/v2\/posts"}],"about":[{"href":"https:\/\/www.europesays.com\/no\/wp-json\/wp\/v2\/types\/post"}],"author":[{"embeddable":true,"href":"https:\/\/www.europesays.com\/no\/wp-json\/wp\/v2\/users\/2"}],"replies":[{"embeddable":true,"href":"https:\/\/www.europesays.com\/no\/wp-json\/wp\/v2\/comments?post=132704"}],"version-history":[{"count":0,"href":"https:\/\/www.europesays.com\/no\/wp-json\/wp\/v2\/posts\/132704\/revisions"}],"wp:featuredmedia":[{"embeddable":true,"href":"https:\/\/www.europesays.com\/no\/wp-json\/wp\/v2\/media\/132705"}],"wp:attachment":[{"href":"https:\/\/www.europesays.com\/no\/wp-json\/wp\/v2\/media?parent=132704"}],"wp:term":[{"taxonomy":"category","embeddable":true,"href":"https:\/\/www.europesays.com\/no\/wp-json\/wp\/v2\/categories?post=132704"},{"taxonomy":"post_tag","embeddable":true,"href":"https:\/\/www.europesays.com\/no\/wp-json\/wp\/v2\/tags?post=132704"}],"curies":[{"name":"wp","href":"https:\/\/api.w.org\/{rel}","templated":true}]}}