{"id":132706,"date":"2026-01-09T06:40:07","date_gmt":"2026-01-09T06:40:07","guid":{"rendered":"https:\/\/www.europesays.com\/no\/132706\/"},"modified":"2026-01-09T06:40:07","modified_gmt":"2026-01-09T06:40:07","slug":"dji-avata-360-lekkasje-viser-en-allsidig-drone-som-kan-sla-insta360-med-en-unik-funksjon","status":"publish","type":"post","link":"https:\/\/www.europesays.com\/no\/132706\/","title":{"rendered":"DJI Avata 360-lekkasje viser en allsidig drone som kan sl\u00e5 Insta360 med en unik funksjon"},"content":{"rendered":"<ul id=\"85fc9af0-6be4-43ab-a086-e20f75ae8234\">\n<li><strong>Lekkede bilder viser frem DJI Avata 360 igjen<\/strong><\/li>\n<li><strong>Det blir DJIs f\u00f8rste drone med et 360-graders kamera<\/strong><\/li>\n<li><strong>Den kan f\u00e5 en enkeltlinsemodus for vanlig filming<\/strong><\/li>\n<\/ul>\n<p id=\"a314af00-f444-4ea2-8b7c-da5b15c337c3\">En ny lekkasje om <a data-analytics-id=\"inline-link\" href=\"https:\/\/global.techradar.com\/no-no\/tag\/dji\" data-auto-tag-linker=\"true\" data-url=\"https:\/\/global.techradar.com\/no-no\/tag\/dji\" data-hl-processed=\"none\" data-mrf-recirculation=\"inline-link\" data-before-rewrite-localise=\"https:\/\/global.techradar.com\/no-no\/tag\/dji\" rel=\"nofollow noopener\" target=\"_blank\">DJI<\/a> Avata 360 har dukket opp p\u00e5 nettet. Dette blir DJIs f\u00f8rste drone med et 360-graders kamera, og den ventes \u00e5 lanseres i n\u00e6r fremtid \u2013 og den peker p\u00e5 en mulig fordel over konkurrenten, <a data-analytics-id=\"inline-link\" href=\"https:\/\/www.techradar.com\/cameras\/drones\/antigravity-a1-review\" target=\"_blank\" data-mrf-recirculation=\"inline-link\" rel=\"nofollow noopener\">Antigravity A1<\/a> fra Insta360.<\/p>\n<p>Lekkasjen kommer fra den etablerte tipseren <a data-analytics-id=\"inline-link\" href=\"https:\/\/x.com\/Quadro_News\/status\/2008997725451518181\" target=\"_blank\" data-url=\"https:\/\/x.com\/Quadro_News\/status\/2008997725451518181\" referrerpolicy=\"no-referrer-when-downgrade\" data-hl-processed=\"none\" data-mrf-recirculation=\"inline-link\" rel=\"nofollow\">@Quadro_News<\/a> og viser et par uoffisielle bilder av DJI Avata 360, sammen med diverse tilbeh\u00f8r. Blant annet er DJIs vanlige RC-kontroller synlig.<\/p>\n<p><a id=\"elk-seasonal\" class=\"paywall\" aria-hidden=\"true\" data-url=\"\" href=\"\" target=\"_blank\" referrerpolicy=\"no-referrer-when-downgrade\" data-hl-processed=\"none\"\/><\/p>\n<p id=\"a314af00-f444-4ea2-8b7c-da5b15c337c3-2\">Et av bildene viser DJI RC med livevideo fra dronen, noe som antyder at Avata 360 kan f\u00e5 en enkeltlinsemodus. Med andre ord vil det v\u00e6re mulig \u00e5 bruke bare ett av objektivene til \u00e5 ta opp vanlige, ikke-360-graders videoer og bilder.<\/p>\n<p>Du liker kanskje<\/p>\n<p>Dette ser ut til \u00e5 v\u00e6re muliggjort av en roterende kameramodul. Opp-og-ned-linser brukes til 360-graders video, men det ser ut til at hele enheten kan roteres 90 grader slik at en av linsene peker fremover for vanlig videoopptak.<\/p>\n<p>Dette er noe Antigravity A1 mangler, ettersom linsene er faste og bare kan ta opp i 360 grader. For de som pr\u00f8ver \u00e5 bestemme seg mellom disse to dronene, kan dette v\u00e6re en viktig forskjell \u00e5 vurdere, selv om ingenting er bekreftet om DJI Avata 360 enn\u00e5.<\/p>\n<p>Avata 360s medlemskap i DJIs FPV-familie kan ogs\u00e5 bety at flyhastigheten og man\u00f8vrerbarheten til den mer forsiktigflygende Antigravity A1 vil bli bedre.<\/p>\n<p><a id=\"elk-b15977fa-fe41-456b-94ac-f7e9abf69d6c\" class=\"paywall\" aria-hidden=\"true\" data-url=\"\" href=\"\" target=\"_blank\" referrerpolicy=\"no-referrer-when-downgrade\" data-hl-processed=\"none\"\/>En flyvende DJI Osmo 360<\/p>\n<blockquote class=\"twitter-tweet hawk-ignore\" data-lang=\"en\">\n<p lang=\"en\" dir=\"ltr\">\ud83d\udc49An acquaintance dropped by for a cup of tea.\ud83d\ude0b It&#8217;s been a while since we last met, DJI Avata 360.\ud83e\udd2d#djiavata360 pic.twitter.com\/l2c2jKBsy4<a href=\"https:\/\/twitter.com\/cantworkitout\/status\/2008997725451518181\" data-url=\"https:\/\/twitter.com\/cantworkitout\/status\/2008997725451518181\" target=\"_blank\" referrerpolicy=\"no-referrer-when-downgrade\" data-hl-processed=\"none\" rel=\"nofollow noopener\">January 7, 2026<\/a><\/p>\n<\/blockquote>\n<p id=\"5443f3e4-f0c5-42c1-b103-ff795f494f60\">Et av de lekkede bildene viser ogs\u00e5 en batteriladehub, samme type som ofte f\u00f8lger med i Fly More-pakker, med plass til tre batterier. Vi har tidligere h\u00f8rt rykter om <a data-analytics-id=\"inline-link\" href=\"https:\/\/www.techradar.com\/cameras\/drones\/djis-first-360-degree-drone-could-be-flying-in-soon-with-these-bundles-available-to-buyers\" target=\"_blank\" data-mrf-recirculation=\"inline-link\" rel=\"nofollow noopener\">hvilke pakker som kan v\u00e6re aktuelle for dronen<\/a>.<\/p>\n<p class=\"newsletter-form__strapline\">Registrer deg for siste nytt, anmeldelser, meninger, toppteknologiske tilbud og mer.<\/p>\n<p>Det har sirkulert mange rykter rundt DJI Avata 360, og mye tyder p\u00e5 at den i stor grad er basert p\u00e5 <a data-analytics-id=\"inline-link\" href=\"https:\/\/www.techradar.com\/cameras\/drones\/dji-avata-2-review\" target=\"_blank\" data-mrf-recirculation=\"inline-link\" rel=\"nofollow noopener\">DJI Avata 2<\/a> som ble lansert i april 2024. Gitt hvor mange lekkasjer som allerede har dukket opp, virker en offisiell lansering ikke langt unna.<\/p>\n<p>Vi <a data-analytics-id=\"inline-link\" href=\"https:\/\/www.techradar.com\/cameras\/drones\/djis-first-360-degree-drone-leaks-again-and-an-official-launch-could-be-very-soon\" target=\"_blank\" data-mrf-recirculation=\"inline-link\" rel=\"nofollow noopener\">venter oss st\u00f8tte for 8K-videoopptak<\/a> med doble 1\/1,1-tommers CMOS-sensorer \u2013 sannsynligvis de samme som brukes i <a data-analytics-id=\"inline-link\" href=\"https:\/\/www.techradar.com\/cameras\/360-cameras\/dji-osmo-360-recension-en-imponerande-debut-i-360-klassen-men-insta360-har-fortfarande-overtaget\" target=\"_blank\" data-url=\"https:\/\/www.techradar.com\/cameras\/360-cameras\/dji-osmo-360-recension-en-imponerande-debut-i-360-klassen-men-insta360-har-fortfarande-overtaget\" data-hl-processed=\"none\" data-mrf-recirculation=\"inline-link\" data-before-rewrite-localise=\"https:\/\/global.techradar.com\/sv-se\/cameras\/360-cameras\/dji-osmo-360-recension-en-imponerande-debut-i-360-klassen-men-insta360-har-fortfarande-overtaget\" rel=\"nofollow noopener\">DJI Osmo 360<\/a> \u2013 samt et st\u00f8rre batteri sammenlignet med Avata 2. Hindringsunng\u00e5else og en f\u00f8lgemodus har ogs\u00e5 blitt nevnt av kilder med innsikt.<\/p>\n<p>I bakgrunnen lurer imidlertid det <a data-analytics-id=\"inline-link\" href=\"https:\/\/www.techradar.com\/cameras\/drones\/us-dji-ban-is-here-heres-what-users-of-dji-drones-and-cameras-need-to-know\" target=\"_blank\" data-mrf-recirculation=\"inline-link\" rel=\"nofollow noopener\">nylig innf\u00f8rte forbudet mot nye DJI-produkter i USA<\/a>, noe som betyr at DJI Avata 360 ikke vil bli solgt der. For oss i resten av verden ser det imidlertid ut til at ventetiden snart er over.<\/p>\n<p><a id=\"elk-75b79a63-5f5f-41f3-879a-15e35ebc176c\" class=\"paywall\" aria-hidden=\"true\" data-url=\"\" href=\"\" target=\"_blank\" referrerpolicy=\"no-referrer-when-downgrade\" data-hl-processed=\"none\"\/><\/p>\n<p>Dagens beste priser p\u00e5 DJI-produkter<\/p>\n<p><script async src=\"https:\/\/platform.twitter.com\/widgets.js\" charset=\"utf-8\"><\/script><\/p>\n","protected":false},"excerpt":{"rendered":"Lekkede bilder viser frem DJI Avata 360 igjen Det blir DJIs f\u00f8rste drone med et 360-graders kamera Den&hellip;\n","protected":false},"author":2,"featured_media":132707,"comment_status":"","ping_status":"","sticky":false,"template":"","format":"standard","meta":{"footnotes":""},"categories":[57],"tags":[30,28,29,65,63,64,66,70,69,67,68],"class_list":{"0":"post-132706","1":"post","2":"type-post","3":"status-publish","4":"format-standard","5":"has-post-thumbnail","7":"category-vitenskap-og-teknologi","8":"tag-no","9":"tag-norge","10":"tag-norway","11":"tag-science","12":"tag-science-and-technology","13":"tag-scienceandtechnology","14":"tag-technology","15":"tag-teknologi","16":"tag-vitenskap","17":"tag-vitenskap-og-teknologi","18":"tag-vitenskapteknologi"},"share_on_mastodon":{"url":"https:\/\/pubeurope.com\/@no\/115863776375082753","error":""},"_links":{"self":[{"href":"https:\/\/www.europesays.com\/no\/wp-json\/wp\/v2\/posts\/132706","targetHints":{"allow":["GET"]}}],"collection":[{"href":"https:\/\/www.europesays.com\/no\/wp-json\/wp\/v2\/posts"}],"about":[{"href":"https:\/\/www.europesays.com\/no\/wp-json\/wp\/v2\/types\/post"}],"author":[{"embeddable":true,"href":"https:\/\/www.europesays.com\/no\/wp-json\/wp\/v2\/users\/2"}],"replies":[{"embeddable":true,"href":"https:\/\/www.europesays.com\/no\/wp-json\/wp\/v2\/comments?post=132706"}],"version-history":[{"count":0,"href":"https:\/\/www.europesays.com\/no\/wp-json\/wp\/v2\/posts\/132706\/revisions"}],"wp:featuredmedia":[{"embeddable":true,"href":"https:\/\/www.europesays.com\/no\/wp-json\/wp\/v2\/media\/132707"}],"wp:attachment":[{"href":"https:\/\/www.europesays.com\/no\/wp-json\/wp\/v2\/media?parent=132706"}],"wp:term":[{"taxonomy":"category","embeddable":true,"href":"https:\/\/www.europesays.com\/no\/wp-json\/wp\/v2\/categories?post=132706"},{"taxonomy":"post_tag","embeddable":true,"href":"https:\/\/www.europesays.com\/no\/wp-json\/wp\/v2\/tags?post=132706"}],"curies":[{"name":"wp","href":"https:\/\/api.w.org\/{rel}","templated":true}]}}