{"id":132708,"date":"2026-01-09T06:42:16","date_gmt":"2026-01-09T06:42:16","guid":{"rendered":"https:\/\/www.europesays.com\/no\/132708\/"},"modified":"2026-01-09T06:42:16","modified_gmt":"2026-01-09T06:42:16","slug":"her-mobiliserer-haeren-mot-trump","status":"publish","type":"post","link":"https:\/\/www.europesays.com\/no\/132708\/","title":{"rendered":"Her mobiliserer h\u00e6ren mot Trump"},"content":{"rendered":"\n<p class=\"_paragraph_o9xde_4 _paragraph_xtcu6_10 layout-component text-serif-m layout-normal text-serif-m layout-padded\">\u00abR\u00e1pido, r\u00e1pido, r\u00e1pido!\u00bb <\/p>\n<p class=\"_paragraph_o9xde_4 _paragraph_xtcu6_10 layout-component text-serif-m layout-normal text-serif-m layout-padded\">De unge soldatene hopper ut av det pansrede kj\u00f8ret\u00f8yet, som nettopp har stanset 50 meter fra Venezuela.<\/p>\n<p class=\"_paragraph_o9xde_4 _paragraph_xtcu6_10 layout-component text-serif-m layout-normal text-serif-m layout-padded\">En offiser kommanderer dem til \u00e5 kjappe seg. <\/p>\n<p class=\"_paragraph_o9xde_4 _paragraph_xtcu6_10 layout-component text-serif-m layout-normal text-serif-m layout-padded\">De marsjerer med alvorlig mine og blikket festet stivt foran seg, if\u00f8rt kamuflasjeuniform, skuddsikker vest, hjelm med visir og maskingev\u00e6r. <\/p>\n<p><img alt=\"\" class=\"_image_qp4xg_65 layout-component layout-left\" data-fullscreen- data-track-element-type=\"Article image fullscreen\" data-track-name=\"ImageFullscreen\" decoding=\"async\" loading=\"lazy\" height=\"2533\" itemprop=\"image\"  src=\"https:\/\/www.europesays.com\/no\/wp-content\/uploads\/2026\/01\/dcfb97be-63c6-413e-bbb2-ba45e8b6a364.jpeg\"  style=\"object-position:0% 0%\" width=\"3800\"\/><img alt=\"\" class=\"_image_qp4xg_65 layout-component layout-right\" data-fullscreen- data-track-element-type=\"Article image fullscreen\" data-track-name=\"ImageFullscreen\" decoding=\"async\" loading=\"lazy\" height=\"2533\" itemprop=\"image\"  src=\"https:\/\/www.europesays.com\/no\/wp-content\/uploads\/2026\/01\/eb07fa6e-3b7d-4282-947d-49e802bbf165.jpeg\"  style=\"object-position:0% 0%\" width=\"3800\"\/><\/p>\n<p class=\"_paragraph_o9xde_4 _paragraph_xtcu6_10 layout-component text-serif-m layout-normal text-serif-m layout-padded\">30.000 colombianske soldater <a href=\"https:\/\/www.vg.no\/nyheter\/i\/8pmM0A\/colombia-mobiliserer-haeren-utplassert-langs-hele-grensen\" data-track-element-type=\"Link\" data-track-id=\"link:8pmM0A\" class=\"_link_o9xde_39\" rel=\"nofollow noopener\" target=\"_blank\">er blitt utplassert<\/a> langs den 2200 kilometer lange grensen, som en reaksjon p\u00e5 at USA angrep nabolandet og bortf\u00f8rte president Nicol\u00e1s Maduro l\u00f8rdag. <\/p>\n<p class=\"_paragraph_o9xde_4 _paragraph_xtcu6_10 layout-component text-serif-m layout-normal text-serif-m layout-padded\">VG er til stede i grensebyen C\u00facuta for \u00e5 overv\u00e5ke den spente situasjonen.<\/p>\n<p><img alt=\"\" class=\"_image_qp4xg_65 layout-component layout-normal\" data-fullscreen- data-track-element-type=\"Article image fullscreen\" data-track-name=\"ImageFullscreen\" decoding=\"async\" loading=\"lazy\" height=\"2533\" itemprop=\"image\"  src=\"https:\/\/www.europesays.com\/no\/wp-content\/uploads\/2026\/01\/b37fb17a-7f3e-4bef-860d-44304ad9ca88.png\"  style=\"object-position:0% 0%\" width=\"3800\"\/><\/p>\n<p class=\"_paragraph_o9xde_4 _paragraph_xtcu6_10 layout-component text-serif-m layout-normal text-serif-m layout-padded\">Hver kveld, n\u00e5r det skumrer, starter de unge soldatene sin patrulje.<\/p>\n<p class=\"_paragraph_o9xde_4 _paragraph_xtcu6_10 layout-component text-serif-m layout-normal text-serif-m layout-padded\">En av disse varme, fuktige kveldene, kort tid etter USAs angrep p\u00e5 Venezuela, f\u00e5r VG bli med. <\/p>\n<p class=\"_paragraph_o9xde_4 _paragraph_xtcu6_10 layout-component text-serif-m layout-normal text-serif-m layout-padded\">Vi f\u00f8lger kolonnen av milit\u00e6rbiler mens de kj\u00f8rer i grenseomr\u00e5dene.<\/p>\n<p class=\"_paragraph_o9xde_4 _paragraph_xtcu6_10 layout-component text-serif-m layout-normal text-serif-m layout-padded\">Et hode stikker ut av luken for \u00e5 observere. <\/p>\n<p class=\"_paragraph_o9xde_4 _paragraph_xtcu6_10 layout-component text-serif-m layout-normal text-serif-m layout-padded\">Ingen fare i sikte. Ikke enn\u00e5.<\/p>\n<p><img alt=\"\" class=\"_image_qp4xg_65 layout-component layout-left\" data-fullscreen- data-track-element-type=\"Article image fullscreen\" data-track-name=\"ImageFullscreen\" decoding=\"async\" loading=\"lazy\" height=\"2534\" itemprop=\"image\"  src=\"https:\/\/www.europesays.com\/no\/wp-content\/uploads\/2026\/01\/d8e8a0ed-b5c0-429e-89da-1282f7cf9095.jpeg\"  style=\"object-position:0% 0%\" width=\"3800\"\/><img alt=\"\" class=\"_image_qp4xg_65 layout-component layout-right\" data-fullscreen- data-track-element-type=\"Article image fullscreen\" data-track-name=\"ImageFullscreen\" decoding=\"async\" loading=\"lazy\" height=\"2605\" itemprop=\"image\"  src=\"https:\/\/www.europesays.com\/no\/wp-content\/uploads\/2026\/01\/8c2fbcb6-8f07-44c9-939b-9c06fbcc30a8.png\"  style=\"object-position:0% 0%\" width=\"3800\"\/><\/p>\n<p class=\"_paragraph_o9xde_4 _paragraph_xtcu6_10 layout-component text-serif-m layout-normal text-serif-m layout-padded\">\u2013 Hvorfor er dere her? sp\u00f8r vi soldatene.<\/p>\n<p class=\"_paragraph_o9xde_4 _paragraph_xtcu6_10 layout-component text-serif-m layout-normal text-serif-m layout-padded\">Taushet. De f\u00e5r ikke lov til \u00e5 svare.<\/p>\n<p class=\"_paragraph_o9xde_4 _paragraph_xtcu6_10 layout-component text-serif-m layout-normal text-serif-m layout-padded\">H\u00e6ren vet at \u00e9n feilplassert kommentar kan trigge 79-\u00e5ringen i Det hvite hus og potensielt utl\u00f8se en nasjonal krise. <\/p>\n<p class=\"_paragraph_o9xde_4 _paragraph_xtcu6_10 layout-component text-serif-m layout-normal text-serif-m layout-padded\">Donald Trump <a href=\"https:\/\/www.vg.no\/nyheter\/i\/Pd91nb\/frykter-trump-burde-sette-hele-latin-amerika-i-hoeyberedskap\" data-track-element-type=\"Link\" data-track-id=\"link:Pd91nb\" class=\"_link_o9xde_39\" rel=\"nofollow noopener\" target=\"_blank\">har nylig truet<\/a> med at <a href=\"https:\/\/www.vg.no\/tag\/colombia?utm_source=vg-article&amp;utm_medium=auto-tagger&amp;utm_campaign=y53QvR\" class=\"_link_o9xde_39\" rel=\"nofollow noopener\" target=\"_blank\">Colombia<\/a> kan bli neste ut etter Venezuela. En milit\u00e6roperasjon \u00abh\u00f8res bra ut for meg\u00bb, har han sagt.<\/p>\n<p><img alt=\"\" class=\"_image_qp4xg_65 layout-component layout-left\" data-fullscreen- data-track-element-type=\"Article image fullscreen\" data-track-name=\"ImageFullscreen\" decoding=\"async\" loading=\"lazy\" height=\"2534\" itemprop=\"image\"  src=\"https:\/\/www.europesays.com\/no\/wp-content\/uploads\/2026\/01\/d04b8fd1-805f-4082-a218-91dae79a0cea.jpeg\"  style=\"object-position:0% 0%\" width=\"3800\"\/><\/p>\n<p class=\"_paragraph_o9xde_4 _paragraph_xtcu6_10 layout-component text-serif-m layout-normal text-serif-m layout-padded\">En som derimot har myndighet til \u00e5 svare p\u00e5 VGs sp\u00f8rsm\u00e5l, er Gustavo Anduquia, sikkerhetssjef i kommunen Villa del Rosario.<\/p>\n<p class=\"_paragraph_o9xde_4 _paragraph_xtcu6_10 layout-component text-serif-m layout-normal text-serif-m layout-padded\">Han har ansvar for den travleste grensebroen til Venezuela, Sim\u00f3n Bol\u00edvar \u2013 en beryktet transport\u00e5re for narkotikasmuglerne til karteller som Tren de Aragua og geriljagruppene ELN og FARC. <\/p>\n<p><img alt=\"\" class=\"_image_qp4xg_65 layout-component layout-right\" data-fullscreen- data-track-element-type=\"Article image fullscreen\" data-track-name=\"ImageFullscreen\" decoding=\"async\" loading=\"lazy\" height=\"2533\" itemprop=\"image\"  src=\"https:\/\/www.europesays.com\/no\/wp-content\/uploads\/2026\/01\/d70fc39b-9a01-4a8e-8c22-308b9de59dea.jpeg\"  style=\"object-position:0% 0%\" width=\"3800\"\/><\/p>\n<p class=\"_paragraph_o9xde_4 _paragraph_xtcu6_10 layout-component text-serif-m layout-normal text-serif-m layout-padded\">Myndighetene i Colombia frykter \u00f8kt vold og kriminalitet fra v\u00e6pnede grupper som utnytter kaoset etter Maduro-angrepet.<\/p>\n<p class=\"_paragraph_o9xde_4 _paragraph_xtcu6_10 layout-component text-serif-m layout-normal text-serif-m layout-padded\">\u2013 Situasjonen n\u00e5 er anspent, men vi har bedre kontroll enn noensinne. Dette er et historisk \u00f8yeblikk, sier han til VG.<\/p>\n<p><img alt=\"\" class=\"_image_qp4xg_65 layout-component layout-normal\" data-fullscreen- data-track-element-type=\"Article image fullscreen\" data-track-name=\"ImageFullscreen\" decoding=\"async\" loading=\"lazy\" height=\"2533\" itemprop=\"image\"  src=\"https:\/\/www.europesays.com\/no\/wp-content\/uploads\/2026\/01\/18bf9ac8-0322-4244-938b-f25b9ef4da11.jpeg\"  style=\"object-position:0% 0%\" width=\"3800\"\/><\/p>\n<p class=\"_paragraph_o9xde_4 _paragraph_xtcu6_10 layout-component text-serif-m layout-normal text-serif-m layout-padded\">\u2013 Vi er i beredskap, hundre prosent. Politiet, h\u00e6ren, migrasjonsmyndighetene. Alle er forberedt p\u00e5 det som kan komme. <\/p>\n<p class=\"_paragraph_o9xde_4 _paragraph_xtcu6_10 layout-component text-serif-m layout-normal text-serif-m layout-padded\">\u2013 Hva er det dere forventer at kan skje?<\/p>\n<p class=\"_paragraph_o9xde_4 _paragraph_xtcu6_10 layout-component text-serif-m layout-normal text-serif-m layout-padded\">\u2013 Vi er klare for \u00e5 svare p\u00e5 all mulig aggresjon, til \u00e5 forsvare landet v\u00e5rt og til \u00e5 ta imot en b\u00f8lge av migranter, svarer sikkerhetssjefen. <\/p>\n<p class=\"_paragraph_o9xde_4 _paragraph_xtcu6_10 layout-component text-serif-m layout-normal text-serif-m layout-padded\">Nabolandet st\u00e5r i full krise og uvisshet. Trump sier at USA skal styre Venezuela ved hjelp av Maduros gamle regime, kanskje i \u00e5revis fremover. <\/p>\n<p class=\"_paragraph_o9xde_4 _paragraph_xtcu6_10 layout-component text-serif-m layout-normal text-serif-m layout-padded\">Oljekranene skal \u00e5pnes og penger skal str\u00f8mme inn, skal vi tro den amerikanske presidenten.<\/p>\n<p class=\"_paragraph_o9xde_4 _paragraph_xtcu6_10 layout-component text-serif-m layout-normal text-serif-m layout-padded\">Bare tiden vil vise om det er gode eller d\u00e5rlige nyheter for folk flest, som har levd under et undertrykkende styre i over 25 \u00e5r.<\/p>\n<p><img alt=\"\" class=\"_image_qp4xg_65 layout-component layout-normal\" data-fullscreen- data-track-element-type=\"Article image fullscreen\" data-track-name=\"ImageFullscreen\" decoding=\"async\" loading=\"lazy\" height=\"2533\" itemprop=\"image\"  src=\"https:\/\/www.europesays.com\/no\/wp-content\/uploads\/2026\/01\/41223d7e-5402-4a37-ab0f-587c863987fc.jpeg\"  style=\"object-position:0% 0%\" width=\"3800\"\/><\/p>\n<p class=\"_paragraph_o9xde_4 _paragraph_xtcu6_10 layout-component text-serif-m layout-normal text-serif-m layout-padded\">If\u00f8lge Trump er det ikke bare Maduro som driver med statsst\u00f8ttet narkoterrorisme, men ogs\u00e5 Colombias president Gustavo Petro.<\/p>\n<p class=\"_paragraph_o9xde_4 _paragraph_xtcu6_10 layout-component text-serif-m layout-normal text-serif-m layout-padded\"><strong class=\"_strong_o9xde_25\">Sinnene koker i Colombia. <\/strong><\/p>\n<p class=\"_paragraph_o9xde_4 _paragraph_xtcu6_10 layout-component text-serif-m layout-normal text-serif-m layout-padded\">Onsdag <a href=\"https:\/\/www.vg.no\/nyheter\/i\/xrPGQG\/tar-til-gatene-mot-donald-trump-i-colombia-vil-ikke-ha-ham-her\" data-track-element-type=\"Link\" data-track-id=\"link:xrPGQG\" class=\"_link_o9xde_39\" rel=\"nofollow noopener\" target=\"_blank\">tok tusenvis til gatene<\/a> i protest mot Trumps trusler, der VG var til stede.<\/p>\n<p><img alt=\"\" class=\"_image_qp4xg_65 layout-component layout-normal\" data-fullscreen- data-track-element-type=\"Article image fullscreen\" data-track-name=\"ImageFullscreen\" decoding=\"async\" loading=\"lazy\" height=\"2533\" itemprop=\"image\"  src=\"https:\/\/www.europesays.com\/no\/wp-content\/uploads\/2026\/01\/3cc89413-8fb7-47de-b83c-fda9730a713c.jpeg\"  style=\"object-position:0% 0%\" width=\"3800\"\/><\/p>\n<p class=\"_paragraph_o9xde_4 _paragraph_xtcu6_10 layout-component text-serif-m layout-normal text-serif-m layout-padded\">\u2013 Vi er i fare. Truslene er ekte, sa Petro til <a href=\"https:\/\/www.nytimes.com\/2026\/01\/08\/world\/americas\/colombia-petro-trump-venezuela.html\" class=\"_link_o9xde_39\" rel=\"nofollow noopener\" target=\"_blank\">New York Times<\/a> onsdag.<\/p>\n<p class=\"_paragraph_o9xde_4 _paragraph_xtcu6_10 layout-component text-serif-m layout-normal text-serif-m layout-padded\">Han forklarte at han planla \u00e5 sove ved siden av sverdet til uavhengighetsforkjemperen Sim\u00f3n Bol\u00edvar i presidentpalasset, i frykt for \u00e5 bli kidnappet i nattens m\u00f8rke som Maduro.<\/p>\n<p class=\"_paragraph_o9xde_4 _paragraph_xtcu6_10 layout-component text-serif-m layout-normal text-serif-m layout-padded\">Bare timer etter ringte Trump til Petro og ville snakke. Det skal ha v\u00e6rt en god samtale, if\u00f8lge Trump. Gemyttene ble tilsynelatende roet. <\/p>\n<p><img alt=\"\" class=\"_image_qp4xg_65 layout-component layout-left\" data-fullscreen- data-track-element-type=\"Article image fullscreen\" data-track-name=\"ImageFullscreen\" decoding=\"async\" loading=\"lazy\" height=\"2533\" itemprop=\"image\"  src=\"https:\/\/www.europesays.com\/no\/wp-content\/uploads\/2026\/01\/63a4e956-6e91-481a-8991-169872d9a37d.jpeg\"  style=\"object-position:0% 0%\" width=\"3800\"\/><img alt=\"\" class=\"_image_qp4xg_65 layout-component layout-right\" data-fullscreen- data-track-element-type=\"Article image fullscreen\" data-track-name=\"ImageFullscreen\" decoding=\"async\" loading=\"lazy\" height=\"2533\" itemprop=\"image\"  src=\"https:\/\/www.europesays.com\/no\/wp-content\/uploads\/2026\/01\/10a9b066-3a6f-413c-b576-e02f640f9b1f.jpeg\"  style=\"object-position:0% 0%\" width=\"3800\"\/><\/p>\n<p class=\"_paragraph_o9xde_4 _paragraph_xtcu6_10 layout-component text-serif-m layout-normal text-serif-m layout-padded\">Per n\u00e5 er det for farlig \u00e5 krysse inn i Venezuela for internasjonale journalister. <\/p>\n<p class=\"_paragraph_o9xde_4 _paragraph_xtcu6_10 layout-component text-serif-m layout-normal text-serif-m layout-padded\">Regimet utsteder ikke pressevisum, og en rekke journalister er blitt arrestert de siste dagene.<\/p>\n<p class=\"_paragraph_o9xde_4 _paragraph_xtcu6_10 layout-component text-serif-m layout-normal text-serif-m layout-padded\">Selv om Maduro er borte, best\u00e5r regimet. Myndighetene ser ikke ut til \u00e5 ha sluppet <a href=\"https:\/\/www.vg.no\/nyheter\/i\/43qMbG\/stillheten-etter-maduro-folk-feirer-i-det-skjulte\" data-track-element-type=\"Link\" data-track-id=\"link:43qMbG\" class=\"_link_o9xde_39\" rel=\"nofollow noopener\" target=\"_blank\">jerngrepet over befolkningen<\/a>.<\/p>\n<p><img alt=\"\" class=\"_image_qp4xg_65 layout-component layout-normal\" data-fullscreen- data-track-element-type=\"Article image fullscreen\" data-track-name=\"ImageFullscreen\" decoding=\"async\" loading=\"lazy\" height=\"2533\" itemprop=\"image\"  src=\"https:\/\/www.europesays.com\/no\/wp-content\/uploads\/2026\/01\/dcf13b03-cf51-43c0-8130-2cbacc27e131.jpeg\"  style=\"object-position:0% 0%\" width=\"3800\"\/><\/p>\n<p class=\"_paragraph_o9xde_4 _paragraph_xtcu6_10 layout-component text-serif-m layout-normal text-serif-m layout-padded\">Det har Fabiana Guitierrez (31) kjent p\u00e5 kroppen.<\/p>\n<p class=\"_paragraph_o9xde_4 _paragraph_xtcu6_10 layout-component text-serif-m layout-normal text-serif-m layout-padded\">\u2013 Jeg turte ikke \u00e5 juble for h\u00f8yt da Maduro ble tatt til fange. Man kan ikke ytre seg kritisk om regimet, da havner man i fengsel, sier hun til VG.<\/p>\n<p class=\"_paragraph_o9xde_4 _paragraph_xtcu6_10 layout-component text-serif-m layout-normal text-serif-m layout-padded\">Vi m\u00f8ter henne p\u00e5 grensen, der hun nettopp har krysset over fra hjemlandet Venezuela sammen med mannen og s\u00f8nnen Thiago p\u00e5 tre \u00e5r. <\/p>\n<p><img alt=\"\" class=\"_image_qp4xg_65 layout-component layout-left\" data-fullscreen- data-track-element-type=\"Article image fullscreen\" data-track-name=\"ImageFullscreen\" decoding=\"async\" loading=\"lazy\" height=\"2533\" itemprop=\"image\"  src=\"https:\/\/www.europesays.com\/no\/wp-content\/uploads\/2026\/01\/f45f97d1-dfdb-4100-bbdf-55ccea5a356e.jpeg\"  style=\"object-position:0% 0%\" width=\"3800\"\/><img alt=\"\" class=\"_image_qp4xg_65 layout-component layout-right\" data-fullscreen- data-track-element-type=\"Article image fullscreen\" data-track-name=\"ImageFullscreen\" decoding=\"async\" loading=\"lazy\" height=\"2533\" itemprop=\"image\"  src=\"https:\/\/www.europesays.com\/no\/wp-content\/uploads\/2026\/01\/7cb25194-5769-4b94-b543-bdbb4d107dd9.jpeg\"  style=\"object-position:0% 0%\" width=\"3800\"\/><\/p>\n<p class=\"_paragraph_o9xde_4 _paragraph_xtcu6_10 layout-component text-serif-m layout-normal text-serif-m layout-padded\">Den lille familien bor i Colombia og var p\u00e5 juleferie like utenfor hovedstaden Caracas da angrepet skjedde. <\/p>\n<p class=\"_paragraph_o9xde_4 _paragraph_xtcu6_10 layout-component text-serif-m layout-normal text-serif-m layout-padded\">\u2013 Vi h\u00f8rte flyene. Jeg ble redd, samtidig som jeg kjente p\u00e5 en glede, v\u00e5ger hun si n\u00e5 som hun er ute av landet.<\/p>\n<p><img alt=\"\" class=\"_image_qp4xg_65 layout-component layout-normal\" data-fullscreen- data-track-element-type=\"Article image fullscreen\" data-track-name=\"ImageFullscreen\" decoding=\"async\" loading=\"lazy\" height=\"2534\" itemprop=\"image\"  src=\"https:\/\/www.europesays.com\/no\/wp-content\/uploads\/2026\/01\/622b9196-8639-40eb-9bad-124710700c0e.png\"  style=\"object-position:0% 0%\" width=\"3800\"\/><\/p>\n<p class=\"_paragraph_o9xde_4 _paragraph_xtcu6_10 layout-component text-serif-m layout-normal text-serif-m layout-padded\">C\u00facuta er en travel grenseby, med \u00e9n million innbyggere. <\/p>\n<p class=\"_paragraph_o9xde_4 _paragraph_xtcu6_10 layout-component text-serif-m layout-normal text-serif-m layout-padded\">Grensepasseringen er fortsatt \u00e5pen, og det er en jevn str\u00f8m av biler og motorsykler. Mange venezuelanere bor p\u00e5 den ene siden av grensen og jobber p\u00e5 den andre. <\/p>\n<p><img alt=\"\" class=\"_image_qp4xg_65 layout-component layout-normal\" data-fullscreen- data-track-element-type=\"Article image fullscreen\" data-track-name=\"ImageFullscreen\" decoding=\"async\" loading=\"lazy\" height=\"2467\" itemprop=\"image\"  src=\"https:\/\/www.europesays.com\/no\/wp-content\/uploads\/2026\/01\/4aac650c-6c1c-41f4-a708-b4ed0a299e77.jpeg\"  style=\"object-position:0% 0%\" width=\"3700\"\/><\/p>\n<p class=\"_paragraph_o9xde_4 _paragraph_xtcu6_10 layout-component text-serif-m layout-normal text-serif-m layout-padded\">Livet g\u00e5r sin gang. Men ting er ikke som f\u00f8r. <\/p>\n<p class=\"_paragraph_o9xde_4 _paragraph_xtcu6_10 layout-component text-serif-m layout-normal text-serif-m layout-padded\">De v\u00e6pnede soldatene fra h\u00e6ren og de pansrede kj\u00f8ret\u00f8yene vitner om at det er unntakstilstand.<\/p>\n<p><img alt=\"\" class=\"_image_qp4xg_65 layout-component layout-normal\" data-fullscreen- data-track-element-type=\"Article image fullscreen\" data-track-name=\"ImageFullscreen\" decoding=\"async\" loading=\"lazy\" height=\"2534\" itemprop=\"image\"  src=\"https:\/\/www.europesays.com\/no\/wp-content\/uploads\/2026\/01\/9ff97130-16fb-43d0-9559-715892eb946f.png\"  style=\"object-position:0% 0%\" width=\"3800\"\/> Ingeborg Huse Amundsen<\/p>\n<p class=\"text-sans-s\">USA-korrespondent<\/p>\n<p><img decoding=\"async\" alt=\"Ingeborg Huse Amundsen\" class=\"_image_uv074_179\" src=\"https:\/\/www.europesays.com\/no\/wp-content\/uploads\/2026\/01\/1767940936_551_4b6c40fe-917f-48d3-8cf1-7b5bf452cba0.jpeg\" width=\"480\"\/>Kontakt Ingeborg Huse AmundsenThomas Nilsson (foto)<\/p>\n<p class=\"text-sans-s\">USA-fotograf<\/p>\n<p><img decoding=\"async\" alt=\"Thomas Nilsson (foto)\" class=\"_image_uv074_179\" src=\"https:\/\/www.europesays.com\/no\/wp-content\/uploads\/2026\/01\/1767940936_461_a15e2d6e-7854-4925-af47-4ad7e64a38da.jpeg\" width=\"480\"\/>Kontakt Thomas Nilsson (foto)     <\/p>\n","protected":false},"excerpt":{"rendered":"\u00abR\u00e1pido, r\u00e1pido, r\u00e1pido!\u00bb De unge soldatene hopper ut av det pansrede kj\u00f8ret\u00f8yet, som nettopp har stanset 50 meter&hellip;\n","protected":false},"author":2,"featured_media":132709,"comment_status":"","ping_status":"","sticky":false,"template":"","format":"standard","meta":{"footnotes":""},"categories":[12],"tags":[20,21,2823,55,24,25,15,22,23,13,4037,30,28,29,14,16,26,27,50,95,42,43,44,45],"class_list":{"0":"post-132708","1":"post","2":"type-post","3":"status-publish","4":"format-standard","5":"has-post-thumbnail","7":"category-verden","8":"tag-breaking-news","9":"tag-breakingnews","10":"tag-colombia","11":"tag-donald-trump","12":"tag-featured-news","13":"tag-featurednews","14":"tag-headlines","15":"tag-latest-news","16":"tag-latestnews","17":"tag-news","18":"tag-nicolas-maduro","19":"tag-no","20":"tag-norge","21":"tag-norway","22":"tag-nyheter","23":"tag-overskrifter","24":"tag-top-stories","25":"tag-topstories","26":"tag-usa","27":"tag-venezuela","28":"tag-verden","29":"tag-world","30":"tag-world-news","31":"tag-worldnews"},"share_on_mastodon":{"url":"https:\/\/pubeurope.com\/@no\/115863784404355475","error":""},"_links":{"self":[{"href":"https:\/\/www.europesays.com\/no\/wp-json\/wp\/v2\/posts\/132708","targetHints":{"allow":["GET"]}}],"collection":[{"href":"https:\/\/www.europesays.com\/no\/wp-json\/wp\/v2\/posts"}],"about":[{"href":"https:\/\/www.europesays.com\/no\/wp-json\/wp\/v2\/types\/post"}],"author":[{"embeddable":true,"href":"https:\/\/www.europesays.com\/no\/wp-json\/wp\/v2\/users\/2"}],"replies":[{"embeddable":true,"href":"https:\/\/www.europesays.com\/no\/wp-json\/wp\/v2\/comments?post=132708"}],"version-history":[{"count":0,"href":"https:\/\/www.europesays.com\/no\/wp-json\/wp\/v2\/posts\/132708\/revisions"}],"wp:featuredmedia":[{"embeddable":true,"href":"https:\/\/www.europesays.com\/no\/wp-json\/wp\/v2\/media\/132709"}],"wp:attachment":[{"href":"https:\/\/www.europesays.com\/no\/wp-json\/wp\/v2\/media?parent=132708"}],"wp:term":[{"taxonomy":"category","embeddable":true,"href":"https:\/\/www.europesays.com\/no\/wp-json\/wp\/v2\/categories?post=132708"},{"taxonomy":"post_tag","embeddable":true,"href":"https:\/\/www.europesays.com\/no\/wp-json\/wp\/v2\/tags?post=132708"}],"curies":[{"name":"wp","href":"https:\/\/api.w.org\/{rel}","templated":true}]}}