{"id":132710,"date":"2026-01-09T06:43:14","date_gmt":"2026-01-09T06:43:14","guid":{"rendered":"https:\/\/www.europesays.com\/no\/132710\/"},"modified":"2026-01-09T06:43:14","modified_gmt":"2026-01-09T06:43:14","slug":"flest-branner-i-norge-om-vinteren-slik-unngar-du-brannfeller-i-kuldeperioden-nrk-vestland","status":"publish","type":"post","link":"https:\/\/www.europesays.com\/no\/132710\/","title":{"rendered":"Flest branner i Norge om vinteren \u2013 slik unng\u00e5r du brannfeller i kuldeperioden \u2013 NRK Vestland"},"content":{"rendered":"<p>Kulda har verkeleg festa grepet om Noreg dette ny\u00e5ret.<\/p>\n<p>Kanskje har du fyrt litt ekstra i omnen? Eller har du ein litt st\u00f8vete oljeomn som framleis fungerer heilt greitt? Lukta det brent st\u00f8v av omnen? Da b\u00f8r du lese vidare.<\/p>\n<p><strong>Feil bruk av varmekjelder og bruk av gamalt utstyr kan potensielt vera brannfeller.<\/strong><\/p>\n<p>Det er flest brannar i Noreg i vinterm\u00e5nadane, viser tal fr\u00e5 Direktoratet for samfunnssikkerhet og beredskap (DSB).<\/p>\n<p><a href=\"https:\/\/www.nrk.no\/vestfoldogtelemark\/41-omkom-i-brann-i-2025-1.17719070\" ec-id=\"pp:article:1.17719070\" ec-name=\"I 2025 omkom 41 menneske i brann i Noreg\" rel=\"nofollow noopener\" target=\"_blank\">I 2025 omkom 41 menneske i brann i Noreg<\/a>. 34 av dei d\u00f8ydde i bustad eller fritidsbustad, melder Brannvernforeningen.<\/p>\n<p><strong>Her f\u00e5r du gode r\u00e5d til korleis du kan unng\u00e5 brann i heimen.<\/strong><\/p>\n<ol>\n<li><a href=\"#Varmeomn\">Kan du bruka gamle varmeomnar?<\/a><\/li>\n<li><a href=\"#Varmeteppe\">Er varmepledd og varmeteppe brannfarlege?<\/a><\/li>\n<li><a href=\"#Vedfyring\">Kva m\u00e5 du tenkja p\u00e5 n\u00e5r du fyrer med ved?<\/a><\/li>\n<li><a href=\"#Mykje straum\">Kva skjer n\u00e5r du brukar mykje straum p\u00e5 ein gong?<\/a><\/li>\n<li><a href=\"#Det kanskje viktigaste r\u00e5det\">Det kanskje viktigaste r\u00e5det<\/a><\/li>\n<\/ol>\n<p>Kan du bruka gamle varmeomnar?<a id=\"Varmeomn\" name=\"Varmeomn\"\/><\/p>\n<p>\u2013 Det er viktig at omnane er skikkelege og fungerer som dei skal, seier Tommy Kristoffersen, seksjonsleiar for beredskap i Bergen brannvesen.<\/p>\n<p>Eit d\u00f8me som ikkje fungerer som det skal er ein vifteomn der vifta er defekt, medan varmeelementet fungerer som det skal.<\/p>\n<p>\u2013 D\u00e5 f\u00e5r du utvikling av varme, men ikkje luftgjennomstr\u00f8yminga du skal ha. Det er ein potensiell brannfare, seier han\n<\/p>\n<p><img decoding=\"async\"   src=\"data:image\/gif;base64,R0lGODlhAQABAIAAAAAAAP\/\/\/yH5BAEAAAAALAAAAAABAAEAAAIBRAA7\" loading=\"eager\" alt=\"Ein svart vifteomn med svidde s\u00f8lv-delar p\u00e5 toppen.\" title=\"Foto: Bergen brannvesen\"\/><\/p>\n<p class=\"\">Denne vifteomnen er eit d\u00f8me p\u00e5 eit d\u00e5rleg st\u00f8psel. Det kan fungera greitt med ein omn med termostat der vifta vil sl\u00e5 seg av n\u00e5r det er varmt nok, men n\u00e5r omnen ikkje har ein slik vil ein slik svakheit kunna skapa gnistar.<\/p>\n<p>Foto: Bergen brannvesen<\/p>\n<p><strong>Dersom det luktar brent st\u00f8v n\u00e5r ein omn varmar seg opp, er du eigentleg litt seint ute. St\u00f8vet b\u00f8r fjernast f\u00f8r du set omnen i gang, meiner Kristoffersen.<\/strong><\/p>\n<p>Han f\u00e5r st\u00f8tte av Jan Svoen som jobbar med brannf\u00f8rebygging i Sunnfjord kommune. Han meiner folk b\u00f8r halda seg heime n\u00e5r dei set p\u00e5 omnar som ikkje har vore i bruk p\u00e5 ei stund.<\/p>\n<p><strong>Han vil ikkje setja ei aldersgrense for kva som er ein trygg omn. <\/strong><\/p>\n<p><strong>\u2013 Dette m\u00e5 ein vurdera. Er du usikker, s\u00e5 brukar du ikkje omnen. S\u00e5 enkelt er det, seier Svoen. <\/strong><\/p>\n<p>Er varmepledd og varmeteppe brannfarlege?<a id=\"Varmeteppe\" name=\"Varmeteppe\"\/><\/p>\n<p>\u2013 Varmeteppa er ikkje farlege s\u00e5 lenge dei blir brukt slik leverand\u00f8ren seier, seier Kristoffersen i brannvesenet<\/p>\n<p>Det mest sentrale er at varmeteppe ikkje skal st\u00e5 p\u00e5 n\u00e5r du ikkje er vaken.<\/p>\n<p><strong>Nyleg rykte Bergen brannvesen ut til ein brann der eit barn l\u00e5g og sov i ei seng der varmeteppet tok fyr.<\/strong><\/p>\n<p>\u2013 Bruk det til \u00e5 varma opp n\u00e5r du er vaken. Skru det av og trekk ut st\u00f8pselet f\u00f8r du legg deg til \u00e5 sova, seier Kristoffersen.\n<\/p>\n<p><img decoding=\"async\"   src=\"data:image\/gif;base64,R0lGODlhAQABAIAAAAAAAP\/\/\/yH5BAEAAAAALAAAAAABAAEAAAIBRAA7\" loading=\"eager\" alt=\"Ein fem cm lang, to cm brei gul dings med svimerke\" title=\"Foto: Bergen brannvesen\"\/><\/p>\n<p class=\"\">Dette var alt som var att etter at eit varmeteppe byrja \u00e5 brenna i ei barneseng i Fana m\u00e5ndag. <\/p>\n<p>Foto: Bergen brannvesen<\/p>\n<p>Svoen meiner at du b\u00f8r halda deg i huset n\u00e5r teppa st\u00e5r p\u00e5.<\/p>\n<p><strong>\u2013 I eldre teppe kan kablar morkna og d\u00e5 er faren for at det tek fyr mykje st\u00f8rre. Viss det tek fyr oppi ei seng har du plutseleg ein bygningsbrann. Om du ligg oppi der s\u00e5 f\u00e5r du brannskadar. Teppa b\u00f8r aldri brukast utan tilsyn.<\/strong><\/p>\n<p>Kva m\u00e5 du tenkja p\u00e5 n\u00e5r du fyrer med ved?<a id=\"Vedfyring\" name=\"Vedfyring\"\/><\/p>\n<p>Det f\u00f8rste r\u00e5det fr\u00e5 Svoen n\u00e5r det gjeld peisfyring er \u00e5 ikkje setja fyr p\u00e5 juletreet.<\/p>\n<p>Greinene b\u00f8r leverast p\u00e5 gjenvinningsstasjonen. Stammen kan du kappa opp, t\u00f8rka og bruka som ved til neste \u00e5r. For at veden er t\u00f8rr, er sentralt.<\/p>\n<p>\u2013 Du m\u00e5 passa p\u00e5 \u00e5 ha t\u00f8rr ved og god trekk. Me ser at mange som fyrer lite til vanleg fyrer ekstra mykje no for \u00e5 f\u00e5 varmen opp. Med ei god pipe og ein god omn er det ingen fare, seier Svoen.<\/p>\n<p><strong>I Bergen har brannvesenet nyleg vore ute p\u00e5 ein brann som starta d\u00e5 nokon skulle fjerna oske fr\u00e5 ein peis. D\u00e5 tok parketten fyr.<\/strong><\/p>\n<p><img decoding=\"async\"   src=\"data:image\/gif;base64,R0lGODlhAQABAIAAAAAAAP\/\/\/yH5BAEAAAAALAAAAAABAAEAAAIBRAA7\" loading=\"eager\" alt=\"To folk i brannklede med r\u00f8ykdykkarflasker og masker st\u00e5r lent over eit parkettgolv med svimerke.\" title=\"Foto: Bergen brannvesen\"\/><\/p>\n<p class=\"\">Kolrestar kan innehalda gl\u00f8r i fleire dagar. Brannvesenet tilr\u00e5r \u00e5 oppbevara dei i metallbehaldar med lok.<\/p>\n<p>Foto: Bergen brannvesen<\/p>\n<p>\u2013 Ta oska ut med ein brannsikker behaldar og set han utand\u00f8rs i brannsikre omgjevnader. Ikkje oppetter husveggen alts\u00e5.<\/p>\n<p>Kva skjer n\u00e5r me brukar mykje straum p\u00e5 ein gong?<a id=\"Mykje straum\" name=\"Mykje straum\"\/><\/p>\n<p>Dei siste vekene har nordmenn brukt rekordmykje straum. <a href=\"https:\/\/www.nrk.no\/vestland\/ny-straumrekord-i-noreg_-aldri-for-har-vi-brukt-meir-straum-1.17717643\" ec-id=\"pp:article:1.17717643\" ec-name=\"Onsdag denne veka blei det sett ny rekord for straumforbruk i Noreg.\" rel=\"nofollow noopener\" target=\"_blank\">Onsdag denne veka blei det sett ny rekord for straumforbruk i Noreg.<\/a><\/p>\n<p>Det kan f\u00f8ra til slitasje p\u00e5 stikkontaktar.<\/p>\n<p>\u2013 Viss det er nokon stader i huset ditt der st\u00f8psel blir teke inn og ut mange gonger og det byrjar \u00e5 bli d\u00e5rleg kontakt, d\u00e5 b\u00f8r du ta ein liten visuell kontroll, seier Kristoffersen.<\/p>\n<p>Han tilr\u00e5r \u00e5 kjenna etter varme og sj\u00e5 etter sotmerke, b\u00e5de p\u00e5 st\u00f8psel og i sikringssk\u00e5p.<\/p>\n<p>\u2013 Sjekk der du veit du tek ut mykje straum. Der du har ein varmeomn p\u00e5 3000 watt for eksempel. Her tek du ut mykje meir straum n\u00e5r det er kaldt enn du gjer n\u00e5r det er normaltemperatur ute. Ei d\u00e5rleg kontakt der kan f\u00f8ra til varmeutvikling<\/p>\n<p>Dersom du finn spor av varme eller sot, er r\u00e5det \u00e5 trekkja ut st\u00f8pselet og ikkje bruka apparatet f\u00f8r ein elektrikar har teke ein grundigare sjekk.<\/p>\n<p>Det kanskje viktigaste r\u00e5det<a id=\"Det kanskje viktigaste r\u00e5det\" name=\"Det kanskje viktigaste r\u00e5det\"\/><\/p>\n<p>Til slutt kjem Svoen med eit siste, viktig r\u00e5d.<\/p>\n<p>\u2013 Sjekk at r\u00f8ykvarslaren din fungerer.<\/p>\n<p>Publisert<\/p>\n<p>08.01.2026, kl. 18.49<\/p>\n<p>Oppdatert<\/p>\n<p>08.01.2026, kl. 18.54<\/p>\n","protected":false},"excerpt":{"rendered":"Kulda har verkeleg festa grepet om Noreg dette ny\u00e5ret. Kanskje har du fyrt litt ekstra i omnen? Eller&hellip;\n","protected":false},"author":2,"featured_media":132711,"comment_status":"","ping_status":"","sticky":false,"template":"","format":"standard","meta":{"footnotes":""},"categories":[10],"tags":[20,21,24,25,15,22,23,13,30,28,29,14,16,26,27],"class_list":{"0":"post-132710","1":"post","2":"type-post","3":"status-publish","4":"format-standard","5":"has-post-thumbnail","7":"category-norge","8":"tag-breaking-news","9":"tag-breakingnews","10":"tag-featured-news","11":"tag-featurednews","12":"tag-headlines","13":"tag-latest-news","14":"tag-latestnews","15":"tag-news","16":"tag-no","17":"tag-norge","18":"tag-norway","19":"tag-nyheter","20":"tag-overskrifter","21":"tag-top-stories","22":"tag-topstories"},"share_on_mastodon":{"url":"https:\/\/pubeurope.com\/@no\/115863788109006648","error":""},"_links":{"self":[{"href":"https:\/\/www.europesays.com\/no\/wp-json\/wp\/v2\/posts\/132710","targetHints":{"allow":["GET"]}}],"collection":[{"href":"https:\/\/www.europesays.com\/no\/wp-json\/wp\/v2\/posts"}],"about":[{"href":"https:\/\/www.europesays.com\/no\/wp-json\/wp\/v2\/types\/post"}],"author":[{"embeddable":true,"href":"https:\/\/www.europesays.com\/no\/wp-json\/wp\/v2\/users\/2"}],"replies":[{"embeddable":true,"href":"https:\/\/www.europesays.com\/no\/wp-json\/wp\/v2\/comments?post=132710"}],"version-history":[{"count":0,"href":"https:\/\/www.europesays.com\/no\/wp-json\/wp\/v2\/posts\/132710\/revisions"}],"wp:featuredmedia":[{"embeddable":true,"href":"https:\/\/www.europesays.com\/no\/wp-json\/wp\/v2\/media\/132711"}],"wp:attachment":[{"href":"https:\/\/www.europesays.com\/no\/wp-json\/wp\/v2\/media?parent=132710"}],"wp:term":[{"taxonomy":"category","embeddable":true,"href":"https:\/\/www.europesays.com\/no\/wp-json\/wp\/v2\/categories?post=132710"},{"taxonomy":"post_tag","embeddable":true,"href":"https:\/\/www.europesays.com\/no\/wp-json\/wp\/v2\/tags?post=132710"}],"curies":[{"name":"wp","href":"https:\/\/api.w.org\/{rel}","templated":true}]}}