{"id":132716,"date":"2026-01-09T06:52:08","date_gmt":"2026-01-09T06:52:08","guid":{"rendered":"https:\/\/www.europesays.com\/no\/132716\/"},"modified":"2026-01-09T06:52:08","modified_gmt":"2026-01-09T06:52:08","slug":"zuccarello-ble-matchvinner-for-minnesota-wild-scoret-vinnermalet-pa-overtid","status":"publish","type":"post","link":"https:\/\/www.europesays.com\/no\/132716\/","title":{"rendered":"Zuccarello ble matchvinner for Minnesota Wild \u2013 scoret vinnerm\u00e5let p\u00e5 overtid"},"content":{"rendered":"\n<p class=\"_lead_o9xde_2 _lead_xtcu6_50 layout-component text-serif-m layout-normal text-serif-l layout-component layout-wide layout-padded _wide_17hqh_1 layout-padded\">To minutter inn i overtiden dukket Mats Zuccarello opp og scoret 3-2-m\u00e5let som sikret Minnesota Wild-seier over Seattle Kraken i NHL.<\/p>\n<p><img alt=\"Seattle Krakens Vince Dunnn (til venstre) og Minnesota Wilds Mats Zuccarello i 2. periode av nattens kamp i NHL.  Foto: Lindsey Wasson \/ AP \/ NTB.\" class=\"_image_qp4xg_65 layout-component layout-wide\" data-fullscreen- data-track-element-type=\"Article image fullscreen\" data-track-name=\"ImageFullscreen\" fetchpriority=\"high\" decoding=\"sync\" loading=\"eager\" height=\"3617\" itemprop=\"image\"  src=\"https:\/\/www.europesays.com\/no\/wp-content\/uploads\/2026\/01\/ea4c8582-8204-4349-b01c-bb776c612f26.png\"  style=\"object-position:0% 0%\" width=\"5425\"\/>Seattle Krakens Vince Dunnn (til venstre) og Minnesota Wilds Mats Zuccarello i 2. periode av nattens kamp i NHL.  Foto: Lindsey Wasson \/ AP \/ NTB.<\/p>\n<ul aria-hidden=\"true\" class=\"_images_ntbth_112\">\n<li><a class=\"_link_ntbth_117\" href=\"https:\/\/www.vg.no\/forfatter\/ntb\" style=\"z-index:1\" title=\"NTB\" rel=\"nofollow noopener\" target=\"_blank\"><img alt=\"Bilde av NTB\" class=\"_image_ntbth_93\" fetchpriority=\"low\" loading=\"lazy\" decoding=\"async\" itemprop=\"image\"  src=\"https:\/\/www.europesays.com\/no\/wp-content\/uploads\/2026\/01\/1767941528_168_c33980b0-5d07-4027-84a1-813f90a7c8d6.png\"  width=\"480\"\/><\/a><\/li>\n<\/ul>\n<p> Oppdatert fredag 9. januar kl. 07:12     <\/p>\n<p class=\"_paragraph_o9xde_4 _paragraph_xtcu6_10 layout-component text-serif-m layout-normal text-serif-m layout-padded\">2.09 minutter var spilt av ekstratiden da nordmannen ble assistert av Kirill Kaprizov og Brock Faber da pucken satt der den skulle til rett tid.<\/p>\n<p class=\"_paragraph_o9xde_4 _paragraph_xtcu6_10 layout-component text-serif-m layout-normal text-serif-m layout-padded\">Minnesota Wild kunne ha avgjort kampen tidligere ogs\u00e5 siden de ledet 2-0 etter 1. periode. Da hadde nevnte Faber og Ryan Hartmann scoret.<\/p>\n<p class=\"_paragraph_o9xde_4 _paragraph_xtcu6_10 layout-component text-serif-m layout-normal text-serif-m layout-padded\">Seattle Kraken scoret to kjappe m\u00e5l tidlig i 3. periode og s\u00f8rget for at kampen m\u00e5tte avgj\u00f8res med ekstra spilletid.<\/p>\n<p class=\"_paragraph_o9xde_4 _paragraph_xtcu6_10 layout-component text-serif-m layout-normal text-serif-m layout-padded\">H\u00f8yrevingen Mats Zuccarello fikk 18.41 minutter p\u00e5 isen i kampen som ble f\u00f8rst ble avgjort tidlig fredag morgen norsk tid.<\/p>\n","protected":false},"excerpt":{"rendered":"To minutter inn i overtiden dukket Mats Zuccarello opp og scoret 3-2-m\u00e5let som sikret Minnesota Wild-seier over Seattle&hellip;\n","protected":false},"author":2,"featured_media":132717,"comment_status":"","ping_status":"","sticky":false,"template":"","format":"standard","meta":{"footnotes":""},"categories":[5],"tags":[20,21,24,25,15,19,22,23,17,18,13,30,28,29,14,16,26,27],"class_list":{"0":"post-132716","1":"post","2":"type-post","3":"status-publish","4":"format-standard","5":"has-post-thumbnail","7":"category-overskrifter","8":"tag-breaking-news","9":"tag-breakingnews","10":"tag-featured-news","11":"tag-featurednews","12":"tag-headlines","13":"tag-hovedoppslag","14":"tag-latest-news","15":"tag-latestnews","16":"tag-main-news","17":"tag-mainnews","18":"tag-news","19":"tag-no","20":"tag-norge","21":"tag-norway","22":"tag-nyheter","23":"tag-overskrifter","24":"tag-top-stories","25":"tag-topstories"},"share_on_mastodon":{"url":"https:\/\/pubeurope.com\/@no\/115863823526548389","error":""},"_links":{"self":[{"href":"https:\/\/www.europesays.com\/no\/wp-json\/wp\/v2\/posts\/132716","targetHints":{"allow":["GET"]}}],"collection":[{"href":"https:\/\/www.europesays.com\/no\/wp-json\/wp\/v2\/posts"}],"about":[{"href":"https:\/\/www.europesays.com\/no\/wp-json\/wp\/v2\/types\/post"}],"author":[{"embeddable":true,"href":"https:\/\/www.europesays.com\/no\/wp-json\/wp\/v2\/users\/2"}],"replies":[{"embeddable":true,"href":"https:\/\/www.europesays.com\/no\/wp-json\/wp\/v2\/comments?post=132716"}],"version-history":[{"count":0,"href":"https:\/\/www.europesays.com\/no\/wp-json\/wp\/v2\/posts\/132716\/revisions"}],"wp:featuredmedia":[{"embeddable":true,"href":"https:\/\/www.europesays.com\/no\/wp-json\/wp\/v2\/media\/132717"}],"wp:attachment":[{"href":"https:\/\/www.europesays.com\/no\/wp-json\/wp\/v2\/media?parent=132716"}],"wp:term":[{"taxonomy":"category","embeddable":true,"href":"https:\/\/www.europesays.com\/no\/wp-json\/wp\/v2\/categories?post=132716"},{"taxonomy":"post_tag","embeddable":true,"href":"https:\/\/www.europesays.com\/no\/wp-json\/wp\/v2\/tags?post=132716"}],"curies":[{"name":"wp","href":"https:\/\/api.w.org\/{rel}","templated":true}]}}