{"id":132724,"date":"2026-01-09T07:08:19","date_gmt":"2026-01-09T07:08:19","guid":{"rendered":"https:\/\/www.europesays.com\/no\/132724\/"},"modified":"2026-01-09T07:08:19","modified_gmt":"2026-01-09T07:08:19","slug":"the-voice-mentor-ingebjorg-bratland-ville-aldri-selv-ha-stilt-opp-i-et-talentprogram-pa-tv","status":"publish","type":"post","link":"https:\/\/www.europesays.com\/no\/132724\/","title":{"rendered":"\u00abThe Voice\u00bb-mentor Ingebj\u00f8rg Bratland ville aldri selv ha stilt opp i et talentprogram p\u00e5 TV"},"content":{"rendered":"<p>\u2013 Jeg gleder meg helt sjukt til \u00e5 sitte og f\u00f8le p\u00e5 litt makt<br \/>\nmed den dere j\u00e6skla knappen!<\/p>\n<p>Det lyser av barnlig glede i isbl\u00e5 \u00f8ynene til Ingebj\u00f8rg<br \/>\nBratland (35) n\u00e5r TV 2 m\u00f8ter henne i forkant av <a href=\"https:\/\/www.tv2.no\/nyheter\/to-nye-mentorer-i-the-voice\/17999631\/\" rel=\"nofollow noopener\" target=\"_blank\">den nye \u00abThe Voice\u00bb-sesongen<\/a>.<\/p>\n<p>Sangeren og folkemusikeren fra Vinje i Telemark er klar for<br \/>\n\u00e5 innta plass i den r\u00f8de mentorstolen, side om side med Espen Lind (54), Jarle<br \/>\nBernhoft (49) og Marion Ravn (41). <\/p>\n<p>\u2013 For min del s\u00e5 er dette noe helt nytt. Jeg har aldri gjort noe<br \/>\nlignende f\u00f8r. De tre andre er jo veteraner i dette gamet, men jeg gleder meg<br \/>\nveldig.\u00a0<\/p>\n<p>\u2013 Det er et skyh\u00f8yt niv\u00e5 p\u00e5 artistene i \u00abThe Voice\u00bb, s\u00e5 det er en<br \/>\n\u00e6re \u00e5 f\u00e5 lov til \u00e5 sitte i den stolen. <\/p>\n<p>        <img class=\"image__img lazyload\" itemprop=\"image\" title=\"Foto: Jan-Petter Dahl \/ TV 2\" alt=\"NY KVARTETT: Jarle Bernhoft, Marion Ravn, Ingebj\u00f8rg Bratland og Espen Lind er mentorer i \u00e5rets \u00abThe Voice\u00bb. Foto: Jan-Petter Dahl \/ TV 2\" width=\"675\" height=\"453\" bad-src=\"https:\/\/www.europesays.com\/no\/wp-content\/uploads\/2026\/01\/18328371.webp.jpeg\" fetchpriority=\"auto\" \/><\/p>\n<p>      NY KVARTETT: Jarle Bernhoft, Marion Ravn, Ingebj\u00f8rg Bratland og Espen Lind er mentorer i \u00e5rets \u00abThe Voice\u00bb.<br \/>\n         Foto: Jan-Petter Dahl \/ TV 2<\/p>\n<p>Bratland har samarbeidet mye med Lind opp gjennom \u00e5rene, og har<br \/>\nledet Spellemannprisen med Bernhoft. Ravn er derimot et nytt bekjentskap for<br \/>\n35-\u00e5ringen.<\/p>\n<p>\u2013 Jeg blir en del av en god gjeng. Og s\u00e5 er jeg yngst av<br \/>\nmentorene! Jeg begynner \u00e5 bli s\u00e5 gammel at alle gjerne er yngre enn meg. Men i<br \/>\ndette programmet er jeg yngst. Det er viktig \u00e5 f\u00e5 med seg, sier hun og ler.<\/p>\n<p>For hun er ingen \u00abungfole\u00bb i musikkbransjen.<\/p>\n<p>\u2013 Jeg har drevet p\u00e5 som artist siden jeg var fem \u00e5r, s\u00e5 jeg<br \/>\nf\u00f8ler likevel at jeg er litt veteran, jeg ogs\u00e5. <\/p>\n<p>        <img class=\"image__img lazyload\" itemprop=\"image\" title=\"Foto: Ditlev Eidsmo \/ TV 2\" alt=\"BEGYNTE TIDLIG: Ingebj\u00f8rg Bratland har holdt p\u00e5 som artist i 30 \u00e5r. Foto: Ditlev Eidsmo \/ TV 2\" width=\"675\" height=\"1094\" bad-src=\"https:\/\/www.europesays.com\/no\/wp-content\/uploads\/2026\/01\/18028265.webp.jpeg\" fetchpriority=\"auto\" \/><\/p>\n<p>      BEGYNTE TIDLIG: Ingebj\u00f8rg Bratland har holdt p\u00e5 som artist i 30 \u00e5r.<br \/>\n         Foto: Ditlev Eidsmo \/ TV 2<\/p>\n<p>Allerede som liten jente hjemme i bygda Edland begynte<br \/>\nBratland \u00e5 opptre med kveding. Ved siden av skolen, reiste folkemusikeren p\u00e5 turneer<br \/>\ntil diverse scener gjennom hele oppveksten. <\/p>\n<p>Det norske folk fikk for alvor \u00f8ynene opp for hennes talent<br \/>\nda hun som 16-\u00e5ring sang \u00abDen fyste song\u00bb for kong Harald p\u00e5 hans 70-\u00e5rsdag i<br \/>\n2007.<\/p>\n<p>Takket v\u00e6re hardt arbeid, er hun i dag blant Norges mest avholdte<br \/>\nartister \u2013 og kan skilte med flere soloalbum og utgivelser i samarbeid med<br \/>\nandre.<\/p>\n<p>\u2013 Ikke for meg<\/p>\n<p class=\"italic m-italic\" data-lab-italic=\"italic\">\u2013 Hvis du hadde v\u00e6rt en ung og h\u00e5pefull artist i dag, kunne<br \/>\ndu ha meldt deg p\u00e5 \u00abThe Voice\u00bb selv?<\/p>\n<p>\u2013 Nei, svarer hun kontant, og utdyper:<\/p>\n<p>\u2013 For jeg har en type stemme som jeg ikke tror hadde passet.<br \/>\nJeg tror ingen hadde snudd seg. Jeg tror faktisk ingen hadde snudd seg. For jeg<br \/>\nsynger s\u00e5 talen\u00e6rt og vanlig.<\/p>\n<p>        <img class=\"image__img lazyload\" itemprop=\"image\" title=\"Foto: Ole Enes Ebbesen \/ TV 2\" alt=\"SKEPTISK: \u00abThe Voice\u00bb-mentoren ville selv styrt unna TV-programmet. Foto: Ole Enes Ebbesen \/ TV 2\" width=\"675\" height=\"540\" bad-src=\"https:\/\/www.europesays.com\/no\/wp-content\/uploads\/2026\/01\/18028261.webp.jpeg\" fetchpriority=\"auto\" \/><\/p>\n<p>      SKEPTISK: \u00abThe Voice\u00bb-mentoren ville selv styrt unna TV-programmet.<br \/>\n         Foto: Ole Enes Ebbesen \/ TV 2<\/p>\n<p>Artisten understreker at hun er sv\u00e6rt selvkritisk av seg.<\/p>\n<p>\u2013 S\u00e5 jeg tror heller ikke at jeg hadde turt. Jeg f\u00f8ler at det<br \/>\ner store stemmer som stiller seg opp og gj\u00f8r det der. Nei, jeg tror aldri jeg<br \/>\nhadde gjort det. Jeg hadde ikke stilt opp i et talentshow. Det er ikke for meg,<br \/>\nsier hun.<\/p>\n<p>Den nye \u00abThe Voice\u00bb-mentoren beundrer sangerne som t\u00f8r \u00e5<br \/>\nstille seg opp foran mentorenes rygger p\u00e5 scenen.<\/p>\n<p>\u2013 Jeg hadde nok taklet det d\u00e5rlig. Jeg blir s\u00e5 nerv\u00f8s. Hvis<br \/>\njeg skal synge \u00e9n sang, blir jeg helt \u00f8delagt. Men jeg har l\u00e6rt meg noen triks.<br \/>\nSom mentor kan jeg iallfall videreformidle de tipsene. Men nei, jeg hadde aldri<br \/>\nturt \u00e5 gj\u00f8re det selv. S\u00e5 de er modige, de som t\u00f8r. Virkelig! <\/p>\n<p>Da Bratland var med i TV 2s \u00abHver gang vi m\u00f8tes\u00bb i 2023,<br \/>\n<a href=\"https:\/\/www.tv2.no\/underholdning\/ingebjorg-bratland-matte-ga-til-psykolog-jeg-knakk-fullstendig\/15414447\/\" rel=\"nofollow noopener\" target=\"_blank\">\u00e5pnet hun seg rundt bordet p\u00e5 Kjerring\u00f8y<\/a> om at hun opp gjennom \u00e5rene har v\u00e6rt<br \/>\nsv\u00e6rt kritisk til egne prestasjoner.<\/p>\n<p>        <img class=\"image__img lazyload\" itemprop=\"image\" title=\"Foto: Christian Roth Christensen \/ TV2\" alt=\"SELVKRITISK: Ingebj\u00f8rg Bratland er ikke den som roser seg selv lett. Foto: Christian Roth Christensen \/ TV2\" width=\"607\" height=\"680\" bad-src=\"https:\/\/www.europesays.com\/no\/wp-content\/uploads\/2026\/01\/18435987.webp.jpeg\" fetchpriority=\"auto\" \/><\/p>\n<p>      SELVKRITISK: Ingebj\u00f8rg Bratland er ikke den som roser seg selv lett.<br \/>\n         Foto: Christian Roth Christensen \/ TV2<\/p>\n<p>\u2013 Jeg har v\u00e6rt selvkritisk hele tiden. Det har v\u00e6rt veldig<br \/>\nplagsomt. Jeg husker da jeg var liten, og var rundt og hadde opptredener, s\u00e5<br \/>\ntvang jeg mor til \u00e5 gi meg en karakter p\u00e5 en skala fra 1 til 10. Det var ofte<br \/>\nat hun ikke hadde lyst, fortalte hun i programmet.\u00a0<\/p>\n<p>\u2013 Jeg grein f\u00f8r jeg skulle synge, for jeg gruet meg. Jeg<br \/>\nble aldri forn\u00f8yd, s\u00e5 det ble fryktelig slitsomt.<\/p>\n<p>At andre kommer med kritikk av henne, har hun derimot<br \/>\nh\u00e5ndtert bedre.<\/p>\n<p>\u2013 Jeg er veldig god p\u00e5 \u00e5 ta imot kritikk, nettopp fordi jeg<br \/>\ner selvkritisk. Men det kommer jo an p\u00e5 kritikken. Konstruktiv kritikk er bra,<br \/>\nmen drittslenging er jeg ikke n\u00f8dvendigvis s\u00e5 god p\u00e5. Kritikk fra folk jeg<br \/>\nstoler p\u00e5 eller ser opp til, det er bare fint.<\/p>\n<p>        <img class=\"image__img lazyload\" itemprop=\"image\" title=\"Foto: Ole Enes Ebbesen \/ TV 2\" alt=\"DIREKTE: Telemarkingen er klar i sin tale. Foto: Ole Enes Ebbesen \/ TV 2\" width=\"607\" height=\"589\" bad-src=\"https:\/\/www.europesays.com\/no\/wp-content\/uploads\/2026\/01\/18028262.webp.jpeg\" fetchpriority=\"auto\" \/><\/p>\n<p>      DIREKTE: Telemarkingen er klar i sin tale.<br \/>\n         Foto: Ole Enes Ebbesen \/ TV 2<\/p>\n<p>\u2013 Espen har virkelig v\u00e6rt en mentor<\/p>\n<p>En av dem som har hjulpet Bratland med kritikk og<br \/>\ntilbakemeldinger, er \u00abThe Voice\u00bb-kollega Espen Lind. 54-\u00e5ringen har produsert<br \/>\nnesten alle hennes album, og har v\u00e6rt en viktig st\u00f8ttespiller i karrieren.<\/p>\n<p>\u2013 Espen har virkelig v\u00e6rt en mentor for meg i de 14 \u00e5rene vi<br \/>\nhar kjent hverandre. Den kritikken jeg f\u00e5r, er jeg stort sett veldig enig i. Derfor<br \/>\ntror og h\u00e5per jeg at jeg ogs\u00e5 er ganske god p\u00e5 \u00e5 gi tilbakemeldinger. <\/p>\n<p>Som mentor i \u00abThe Voice\u00bb\u00a0er det Bratland selv som skal bed\u00f8mme<br \/>\nprestasjonene til unge, h\u00e5pefulle sangere.<\/p>\n<p>\u2013 Jeg er veldig kritisk. Ikke bare til meg selv, men ogs\u00e5 til<br \/>\nandre. S\u00e5 jeg er litt redd for at folk tenker: \u00abHun er jo en hyggelig, koselig<br \/>\ndame, hun Ingebj\u00f8rg\u00bb. Og s\u00e5 ser de programmet og bare: \u00abOh shit!\u00bb. Det kan bli<br \/>\nspennende, sier hun og smiler lurt.<\/p>\n<p>At artisten blir en del av fredagsunderholdningen til<br \/>\nnordmenn i de tusen hjem utover vinteren og v\u00e5ren, kom kanskje overraskende for<br \/>\nnoen.<\/p>\n<p>        <img class=\"image__img lazyload\" itemprop=\"image\" title=\"Foto: P\u00e5l S. Schaathun \/ TV 2\" alt=\"NYTT BEKJENTSKAP: Marion Ravn og Ingebj\u00f8rg Bratland p\u00e5 TV 2s h\u00f8stlansering i august. Foto: P\u00e5l S. Schaathun \/ TV 2\" width=\"675\" height=\"1013\" bad-src=\"https:\/\/www.europesays.com\/no\/wp-content\/uploads\/2026\/01\/18028267.webp.jpeg\" fetchpriority=\"auto\" \/><\/p>\n<p>      NYTT BEKJENTSKAP: Marion Ravn og Ingebj\u00f8rg Bratland p\u00e5 TV 2s h\u00f8stlansering i august.<br \/>\n         Foto: P\u00e5l S. Schaathun \/ TV 2<\/p>\n<p>Bratland har tidligere fortalt at hun synes det er krevende<br \/>\n\u00e5 skulle v\u00e6re seg selv foran TV-kameraer, og hun er dermed ikke av dem som oftest<br \/>\nfigurerer p\u00e5 skjermen.<\/p>\n<p>\u2013 Da de ringte og spurte meg om \u00e5 v\u00e6re med i \u00abThe Voice\u00bb, sa<br \/>\nde: \u00abDu har jo sagt at du ikke er s\u00e5 glad i \u00e5 v\u00e6re p\u00e5 TV\u00bb. Det stemmer, det.\u00a0<\/p>\n<p>\u2013 Fortsatt<br \/>\nsier jeg stort sett nei til alt av TV-foresp\u00f8rsler, men siden dette er et<br \/>\nmusikkprogram \u2013 og jeg har veldig stor respekt for de andre som er mentorer \u2013 s\u00e5<br \/>\nf\u00f8lte jeg at: \u00abJa, dette er innafor. Det handler faktisk om musikken\u00bb.<\/p>\n<p>        <img class=\"image__img lazyload\" itemprop=\"image\" title=\"Foto: Ditlev Eidsmo \/ TV 2\" alt=\"VIL IKKE: Ingebj\u00f8rg Bratland blir neppe \u00e5 se som deltaker i reality-TV. Foto: Ditlev Eidsmo \/ TV 2\" width=\"675\" height=\"669\" bad-src=\"https:\/\/www.europesays.com\/no\/wp-content\/uploads\/2026\/01\/18028264.webp.jpeg\" fetchpriority=\"auto\" \/><\/p>\n<p>      VIL IKKE: Ingebj\u00f8rg Bratland blir neppe \u00e5 se som deltaker i reality-TV.<br \/>\n         Foto: Ditlev Eidsmo \/ TV 2<\/p>\n<p>\u2013 Utleverer ikke meg selv<\/p>\n<p>Opplevelsen av \u00e5 v\u00e6re med i \u00abHver gang vi m\u00f8tes\u00bb ga ogs\u00e5<br \/>\nmersmak, til tross for alle kameraene.<\/p>\n<p>\u2013 Det var g\u00f8y, fordi det handlet om musikk. N\u00e5 handler om \u00e5<br \/>\nv\u00e6re en mentor for deltakerne i \u00abThe Voice\u00bb. Hovedfokuset er p\u00e5 dem, og p\u00e5<br \/>\nmusikken.\u00a0<\/p>\n<p>\u2013 Jeg utleverer ikke meg selv p\u00e5 noe som helst vis, s\u00e5 det f\u00f8les trygt<br \/>\nog innafor. Det er ikke som \u00e5 skulle kaste seg ut i \u00abKompani Lauritzen\u00bb eller \u00abFarmen\u00bb<br \/>\neller noe s\u00e5nt. Dette er mer faglig. <\/p>\n<p>Bratland forklarer at hun helst styrer unna TV-opptredener der<br \/>\nhun opptrer mer som privatperson.<\/p>\n<p>        <img class=\"image__img lazyload\" itemprop=\"image\" title=\"Foto: Agnete Brun \/ TV 2\" alt=\"MUSIKK I FOKUS: Ingebj\u00f8rg Bratland velger prosjekter som har med musikk \u00e5 gj\u00f8re n\u00e5r hun er med p\u00e5 TV. Foto: Agnete Brun \/ TV 2\" width=\"978\" height=\"1379\" bad-src=\"https:\/\/www.europesays.com\/no\/wp-content\/uploads\/2026\/01\/18324835.webp.jpeg\" fetchpriority=\"auto\" \/><\/p>\n<p>      MUSIKK I FOKUS: Ingebj\u00f8rg Bratland velger prosjekter som har med musikk \u00e5 gj\u00f8re n\u00e5r hun er med p\u00e5 TV.<br \/>\n         Foto: Agnete Brun \/ TV 2<\/p>\n<p>\u2013 Det er sikkert litt merkelig, men jeg er veldig opptatt av<br \/>\n\u00e5 v\u00e6re artist mer enn kjendis.\u00a0<\/p>\n<p>\u2013 Med en gang du blir med i alle disse<br \/>\nkjendisprogrammene, s\u00e5 f\u00f8ler jeg at da vil jeg ha krysset en grense. At da blir<br \/>\ndu mer et kjent fjes fordi du er p\u00e5 TV, ikke fordi du er god til jobben din,<br \/>\np\u00e5peker hun. <\/p>\n<p>\u2013 Det er veldig viktig for meg at det er synging og musikk<br \/>\nsom folk skal forbinde meg med, og det er det fortsatt n\u00e5r jeg er med i \u00abThe<br \/>\nVoice\u00bb. <\/p>\n<p>N\u00e5 gleder 35-\u00e5ringen seg til \u00e5 gi videre det hun selv har<br \/>\nl\u00e6rt i l\u00f8pet av en 30 \u00e5r lang artistkarriere.<\/p>\n<p>\u2013 Det viktigste med mentorrollen er \u00e5 v\u00e6re trygg og god, og en<br \/>\nsom ka komme med et par gode tips og triks. Det tror jeg at jeg har. <\/p>\n","protected":false},"excerpt":{"rendered":"\u2013 Jeg gleder meg helt sjukt til \u00e5 sitte og f\u00f8le p\u00e5 litt makt med den dere j\u00e6skla&hellip;\n","protected":false},"author":2,"featured_media":132725,"comment_status":"","ping_status":"","sticky":false,"template":"","format":"standard","meta":{"footnotes":""},"categories":[58],"tags":[71,30,28,29,72],"class_list":{"0":"post-132724","1":"post","2":"type-post","3":"status-publish","4":"format-standard","5":"has-post-thumbnail","7":"category-underholdning","8":"tag-entertainment","9":"tag-no","10":"tag-norge","11":"tag-norway","12":"tag-underholdning"},"share_on_mastodon":{"url":"https:\/\/pubeurope.com\/@no\/115863886415917428","error":""},"_links":{"self":[{"href":"https:\/\/www.europesays.com\/no\/wp-json\/wp\/v2\/posts\/132724","targetHints":{"allow":["GET"]}}],"collection":[{"href":"https:\/\/www.europesays.com\/no\/wp-json\/wp\/v2\/posts"}],"about":[{"href":"https:\/\/www.europesays.com\/no\/wp-json\/wp\/v2\/types\/post"}],"author":[{"embeddable":true,"href":"https:\/\/www.europesays.com\/no\/wp-json\/wp\/v2\/users\/2"}],"replies":[{"embeddable":true,"href":"https:\/\/www.europesays.com\/no\/wp-json\/wp\/v2\/comments?post=132724"}],"version-history":[{"count":0,"href":"https:\/\/www.europesays.com\/no\/wp-json\/wp\/v2\/posts\/132724\/revisions"}],"wp:featuredmedia":[{"embeddable":true,"href":"https:\/\/www.europesays.com\/no\/wp-json\/wp\/v2\/media\/132725"}],"wp:attachment":[{"href":"https:\/\/www.europesays.com\/no\/wp-json\/wp\/v2\/media?parent=132724"}],"wp:term":[{"taxonomy":"category","embeddable":true,"href":"https:\/\/www.europesays.com\/no\/wp-json\/wp\/v2\/categories?post=132724"},{"taxonomy":"post_tag","embeddable":true,"href":"https:\/\/www.europesays.com\/no\/wp-json\/wp\/v2\/tags?post=132724"}],"curies":[{"name":"wp","href":"https:\/\/api.w.org\/{rel}","templated":true}]}}