{"id":13273,"date":"2025-08-20T14:35:10","date_gmt":"2025-08-20T14:35:10","guid":{"rendered":"https:\/\/www.europesays.com\/no\/13273\/"},"modified":"2025-08-20T14:35:10","modified_gmt":"2025-08-20T14:35:10","slug":"politikk-og-showbiz-gar-ikke-sammen","status":"publish","type":"post","link":"https:\/\/www.europesays.com\/no\/13273\/","title":{"rendered":"\u2013 Politikk og showbiz g\u00e5r ikke sammen"},"content":{"rendered":"\n<ul class=\"_list_1bvmi_3 _list_1flq1_85 _unordered_1bvmi_99 text-sans-m\">\n<li class=\"_item_1bvmi_30\">Else K\u00e5ss Furuseth br\u00f8t fristen for \u00e5 rapportere valgkampbidrag til Ensomhetspartiet.<\/li>\n<li class=\"_item_1bvmi_30\">Partilederen avlyser n\u00e5 flere forestillinger f\u00f8r valget.<\/li>\n<li class=\"_item_1bvmi_30\">Hun har donert penger til partiet fra oppdrag hun har gjort. Til VG deler hun oversikten over hvor pengene kom fra. <\/li>\n<\/ul>\n<p>Vis mer <\/p>\n<p class=\"_paragraph_1bvmi_4 _paragraph_xtcu6_10 layout-component text-serif-m layout-normal text-serif-m layout-padded\">VG skrev fredag at Ensomhetspartiet <a href=\"https:\/\/www.vg.no\/nyheter\/i\/yEPrkg\/ensomhetspartiet-krevde-40-000-kr-for-fattigdoms-prat-med-else-kaass-furuseth\" data-track-element-type=\"Link\" data-track-id=\"link:yEPrkg\" class=\"_link_1bvmi_39\" rel=\"nofollow noopener\" target=\"_blank\">ba om 40.000 kroner<\/a> for at Furuseth skulle snakke til ideelle fattigdomsorganisasjoner om egen politikk. <\/p>\n<p class=\"_paragraph_1bvmi_4 _paragraph_xtcu6_10 layout-component text-serif-m layout-normal text-serif-m layout-padded\">I intervjuet la Furuseth seg flat og sa det var en feil \u00e5 be om penger fra paraplyorganisasjonen Velferdsalliansen.<\/p>\n<p class=\"_paragraph_1bvmi_4 _paragraph_xtcu6_10 layout-component text-serif-m layout-normal text-serif-m layout-padded\"><strong class=\"_strong_1bvmi_25\">N\u00e5 viser det seg at hun ogs\u00e5 har brutt fristene i partiloven for \u00e5 rapportere valgkambidrag raskt nok. <\/strong><\/p>\n<p>Brutt fristen<\/p>\n<p class=\"_paragraph_1bvmi_4 _paragraph_xtcu6_10 layout-component text-serif-m layout-normal text-serif-m layout-padded\">Da VG tok kontakt l\u00f8rdag 16. august var det kun rapportert at partiet hadde mottatt 194.438 kroner fra partilederen. Dette var ogs\u00e5 partiets eneste registrerte donasjon, if\u00f8lge <a href=\"https:\/\/www.partifinansiering.no\/nb\/bidrag-i-valgar\/\" class=\"_link_1bvmi_39\" rel=\"nofollow noopener\" target=\"_blank\">partifinansiering.no<\/a>. <\/p>\n<p><img alt=\"Skjermbildet er tatt klokken 11:21 l\u00f8rdag 16. august. Etter VG tok kontakt ble ytterligere 232.622 kroner registrert.\" class=\"_image_qp4xg_65 layout-component layout-normal\" data-fullscreen- data-track-element-type=\"Article image fullscreen\" data-track-name=\"ImageFullscreen\" decoding=\"async\" loading=\"lazy\" height=\"233\" itemprop=\"image\"  src=\"https:\/\/www.europesays.com\/no\/wp-content\/uploads\/2025\/08\/bb13f628-6653-4a20-a577-59d4782b4229\"  style=\"object-position:0% 0%\" width=\"733\"\/>Skjermbildet er tatt klokken 11:21 l\u00f8rdag 16. august. Etter VG tok kontakt ble ytterligere 232.622 kroner registrert.<\/p>\n<p class=\"_paragraph_1bvmi_4 _paragraph_xtcu6_10 layout-component text-serif-m layout-normal text-serif-m layout-padded\"><strong class=\"_strong_1bvmi_25\">Onsdag uken etter VG tok kontakt er summen oppjustert til 427.060 kroner, med en merknad om at registreringen er en samling av flere bidrag og at noen av dem er registrert etter fristen. <\/strong><\/p>\n<p class=\"_paragraph_1bvmi_4 _paragraph_xtcu6_10 layout-component text-serif-m layout-normal text-serif-m layout-padded\">\u2013 Jeg har f\u00e5tt en ny respekt for b\u00e5de politikere og regnskapsf\u00f8rere, sier Furuseth til VG. <\/p>\n<p class=\"_paragraph_1bvmi_4 _paragraph_xtcu6_10 layout-component text-serif-m layout-normal text-serif-m layout-padded\"><strong class=\"_strong_1bvmi_25\">I partiloven st\u00e5r det at donasjoner over 10.000 kroner i valg\u00e5r skal registreres senest fire uker etter bidraget er mottatt. I oversikten fra <a href=\"https:\/\/www.vg.no\/tag\/else-kaass-furuseth?utm_source=vg-article&amp;utm_medium=auto-tagger&amp;utm_campaign=kwkrgk\" class=\"_link_1bvmi_39\" rel=\"nofollow noopener\" target=\"_blank\">Else K\u00e5ss Furuseth<\/a> er flere summer f\u00f8rst registrert to m\u00e5neder etter \u00e5 ha blitt donert. <\/strong><\/p>\n<p class=\"_paragraph_1bvmi_4 _paragraph_xtcu6_10 layout-component text-serif-m layout-normal text-serif-m layout-padded\">Furuseth sier at hun vil v\u00e6re \u00e5pen om hvem donasjonene har kommet fra. <\/p>\n<p class=\"_paragraph_1bvmi_4 _paragraph_xtcu6_10 layout-component text-serif-m layout-normal text-serif-m layout-padded\">\u2013 Jeg er for full \u00e5penhet. Alt dette er fors\u00f8ksvis gjort med de beste intensjoner. Og forh\u00e5pentligvis riktig. Hvis det ikke er f\u00f8rt p\u00e5 riktig m\u00e5te s\u00e5 skal vi unders\u00f8ke det. Det er ikke noe hemmelig knyttet til de pengene som har kommet inn via jobber. De vet hva de har betalt for, sier hun.<\/p>\n<p class=\"_paragraph_1bvmi_4 _paragraph_xtcu6_10 layout-component text-serif-m layout-normal text-serif-m layout-padded\">Furuseth forklarer at de 196.000 kronene stammer fra betalte honorarer til partiet for oppdrag hun har gjort, og andre bidrag fra henne. <\/p>\n<p class=\"_paragraph_1bvmi_4 _paragraph_xtcu6_10 layout-component text-serif-m layout-normal text-serif-m layout-padded\">\u2013 Arrang\u00f8rene som har gitt penger til partiet er informert om at honoraret har g\u00e5tt til dette. Hvor opptatt de har v\u00e6rt av om det har g\u00e5tt til meg eller partiet vet jeg ikke. Men honorarene gjelder oppdrag som tematisk handler om ensomhet og selvmordsforebygging, sier hun<\/p>\n<p><img alt=\"Foto: Naina Hel\u00e9n J\u00e5ma \/ VG\" class=\"_image_qp4xg_65 layout-component layout-normal\" data-fullscreen- data-track-element-type=\"Article image fullscreen\" data-track-name=\"ImageFullscreen\" decoding=\"async\" loading=\"lazy\" height=\"5068\" itemprop=\"image\"  src=\"https:\/\/www.europesays.com\/no\/wp-content\/uploads\/2025\/08\/f12531dd-03d1-4b80-bb57-a55f173cc34d\"  style=\"object-position:0% 0%\" width=\"7602\"\/>Foto: Naina Hel\u00e9n J\u00e5ma \/ VG<\/p>\n<p class=\"_paragraph_1bvmi_4 _paragraph_xtcu6_10 layout-component text-serif-m layout-normal text-serif-m layout-padded\">\u2013 N\u00e5 er det registrert\u00a0427.060 kroner i\u00a0<a href=\"http:\/\/partifinansiering.no\/\" class=\"_link_1bvmi_39\" rel=\"nofollow noopener\" target=\"_blank\">partifinansiering.no<\/a>, med en merknad om at dette er en samling av flere donasjoner og at noen av dem er rapportert etter fristen. Oversikten du har sendt oss er p\u00e5\u00a0196.000 kroner. Hvor kommer resten av pengene fra?<\/p>\n<p class=\"_paragraph_1bvmi_4 _paragraph_xtcu6_10 layout-component text-serif-m layout-normal text-serif-m layout-padded\"><strong class=\"_strong_1bvmi_25\">\u2013 Dette er penger jeg har donert til Ensomhetspartiet gjennom mitt selskap Else K\u00e5ss Furuseth AS, der jeg er eneste eier. Jeg innhentet r\u00e5d fra advokat og regnskapsf\u00f8rer, samt tok kontakt med Partilovnemnda for \u00e5 s\u00f8rge for at dette ble gjort i tr\u00e5d med gjeldende regler, sier hun og legger til: <\/strong><\/p>\n<p class=\"_paragraph_1bvmi_4 _paragraph_xtcu6_10 layout-component text-serif-m layout-normal text-serif-m layout-padded\"><strong class=\"_strong_1bvmi_25\">\u2013 Dersom vi likevel har gjort feil, beklager vi p\u00e5 det sterkeste og vil vi selvsagt rette opp dette.<\/strong><\/p>\n<p>Har ikke oversikt <\/p>\n<p class=\"_paragraph_1bvmi_4 _paragraph_xtcu6_10 layout-component text-serif-m layout-normal text-serif-m layout-padded\">\u2013 VG skrev fredag at dere krevde 40.000 kroner i honorar for en samtale hos Velferdsalliansen. Har dere krevd honorar fra andre veldedige organisasjoner som har tatt kontakt?<\/p>\n<p class=\"_paragraph_1bvmi_4 _paragraph_xtcu6_10 layout-component text-serif-m layout-normal text-serif-m layout-padded\">\u2013 Det har jeg ikke fullstendig oversikt over. Dette er vel ikke bare det nyeste partiet, men ogs\u00e5 det minste partiet. Noe av det fine med demokratiet er at det er rom for alle stemmer. Men n\u00e5 opplever jeg at st\u00f8yen rundt Ensomhetspartiet overd\u00f8ver saken. Jeg skulle \u00f8nske det var mer fokus p\u00e5 intensjonene og budskapet, sier hun.<\/p>\n<p><img alt=\"Foto: Hallgeir V\u00e5genes \/ VG\" class=\"_image_qp4xg_65 layout-component layout-normal\" data-fullscreen- data-track-element-type=\"Article image fullscreen\" data-track-name=\"ImageFullscreen\" decoding=\"async\" loading=\"lazy\" height=\"3872\" itemprop=\"image\"  src=\"https:\/\/www.europesays.com\/no\/wp-content\/uploads\/2025\/08\/cc8f4e06-40c7-4c4f-ad23-d4581ae88f47\"  style=\"object-position:0% 0%\" width=\"5808\"\/>Foto: Hallgeir V\u00e5genes \/ VG<\/p>\n<p class=\"_paragraph_1bvmi_4 _paragraph_xtcu6_10 layout-component text-serif-m layout-normal text-serif-m layout-padded\">\u2013 Vil du fortsette som partileder etter valget?<\/p>\n<p class=\"_paragraph_1bvmi_4 _paragraph_xtcu6_10 layout-component text-serif-m layout-normal text-serif-m layout-padded\">\u2013 Da m\u00e5 jeg for f\u00f8rste gang svare p\u00e5 ordentlig politikervis. Det tar vi en oppsummering av etter valget. Jeg kommer til \u00e5 v\u00e6re opptatt av dette temaet og jobbe for \u00e5 kjempe mot selvmord resten av mitt liv. Jeg gleder meg til \u00e5 st\u00e5 p\u00e5 stand ut valgkampen og prate med folk, sier Furuseth til VG. <\/p>\n<p>Dette er reglene for valgkampbidrag:<\/p>\n<p class=\"_paragraph_1bvmi_4 _paragraph_xtcu6_10 _paragraph_16v91_10 layout-component text-serif-m layout-normal text-sans-m layout-padded\">\u00abPartier og partiledd kan motta gaver og st\u00f8tte fra privatpersoner, foretak og organisasjoner. Det er et krav om at partiet vet hvem bidragsyter er, at denne ikke er et offentlig kontrollert foretak eller en utenlandsk giver. <\/p>\n<p class=\"_paragraph_1bvmi_4 _paragraph_xtcu6_10 _paragraph_16v91_10 layout-component text-serif-m layout-normal text-sans-m layout-padded\">I forbindelse med valg\u00e5r har partiene en s\u00e6rlig plikt til \u00e5 rapportere inn bidrag over 10 000 kroner som er mottatt i perioden 1. januar og fram til fredag f\u00f8r valgdagen.<\/p>\n<p class=\"_paragraph_1bvmi_4 _paragraph_xtcu6_10 _paragraph_16v91_10 layout-component text-serif-m layout-normal text-sans-m layout-padded\">Rapporteringsplikten omfatter alle bidrag som partiene mottar i ovennevnte tidsrom. Den omfatter ogs\u00e5 bidrag som blir gitt regelmessig etter avtale, for eksempel \u00abpartiskatt\u00bb fra egne medlemmer, m\u00e5nedsbidrag eller bidrag fra en partiorganisasjon som selv ikke er omfattet av partiloven.<\/p>\n<p class=\"_paragraph_1bvmi_4 _paragraph_xtcu6_10 _paragraph_16v91_10 layout-component text-serif-m layout-normal text-sans-m layout-padded\"><strong class=\"_strong_1bvmi_25\">F\u00f8lgende ytelser er eksempler p\u00e5 valgkampbidrag:<\/strong><\/p>\n<ul class=\"_list_1bvmi_3 _list_xtcu6_9 _list_16v91_9 _unordered_1bvmi_99 layout-component text-serif-m layout-normal text-sans-m layout-padded\">\n<li class=\"_item_1bvmi_30\">penger<\/li>\n<li class=\"_item_1bvmi_30\">varer<\/li>\n<li class=\"_item_1bvmi_30\">tjenester<\/li>\n<li class=\"_item_1bvmi_30\">utl\u00e5n<\/li>\n<li class=\"_item_1bvmi_30\">rabatter<\/li>\n<li class=\"_item_1bvmi_30\">ytelser som blir gitt gratis eller til underpris<\/li>\n<li class=\"_item_1bvmi_30\">l\u00e5n p\u00e5 ikke-kommersielle vilk\u00e5r\u00bb<\/li>\n<\/ul>\n<p class=\"_paragraph_1bvmi_4 _paragraph_xtcu6_10 _paragraph_16v91_10 layout-component text-serif-m layout-normal text-sans-m layout-padded\">Kilde: <a href=\"https:\/\/www.partifinansiering.no\/bidrag-i-valgar\/\" class=\"_link_1bvmi_39\" rel=\"nofollow noopener\" target=\"_blank\">Partifinansiering.no <\/a><\/p>\n<p>Vis merAvlyser \u00abfolkem\u00f8ter\u00bb<\/p>\n<p class=\"_paragraph_1bvmi_4 _paragraph_xtcu6_10 layout-component text-serif-m layout-normal text-serif-m layout-padded\">Komikeren og partilederen at Ensomhetspartiet avlyser alle planlagte \u00abfolkem\u00f8te\u00bb-forestillinger f\u00f8r og p\u00e5 valgdagen. Billettprisen er p\u00e5 530 kr og overskuddet g\u00e5r til organisasjonen Mental Helse. <\/p>\n<p class=\"_paragraph_1bvmi_4 _paragraph_xtcu6_10 layout-component text-serif-m layout-normal text-serif-m layout-padded\">\u2013 Politikk og showbiz g\u00e5r ikke sammen. Det \u00e5 arrangere \u00abFolkem\u00f8ter\u00bb n\u00e5 ville bare ha skapt st\u00f8y som virker mot sin hensikt, selv om alt overskudd g\u00e5r til mental helse, sier Furuseth til VG.<\/p>\n<p class=\"_paragraph_1bvmi_4 _paragraph_xtcu6_10 layout-component text-serif-m layout-normal text-serif-m layout-padded\">\u2013 Jeg ville gi penger til en gruppe og sette s\u00f8kelys p\u00e5 et tema som fortjener mer oppmerksomhet. Disse menneskene har ingen milliard\u00e6rer i ryggen. Denne kampen vil jeg fortsette resten av mitt liv, fortsetter hun. <\/p>\n<p><img alt=\"Foto: Ensomhetspartiet\" class=\"_image_qp4xg_65 layout-component layout-normal\" data-fullscreen- data-track-element-type=\"Article image fullscreen\" data-track-name=\"ImageFullscreen\" decoding=\"async\" loading=\"lazy\" height=\"1984\" itemprop=\"image\"  src=\"https:\/\/www.europesays.com\/no\/wp-content\/uploads\/2025\/08\/ec9b13a0-179c-49bc-af3f-3b03963cf3ba\"  style=\"object-position:0% 0%\" width=\"1417\"\/>Foto: Ensomhetspartiet<\/p>\n<p class=\"_paragraph_1bvmi_4 _paragraph_xtcu6_10 layout-component text-serif-m layout-normal text-serif-m layout-padded\">Ensomhetspartiet har handler enn mer enn at hun skal inn p\u00e5 Stortinget, p\u00e5peker partilederen Jeg ville gi penger til en gruppe og sette s\u00f8kelys p\u00e5 et tema som fortjener mer oppmerksomhet. Disse menneskene har ingen milliard\u00e6rer i ryggen. Denne kampen vil jeg fortsette resten av mitt liv, sier hun.<\/p>\n<p class=\"_paragraph_1bvmi_4 _paragraph_xtcu6_10 layout-component text-serif-m layout-normal text-serif-m layout-padded\">\u2013 \u00c5 sette fokus p\u00e5 selvmord, ensomhet og mental helse er min agenda, Men jeg har undervurdert min rolleforst\u00e5else og hvor vanskelig det er. Politikk er alvor. Det g\u00e5r ikke sammen med showbiz, gjentar hun.<\/p>\n<p>\u2013 Min kongstanke<\/p>\n<p class=\"_paragraph_1bvmi_4 _paragraph_xtcu6_10 layout-component text-serif-m layout-normal text-serif-m layout-padded\">\u00abFolkem\u00f8te\u00bb-forestillingene skulle v\u00e6re en form for interaktivt borgerteater, forklarer hun. <\/p>\n<p class=\"_paragraph_1bvmi_4 _paragraph_xtcu6_10 layout-component text-serif-m layout-normal text-serif-m layout-padded\">\u2013 Men jeg opplever at det er vanskelig for publikummerne, politiske motstandere og media \u00e5 forst\u00e5 det jeg pr\u00f8ver \u00e5 gj\u00f8re. Da skaper det bare negativ st\u00f8y rundt et tema jeg er opptatt av, sier hun.<\/p>\n<p class=\"_paragraph_1bvmi_4 _paragraph_xtcu6_10 layout-component text-serif-m layout-normal text-serif-m layout-padded\">\u2013 Hvorfor avlyser du forestillingene, da disse pengene ikke skulle g\u00e5 til partiet, men til Mental Helse?<\/p>\n<p class=\"_paragraph_1bvmi_4 _paragraph_xtcu6_10 layout-component text-serif-m layout-normal text-serif-m layout-padded\">\u2013 Min kongstanke om \u00e5 kombinere politikk med innsamling av penger viste seg \u00e5 ikke v\u00e6re en god kombinasjon. Jeg opplever at de som er interessert i politikk mistenkeliggj\u00f8r motivene. S\u00e5 det enkleste for meg er \u00e5 st\u00e5 p\u00e5 stand for \u00e5 spre mitt budskap, og ellers st\u00f8tte arbeidet for mental helse som f\u00f8r. I tillegg vil jeg donere penger direkte til Mental Helse Ungdom. Det trenger de, sier hun. <\/p>\n","protected":false},"excerpt":{"rendered":"Else K\u00e5ss Furuseth br\u00f8t fristen for \u00e5 rapportere valgkampbidrag til Ensomhetspartiet. Partilederen avlyser n\u00e5 flere forestillinger f\u00f8r valget.&hellip;\n","protected":false},"author":2,"featured_media":13274,"comment_status":"","ping_status":"","sticky":false,"template":"","format":"standard","meta":{"footnotes":""},"categories":[10],"tags":[20,21,1912,1913,24,25,15,22,23,13,30,28,281,29,14,16,199,26,27,205],"class_list":{"0":"post-13273","1":"post","2":"type-post","3":"status-publish","4":"format-standard","5":"has-post-thumbnail","7":"category-norge","8":"tag-breaking-news","9":"tag-breakingnews","10":"tag-else-kass-furuseth","11":"tag-ensomhet","12":"tag-featured-news","13":"tag-featurednews","14":"tag-headlines","15":"tag-latest-news","16":"tag-latestnews","17":"tag-news","18":"tag-no","19":"tag-norge","20":"tag-norsk-politikk","21":"tag-norway","22":"tag-nyheter","23":"tag-overskrifter","24":"tag-stortingsvalg","25":"tag-top-stories","26":"tag-topstories","27":"tag-vgsamfunn"},"share_on_mastodon":{"url":"","error":""},"_links":{"self":[{"href":"https:\/\/www.europesays.com\/no\/wp-json\/wp\/v2\/posts\/13273","targetHints":{"allow":["GET"]}}],"collection":[{"href":"https:\/\/www.europesays.com\/no\/wp-json\/wp\/v2\/posts"}],"about":[{"href":"https:\/\/www.europesays.com\/no\/wp-json\/wp\/v2\/types\/post"}],"author":[{"embeddable":true,"href":"https:\/\/www.europesays.com\/no\/wp-json\/wp\/v2\/users\/2"}],"replies":[{"embeddable":true,"href":"https:\/\/www.europesays.com\/no\/wp-json\/wp\/v2\/comments?post=13273"}],"version-history":[{"count":0,"href":"https:\/\/www.europesays.com\/no\/wp-json\/wp\/v2\/posts\/13273\/revisions"}],"wp:featuredmedia":[{"embeddable":true,"href":"https:\/\/www.europesays.com\/no\/wp-json\/wp\/v2\/media\/13274"}],"wp:attachment":[{"href":"https:\/\/www.europesays.com\/no\/wp-json\/wp\/v2\/media?parent=13273"}],"wp:term":[{"taxonomy":"category","embeddable":true,"href":"https:\/\/www.europesays.com\/no\/wp-json\/wp\/v2\/categories?post=13273"},{"taxonomy":"post_tag","embeddable":true,"href":"https:\/\/www.europesays.com\/no\/wp-json\/wp\/v2\/tags?post=13273"}],"curies":[{"name":"wp","href":"https:\/\/api.w.org\/{rel}","templated":true}]}}