{"id":132730,"date":"2026-01-09T07:18:06","date_gmt":"2026-01-09T07:18:06","guid":{"rendered":"https:\/\/www.europesays.com\/no\/132730\/"},"modified":"2026-01-09T07:18:06","modified_gmt":"2026-01-09T07:18:06","slug":"north-sea-seafood-bekrefter-permitteringer-ma-ta-et-skritt-bakover","status":"publish","type":"post","link":"https:\/\/www.europesays.com\/no\/132730\/","title":{"rendered":"North Sea Seafood bekrefter permitteringer: \u2013 M\u00e5 ta et skritt bakover"},"content":{"rendered":"<p><strong>North Sea Seafood har permittert ansatte etter et krevende \u00e5r i eksportmarkedet. <\/strong><\/p>\n<p>Det bekrefter styreleder Ole Johan Sagen overfor iLaks.<\/p>\n<p>\u2013 Det stemmer at North Sea Seafood har m\u00e5ttet permittere ansatte. 18. desember ble 6,8 \u00e5rsverk permittert, sier Sagen.<\/p>\n<p>North Sea Seafood er kanskje mest kjent for \u00e5 v\u00e6re eierne av restauranter og fiskeutsalg p\u00e5 Fisketorget i Bergen. Men det meste av salget deres kommer fra grossistmarkedet og fiskeeksport.<\/p>\n<p>Selskapet, fra Oster\u00f8y, nord for Bergen, sysselsatte rundt 21 \u00e5rsverk i 2025, opplyser Sagen.<\/p>\n<p><strong>Lavere priser og vanskelig r\u00e5stofftilgang<br \/><\/strong>\u2013 Markedet har v\u00e6rt utfordrende i 2025 med lavere priser enn vi foruts\u00e5 og en vanskelig r\u00e5stoffssituasjon, sier Sagen.<\/p>\n<p><img fetchpriority=\"high\" decoding=\"async\" class=\"wp-image-236814\" src=\"https:\/\/www.europesays.com\/no\/wp-content\/uploads\/2026\/01\/1516924133750.jpg\" alt=\"\" width=\"284\" height=\"284\"\/> Styreleder i North Sea Seafood, Ole Johan Sagen. Foto: Skjermdump\/LinkedIin<\/p>\n<p>Han forteller at selskapet ogs\u00e5 har opplevd at kunder har trukket seg fra inng\u00e5tte avtaler.<\/p>\n<p>\u2013 Vi har opplevd at kunder har trukket seg fra avtaler grunnet prisbildet. Vi ser utfordringer spesielt innen VAP, alts\u00e5 bearbeidede produkter, og reduserer v\u00e5rt engasjement innen det segmentet.<\/p>\n<p><strong>Redusert aktivitet gir lavere bemanning<\/strong><br \/>If\u00f8lge Sagen har markedssituasjonen direkte p\u00e5virket b\u00e5de omsetning og bemanningsbehov.<\/p>\n<p>\u2013 Dette medf\u00f8rer redusert omsetning og f\u00e5r som en konsekvens lavere omsetning og bemanning.<\/p>\n<p>Sagen understreker at permitteringene er et n\u00f8dvendig grep i en krevende periode.<\/p>\n<p>\u2013 Vi h\u00e5per markedet snur og vi kan \u00f8ke igjen, men slik det er n\u00e5 m\u00e5 vi ta et skritt bakover. Vi har jo ogs\u00e5 sett at det, grunnet r\u00e5stoffsituasjonen, er andre i bransjen som har m\u00e5ttet ta samme grep.<\/p>\n<p><strong>Les ogs\u00e5:\u00a0<\/strong><a href=\"https:\/\/ilaks.no\/north-sea-seafood-fikk-et-omsetningsfall-pa-over-400-millioner-men-de-snudde-resultatet-fra-minus-til-pluss\/\" rel=\"nofollow noopener\" target=\"_blank\">North Sea Seafood fikk et omsetningsfall p\u00e5 over 400 millioner. Men de snudde resultatet fra minus til pluss<\/a><\/p>\n<p><strong>Omsatte for 3,29 milliarder i 2024<\/strong><br \/>North Sea Seafood leverte i 2024 en omsetning p\u00e5 3,29 milliarder kroner, ned 441 millioner fra \u00e5ret f\u00f8r.<\/p>\n<p>Til tross for det kraftige fallet i topplinjen klarte selskapet \u00e5 snu et negativt driftsresultat i 2023 til et overskudd p\u00e5 16 millioner kroner. \u00c5rsresultatet endte p\u00e5 8,6 millioner kroner etter skatt.<\/p>\n","protected":false},"excerpt":{"rendered":"North Sea Seafood har permittert ansatte etter et krevende \u00e5r i eksportmarkedet. Det bekrefter styreleder Ole Johan Sagen&hellip;\n","protected":false},"author":2,"featured_media":132731,"comment_status":"","ping_status":"","sticky":false,"template":"","format":"standard","meta":{"footnotes":""},"categories":[56],"tags":[60,61,62,30,28,29],"class_list":{"0":"post-132730","1":"post","2":"type-post","3":"status-publish","4":"format-standard","5":"has-post-thumbnail","7":"category-naeringsliv","8":"tag-business","9":"tag-economy","10":"tag-naeringsliv","11":"tag-no","12":"tag-norge","13":"tag-norway"},"share_on_mastodon":{"url":"https:\/\/pubeurope.com\/@no\/115863925732574256","error":""},"_links":{"self":[{"href":"https:\/\/www.europesays.com\/no\/wp-json\/wp\/v2\/posts\/132730","targetHints":{"allow":["GET"]}}],"collection":[{"href":"https:\/\/www.europesays.com\/no\/wp-json\/wp\/v2\/posts"}],"about":[{"href":"https:\/\/www.europesays.com\/no\/wp-json\/wp\/v2\/types\/post"}],"author":[{"embeddable":true,"href":"https:\/\/www.europesays.com\/no\/wp-json\/wp\/v2\/users\/2"}],"replies":[{"embeddable":true,"href":"https:\/\/www.europesays.com\/no\/wp-json\/wp\/v2\/comments?post=132730"}],"version-history":[{"count":0,"href":"https:\/\/www.europesays.com\/no\/wp-json\/wp\/v2\/posts\/132730\/revisions"}],"wp:featuredmedia":[{"embeddable":true,"href":"https:\/\/www.europesays.com\/no\/wp-json\/wp\/v2\/media\/132731"}],"wp:attachment":[{"href":"https:\/\/www.europesays.com\/no\/wp-json\/wp\/v2\/media?parent=132730"}],"wp:term":[{"taxonomy":"category","embeddable":true,"href":"https:\/\/www.europesays.com\/no\/wp-json\/wp\/v2\/categories?post=132730"},{"taxonomy":"post_tag","embeddable":true,"href":"https:\/\/www.europesays.com\/no\/wp-json\/wp\/v2\/tags?post=132730"}],"curies":[{"name":"wp","href":"https:\/\/api.w.org\/{rel}","templated":true}]}}