{"id":132732,"date":"2026-01-09T07:20:19","date_gmt":"2026-01-09T07:20:19","guid":{"rendered":"https:\/\/www.europesays.com\/no\/132732\/"},"modified":"2026-01-09T07:20:19","modified_gmt":"2026-01-09T07:20:19","slug":"sats-tilbudet-med-halv-pris-ekspert-advarer-mot-binding","status":"publish","type":"post","link":"https:\/\/www.europesays.com\/no\/132732\/","title":{"rendered":"SATS\u2011tilbudet med halv pris: Ekspert advarer mot binding"},"content":{"rendered":"<p>    Kort fortalt<\/p>\n<p lang=\"nb-NO\">Januar er den travleste m\u00e5neden for treningssentre, med mange nye innmeldinger.<\/p>\n<p lang=\"nb-NO\">Sats tilbyr rabatt, men bindingstiden gj\u00f8r det dyrt i lengden.<\/p>\n<p lang=\"nb-NO\">Ekspert mener kampanjen spiller p\u00e5 d\u00e5rlig samvittighet og kortvarig motivasjon.<\/p>\n<p lang=\"nb-NO\">Forbrukerr\u00e5det advarer mot \u00e5 binde seg hvis man er usikker p\u00e5 motivasjonen.<\/p>\n<p class=\"italic ai-disclaimer\" data-lab-italic=\"italic\">Sammendraget er laget av ChatGPT og godkjent av DinSide.<\/p>\n<p>      Vis mer<br \/>\n      Vis mindre<\/p>\n<p> Januar er \u00e5rets travleste m\u00e5ned p\u00e5 treningssentre over hele landet. If\u00f8lge Virke Trening skjer\u00a0rundt 20 prosent av alle innmeldinger\u00a0i l\u00f8pet av \u00e5rets f\u00f8rste m\u00e5ned. <\/p>\n<p>Treningskjeden Sats frister med\u00a050 prosent rabatt i tre m\u00e5neder og fri innmelding.\u00a0<\/p>\n<p>Medaljen har en bakside: Nye kunder m\u00e5 binde seg i tolv m\u00e5neder. Det gir en totalpris som kanskje ikke alle kalkulerer med n\u00e5r de med friskt mot melder seg inn p\u00e5 et treningssenter.<\/p>\n<p>    <a itemprop=\"url\" href=\"https:\/\/dinside.dagbladet.no\/video\/ekspert-slik-kutter-du-energiforbruket\/8ZOmT9q6\" rel=\"nofollow noopener\" target=\"_blank\"><\/p>\n<p>        <img loading=\"lazy\" decoding=\"async\" src=\"https:\/\/www.europesays.com\/no\/wp-content\/uploads\/2026\/01\/83832424.webp.webp\" width=\"980\" height=\"441\" title=\"Ekspert: - Slik kutter du energiforbruket\" alt=\"\" class=\"lazyload\" style=\"--aspect-ratio-image: 2.22; \"\/><\/p>\n<p>        Ekspert: &#8211; Slik kutter du energiforbruket<\/p>\n<p>    <\/a><\/p>\n<p>Markedsf\u00f8ringsekspert\u00a0Trond Blindheim\u00a0mener kampanjen spiller p\u00e5 kortvarig nytt\u00e5rsmotivasjon.<\/p>\n<p>&#8211; Bransjen kapitaliserer p\u00e5 at slankemotivasjon alltid er en ferskvare. Etter jul f\u00f8ler mange et gap mellom den de er og den de \u00f8nsker \u00e5 v\u00e6re. Sats tilbyr en rask og \u00abbillig\u00bb l\u00f8sning for \u00e5 lukke dette gapet, sier Blindheim til DinSide.<\/p>\n<p>        <img loading=\"lazy\" decoding=\"async\" src=\"https:\/\/www.europesays.com\/no\/wp-content\/uploads\/2026\/01\/83239423.webp.webp\" width=\"686\" height=\"460\" title=\"TRIKS: Dosent i markedsf\u00f8ring Trond Blindheim beskriver kampanjen til Sats som et klassisk eksempel p\u00e5 januar\u2011markedsf\u00f8ring, der treningssentrene ikke f\u00f8rst og fremst selger trening, men h\u00e5pet om en ny start. Foto: H\u00f8yskolen Kristiania\" alt=\"\" class=\"\" style=\"--aspect-ratio-image: 1.49; \"\/><\/p>\n<p>\n        TRIKS: Dosent i markedsf\u00f8ring Trond Blindheim beskriver kampanjen til Sats som et klassisk eksempel p\u00e5 januar\u2011markedsf\u00f8ring, der treningssentrene ikke f\u00f8rst og fremst selger trening, men h\u00e5pet om en ny start. Foto: H\u00f8yskolen Kristiania\n    <\/p>\n<p>D\u00e5rlig samvittighet\t<\/p>\n<p>Med januartilbudet koster et medlemskap med gruppetrening hos Sats Akersgata i Oslo 419,50 kroner i tre m\u00e5neder, deretter\u00a0839 kroner i m\u00e5neden.\u00a0<\/p>\n<p>Totalt:\u00a08\u202f809 kroner\u00a0for ett \u00e5r.<\/p>\n<p>    <a itemprop=\"url\" href=\"https:\/\/dinside.dagbladet.no\/fritid\/her-gar-det-unna\/84057138\" rel=\"nofollow noopener\" target=\"_blank\"><\/p>\n<p>        <img loading=\"lazy\" decoding=\"async\" src=\"https:\/\/www.europesays.com\/no\/wp-content\/uploads\/2026\/01\/1767943213_189_84057677.webp.webp\" width=\"980\" height=\"441\" title=\"- Her g\u00e5r det unna\" alt=\"\" class=\"lazyload\" style=\"--aspect-ratio-image: 2.22; \"\/><\/p>\n<p>        &#8211; Her g\u00e5r det unna<\/p>\n<p>    <\/a><\/p>\n<p>Uten bindingstid koster det\u00a01\u202f039 kroner i m\u00e5neden, pluss\u00a0250 kroner i innmelding:\u00a0 alts\u00e5\u00a012\u202f718 kroner\u00a0for ett \u00e5r.<\/p>\n<p>Men:<\/p>\n<p>Januarkampanjen binder i praksis kunden i 15 m\u00e5neder, fordi bindingstiden f\u00f8rst trer i kraft etter de tre m\u00e5nedene med rabatt.\u00a0<\/p>\n<p>Da blir totalprisen p\u00e5 rundt 11 300 kroner.\u00a0<\/p>\n<p>&#8211; N\u00e5r man ser totalperioden, g\u00e5r vinningen opp i bindingen. Rabatten i starten utlignes av at du er l\u00e5st lenge, sier\u202fBlindheim.<\/p>\n<p>Blindheim mener kampanjen spiller p\u00e5 d\u00e5rlig samvittighet og overvurdert viljestyrke.<\/p>\n<p>&#8211; De tvinger kunden til \u00e5 bestemme seg f\u00f8r den d\u00e5rlige samvittigheten avtar, mener han.<\/p>\n<p>    <a itemprop=\"url\" href=\"https:\/\/dinside.dagbladet.no\/reise\/advarer-trenger-en-pause\/84047403\" rel=\"nofollow noopener\" target=\"_blank\"><\/p>\n<p>        <img loading=\"lazy\" decoding=\"async\" src=\"https:\/\/www.europesays.com\/no\/wp-content\/uploads\/2026\/01\/84047650.webp.webp\" width=\"980\" height=\"441\" title=\"Advarer: - Trenger en pause\" alt=\"\" class=\"lazyload\" style=\"--aspect-ratio-image: 2.22; \"\/><\/p>\n<p>        Advarer: &#8211; Trenger en pause<\/p>\n<p>    <\/a><\/p>\n<p>&#8211; Vinningen g\u00e5r opp i bindingen\t<\/p>\n<p>DinSide har lagt fram kritikken i denne saken for Sats. Treningskjeden sier bindingstiden gir forutsigbarhet for b\u00e5de medlemmer og senter.<\/p>\n<p>&#8211; Det gj\u00f8r det mulig \u00e5 tilby en lavere pris i oppstartsperioden. Alle vilk\u00e5r, inkludert total bindingstid og ordin\u00e6r pris, er tydelig oppgitt f\u00f8r innmelding, sier PR\u2011sjef\u00a0Kristin\u202fFjeld til DinSide.<\/p>\n<p>Blindheim mener forutsigbarheten f\u00f8rst og fremst gagner treningssenteret.<\/p>\n<p>    <a itemprop=\"url\" href=\"https:\/\/dinside.dagbladet.no\/okonomi\/na-blir-det-dyrere\/84040324\" rel=\"nofollow noopener\" target=\"_blank\"><\/p>\n<p>        <img loading=\"lazy\" decoding=\"async\" src=\"https:\/\/www.europesays.com\/no\/wp-content\/uploads\/2026\/01\/82952083.webp.webp\" width=\"980\" height=\"441\" title=\"\u00d8ker prisen\" alt=\"\" class=\"lazyload\" style=\"--aspect-ratio-image: 2.22; \"\/><\/p>\n<p>        \u00d8ker prisen<\/p>\n<p>    <\/a><\/p>\n<p>&#8211; Den er skjevfordelt. Bindingen sikrer Sats fast inntekt p\u00e5 flere tusen per kunde, uavhengig av om de trener, sier han.<\/p>\n<p>Blindheim peker p\u00e5 at det kan bli dyrt \u00e5 bryte kontrakten hvis motivasjonen forsvinner, eller man f\u00e5r skade, flytter eller f\u00e5r d\u00e5rligere \u00f8konomi.<\/p>\n<p>&#8211; Jeg har selv g\u00e5tt p\u00e5 den limpinnen. Det var dyr l\u00e6rdom.<\/p>\n<p>    <a itemprop=\"url\" href=\"https:\/\/dinside.dagbladet.no\/okonomi\/tilbudsfesten-er-over\/84056766\" rel=\"nofollow noopener\" target=\"_blank\"><\/p>\n<p>        <img loading=\"lazy\" decoding=\"async\" src=\"https:\/\/www.europesays.com\/no\/wp-content\/uploads\/2026\/01\/1767943216_86_84056789.webp.webp\" width=\"980\" height=\"441\" title=\"- Dessverre\" alt=\"\" class=\"lazyload\" style=\"--aspect-ratio-image: 2.22; \"\/><\/p>\n<p>        &#8211; Dessverre<\/p>\n<p>    <\/a><\/p>\n<p>Blindheim mener ogs\u00e5 at markedsf\u00f8ringen b\u00f8r v\u00e6re tydeligere.<\/p>\n<p>&#8211; Totalprisen b\u00f8r oppgis like klart som m\u00e5nedsprisen. N\u00e5r rabatten bl\u00e5ses opp og totalbel\u00f8pet st\u00e5r med liten skrift, er det problematisk, mener han.<\/p>\n<p>Forbrukerr\u00e5det: &#8211; Penger ut av vinduet\t<\/p>\n<p>Blindheim er ikke alene om \u00e5 g\u00e5 p\u00e5 limpinnen. Sats har tidligere opplyst at oppm\u00f8tet faller med rundt\u00a025 prosent fra januar til april.<\/p>\n<p>I\u00a0Virke Trening sine tidligere markedsrapporter\u00a0ansl\u00e5s det at\u00a035\u201340 prosent av medlemmene\u00a0trener sjelden eller aldri.<\/p>\n<p>    <a itemprop=\"url\" href=\"https:\/\/dinside.dagbladet.no\/okonomi\/disse-far-mer\/84042704\" rel=\"nofollow noopener\" target=\"_blank\"><\/p>\n<p>        <img loading=\"lazy\" decoding=\"async\" src=\"https:\/\/www.europesays.com\/no\/wp-content\/uploads\/2026\/01\/1767943217_667_83993836.webp.webp\" width=\"980\" height=\"441\" title=\"Disse f\u00e5r mer\" alt=\"\" class=\"lazyload\" style=\"--aspect-ratio-image: 2.22; \"\/><\/p>\n<p>        Disse f\u00e5r mer<\/p>\n<p>    <\/a><\/p>\n<p>En\u00a0SIFO\u2011unders\u00f8kelse fra 2020\u00a0viser det samme:\u00a0Tre av ti nordmenn\u00a0med treningsabonnement bruker det lite eller ikke i det hele tatt.<\/p>\n<p>Thomas Iversen, fagsjef i Forbrukerr\u00e5det, sier at tilbudet bare l\u00f8nner seg for dem som faktisk trener hele \u00e5ret.<\/p>\n<p>&#8211; Halv pris i tre m\u00e5neder og fri innmelding er et godt tilbud dersom du planlegger \u00e5 bruke treningssenteret hele bindingstiden. Hvis ikke er det penger ut av vinduet, sier han.<\/p>\n<p>        <img loading=\"lazy\" decoding=\"async\" src=\"https:\/\/www.europesays.com\/no\/wp-content\/uploads\/2026\/01\/82128406.webp.webp\" width=\"686\" height=\"460\" title=\"- TENK OM: Thomas Iversen i Forbrukerr\u00e5det advarer mot \u00e5 la seg blende av rabatten og minner om at bindingstid bare l\u00f8nner seg for dem som faktisk trener hele \u00e5ret. Foto: Halvor Pritzlaff Njerve \/ Forbrukerr\u00e5det\" alt=\"\" class=\"\" style=\"--aspect-ratio-image: 1.49; \"\/><\/p>\n<p>\n        &#8211; TENK OM: Thomas Iversen i Forbrukerr\u00e5det advarer mot \u00e5 la seg blende av rabatten og minner om at bindingstid bare l\u00f8nner seg for dem som faktisk trener hele \u00e5ret. Foto: Halvor Pritzlaff Njerve \/ Forbrukerr\u00e5det\n    <\/p>\n<p>&#8211; Dyre treningsabonnementer du ikke bruker er kun betaling for d\u00e5rlig samvittighet, legger han til.<\/p>\n<p>Han r\u00e5der folk til \u00e5 v\u00e6re \u00e6rlige med seg selv f\u00f8r de binder seg.<\/p>\n<p>&#8211; Hvis du er usikker p\u00e5 motivasjonen, velg et medlemskap uten binding. Det kan virke dyrere per m\u00e5ned, men du slipper \u00e5 betale for et helt \u00e5r du ikke bruker, sier Iversen til DinSide.\u00a0<\/p>\n<p>    <a itemprop=\"url\" href=\"https:\/\/dinside.dagbladet.no\/okonomi\/innforer-aldersgrense\/84039191\" rel=\"nofollow noopener\" target=\"_blank\"><\/p>\n<p>        <img loading=\"lazy\" decoding=\"async\" src=\"https:\/\/www.europesays.com\/no\/wp-content\/uploads\/2026\/01\/1767943218_276_83326735.webp.webp\" width=\"980\" height=\"441\" title=\"Innf\u00f8rer aldersgrense\" alt=\"\" class=\"lazyload\" style=\"--aspect-ratio-image: 2.22; \"\/><\/p>\n<p>        Innf\u00f8rer aldersgrense<\/p>\n<p>    <\/a><\/p>\n<p>&#8211; Enklere \u00e5 komme i gang\t<\/p>\n<p>SATS avviser at kampanjen er et lokketilbud.<\/p>\n<p>&#8211; Kampanjen er utformet for \u00e5 gj\u00f8re det enklere \u00e5 komme i gang med trening, samtidig som den retter seg mot personer som \u00f8nsker \u00e5 etablere varige treningsvaner, sier\u00a0Kristin Fjeld, PR\u2011sjef i Sats.<\/p>\n<p>Hun presiserer at kampanjen bare er ett av flere alternativer, og at det ogs\u00e5 er mulig \u00e5 bli medlem uten bindingstid.<\/p>\n<p>&#8211; Vi har forst\u00e5else for at et langsiktig<br \/>\ntreningsmedlemskap ikke passer for alle, og er enige i at dette b\u00f8r v\u00e6re et<br \/>\nbevisst valg. Kampanjen med 50\u202fprosent rabatt i tre m\u00e5neder og fri innmelding er ment som en oppstartsfordel, sier Fjeld.<\/p>\n<p>        <img loading=\"lazy\" decoding=\"async\" src=\"https:\/\/www.europesays.com\/no\/wp-content\/uploads\/2026\/01\/84062614.webp.webp\" width=\"686\" height=\"385\" title=\"IKKE LOKKING: Kristin Fjeld hos Sats aviser at januarkampanjen er et lokketilbud. Hun sier at totalprisene og vilk\u00e5rene for de ulike medlemskapene er tydelig presentert og sammenlignbare p\u00e5 nettsidene deres. Foto: Sats\" alt=\"\" class=\"\" style=\"--aspect-ratio-image: 1.78; \"\/><\/p>\n<p>\n        IKKE LOKKING: Kristin Fjeld hos Sats aviser at januarkampanjen er et lokketilbud. Hun sier at totalprisene og vilk\u00e5rene for de ulike medlemskapene er tydelig presentert og sammenlignbare p\u00e5 nettsidene deres. Foto: Sats\n    <\/p>\n<p>Hun viser til at aktiviteten holder seg jevn gjennom \u00e5ret.<\/p>\n<p>&#8211; I Norge l\u00e5 antall unike bes\u00f8k p\u00e5 sentrene v\u00e5re i april i fjor kun 5,9 prosent under niv\u00e5et i januar. Det tyder p\u00e5 at treningsaktiviteten i stor grad holder seg ogs\u00e5 etter nytt\u00e5rsperioden, sier Fjeld.<\/p>\n<p>Blindheim har et klart r\u00e5d til dem som vil trene, men er usikre p\u00e5 motivasjonen.<\/p>\n<p>-\u202fEr du i tvil om du fortsatt trener om et halvt \u00e5r, er det nesten alltid billigere \u00e5 velge et medlemskap uten binding. Da kj\u00f8per du deg friheten til \u00e5 angre for en lavere totalpris, sier han.<\/p>\n","protected":false},"excerpt":{"rendered":"Kort fortalt Januar er den travleste m\u00e5neden for treningssentre, med mange nye innmeldinger. Sats tilbyr rabatt, men bindingstiden&hellip;\n","protected":false},"author":2,"featured_media":132733,"comment_status":"","ping_status":"","sticky":false,"template":"","format":"standard","meta":{"footnotes":""},"categories":[10],"tags":[20,21,24,25,4624,728,15,8842,22,23,13,30,28,29,14,16,2816,26,27,723,15343],"class_list":{"0":"post-132732","1":"post","2":"type-post","3":"status-publish","4":"format-standard","5":"has-post-thumbnail","7":"category-norge","8":"tag-breaking-news","9":"tag-breakingnews","10":"tag-featured-news","11":"tag-featurednews","12":"tag-forbrukerradet","13":"tag-fritid","14":"tag-headlines","15":"tag-januar","16":"tag-latest-news","17":"tag-latestnews","18":"tag-news","19":"tag-no","20":"tag-norge","21":"tag-norway","22":"tag-nyheter","23":"tag-overskrifter","24":"tag-sats","25":"tag-top-stories","26":"tag-topstories","27":"tag-trening","28":"tag-trond-blindheim"},"share_on_mastodon":{"url":"https:\/\/pubeurope.com\/@no\/115863933667312626","error":""},"_links":{"self":[{"href":"https:\/\/www.europesays.com\/no\/wp-json\/wp\/v2\/posts\/132732","targetHints":{"allow":["GET"]}}],"collection":[{"href":"https:\/\/www.europesays.com\/no\/wp-json\/wp\/v2\/posts"}],"about":[{"href":"https:\/\/www.europesays.com\/no\/wp-json\/wp\/v2\/types\/post"}],"author":[{"embeddable":true,"href":"https:\/\/www.europesays.com\/no\/wp-json\/wp\/v2\/users\/2"}],"replies":[{"embeddable":true,"href":"https:\/\/www.europesays.com\/no\/wp-json\/wp\/v2\/comments?post=132732"}],"version-history":[{"count":0,"href":"https:\/\/www.europesays.com\/no\/wp-json\/wp\/v2\/posts\/132732\/revisions"}],"wp:featuredmedia":[{"embeddable":true,"href":"https:\/\/www.europesays.com\/no\/wp-json\/wp\/v2\/media\/132733"}],"wp:attachment":[{"href":"https:\/\/www.europesays.com\/no\/wp-json\/wp\/v2\/media?parent=132732"}],"wp:term":[{"taxonomy":"category","embeddable":true,"href":"https:\/\/www.europesays.com\/no\/wp-json\/wp\/v2\/categories?post=132732"},{"taxonomy":"post_tag","embeddable":true,"href":"https:\/\/www.europesays.com\/no\/wp-json\/wp\/v2\/tags?post=132732"}],"curies":[{"name":"wp","href":"https:\/\/api.w.org\/{rel}","templated":true}]}}