{"id":132734,"date":"2026-01-09T07:30:21","date_gmt":"2026-01-09T07:30:21","guid":{"rendered":"https:\/\/www.europesays.com\/no\/132734\/"},"modified":"2026-01-09T07:30:21","modified_gmt":"2026-01-09T07:30:21","slug":"aibel-haugesund-aibel-med-ny-kontrakt-verdi-rundt-20-milliarder-kroner","status":"publish","type":"post","link":"https:\/\/www.europesays.com\/no\/132734\/","title":{"rendered":"Aibel, Haugesund | Aibel med ny kontrakt: Verdi rundt 20 milliarder kroner"},"content":{"rendered":"\n<p><b>HAUGESUND:<\/b> Aibel melder torsdag formiddag at de har blitt tildelt langsiktige rammeavtaler for vedlikehold, erstatninger og modifikasjoner (HVEM) p\u00e5 flere av Equinors landanlegg og installasjoner offshore.<\/p>\n<p>Kontraktene har en fast periode p\u00e5 fem \u00e5r, med mulighet for forlengelse gjennom opsjoner p\u00e5 ytterligere tre og to \u00e5r.<\/p>\n<p><b>\u2013 Verdien er ansl\u00e5tt til rundt 20 milliarder kroner for den faste avtaleperioden, melder Aibel i pressemeldingen.<\/b><\/p>\n<p>Landanlegg og offshore<\/p>\n<p>Aibel er tiltenkt hovedavtalene for offshore-installasjoner som omfatter feltene Aasta Hansteen, Norne, Johan Castberg, Oseberg, Visund, Gullfaks, Sleipner, Gudrun, Martin Linge, Draupner og Sn\u00f8hvit, og for landanlegg som omfatter K\u00e5rst\u00f8, Tjeldbergodden Mongstad og Hammerfest.<\/p>\n<p>I tillegg er Aibel tildelt en konkurranseavtale for utvidede modifikasjoner og prosjekter som omfatter b\u00e5de offshore og landbaserte prosjekter (EMOD\/EPRO).<\/p>\n<p>Flere nye tildelinger<\/p>\n<p>Det betyr at Aibel videref\u00f8rer det igangv\u00e6rende arbeidet ved anleggene K\u00e5rst\u00f8, Mongstad og Hammerfest, der Aibel ogs\u00e5 i dag har kontrakt p\u00e5 VEM-tjenester. Tjeldbergodden er nytt tiltenkt anlegg i avtalen.<\/p>\n<p>Nye tiltenkte tildelinger offshore er feltene Visund, Gullfaks, Sleipner, Gudrun, Martin Linge, Draupner og Sn\u00f8hvit.<\/p>\n<p>Den endelige portef\u00f8lgetildelingen skjer n\u00e5r kontrakten er signert. Det skjer if\u00f8lge pressemeldingen i uke fire.<\/p>\n<p>Hovedavtalene har oppstart 1. mai, mens EMOD\/EPRO starter 1. mars.<\/p>\n<p>\u2013 Stolte av \u00e5 bli valgt igjen<\/p>\n<p>   <img decoding=\"async\" width=\"3200\" height=\"2134\" fetchpriority=\"low\"  loading=\"lazy\"  src=\"https:\/\/www.europesays.com\/no\/wp-content\/uploads\/2026\/01\/19nyhbhaibel405.jpg\" alt=\"Haugesund 180719&#10;Modul M40 ferdig p\u00e5 Aibel og skal transporteres til Heidrun p\u00e5 Dvalin   Mads Andersen  Konsernsjef Aibel&#10;&#10;Foto:  Harald Nordbakken\" class=\"brick-c-cFOWSL\" style=\"--brick-image-ratio: 3200 \/ 2134;\"\/><\/p>\n<p>      STOLT: Konsernsjef Mads Andersen i Aibel er stolte over \u00e5 bli valgt av Equinor igjen.<br \/>\n      Foto: Harald Nordbakken (arkivfoto)\n    <\/p>\n<p><b>\u2013 Vi har siden 2022 hatt en strategisk langsiktig samarbeidsavtale med Equinor der forbedringer innen HVEM har v\u00e6rt et sentralt omr\u00e5de. Vi er derfor stolte av den tilliten Equinor viser oss ved \u00e5 igjen velge oss som leverand\u00f8r av vedlikehold, erstatning og modifikasjon av kritisk infrastruktur p\u00e5 anlegg til havs og p\u00e5 land. Vi ser fram til \u00e5 fortsette et tett og godt samarbeid framover, og hvor vi kan bidra til en fortsatt sikker, l\u00f8nnsom og b\u00e6rekraftig utvikling av norsk sokkel, sier konsernsjef i Aibel, Mads Andersen.<\/b><\/p>\n<p>Ogs\u00e5 konserndirekt\u00f8r for vedlikehold og modifikasjon i Aibel, Marianne Stavland Davenport, uttrykker ogs\u00e5 glede over de nye avtalene.<\/p>\n<p><b>\u2013 Dette er en bekreftelse p\u00e5 innsatsen v\u00e5re ansatte har lagt ned over mange \u00e5r, og p\u00e5 v\u00e5r evne til \u00e5 levere trygge og effektive l\u00f8sninger. Samtidig er det en ny og spennende samarbeidsmodell som adresserer industriens generelle utfordring med kost og produktivitet, da det er lagt opp til at vi sammen som \u00abone team\u00bb skal forbedre l\u00f8nnsomhet gjennom gode leveranser og prosjekter, opplyser Davenport.<\/b><\/p>\n<p>   <img decoding=\"async\" width=\"2401\" height=\"3600\" fetchpriority=\"low\"  loading=\"lazy\"  src=\"https:\/\/www.europesays.com\/no\/wp-content\/uploads\/2026\/01\/Marianne+Stavland+Davenport%2C+EVP+M%26M.+Foto+Anne+Lise+Norheim_Aibel.jpg\" alt=\"\" class=\"brick-c-cFOWSL\" style=\"--brick-image-ratio: 2401 \/ 3600;\"\/><\/p>\n<p>      INNSATS: Marianne Stavland Davenport trekker fram innsatsen de ansatte har lagt ned over mange \u00e5r.<br \/>\n      Foto: Anne Lise Norheim\/AIbel\n    <\/p>\n<p>  Betydelig oppdragsmengde<\/p>\n<p>Hun sier videre at modellen betyr at Aibel m\u00e5 utforske nye m\u00e5ter \u00e5 jobbe p\u00e5, hjulpet av digitale og teknologiske l\u00f8sninger.<\/p>\n<p><b>\u2013 Derfor ser vi fram til \u00e5 videreutvikle samarbeidet med Equinor om framtidens vedlikehold, erstatninger og modifikasjoner, sier hun.<\/b><\/p>\n<p>If\u00f8lge pressemeldingen vil rammekontraktene gi en betydelig oppdragsmengde for Aibel og et godt grunnlag for videre utvikling av teknologi, organisasjon og infrastruktur.<\/p>\n","protected":false},"excerpt":{"rendered":"HAUGESUND: Aibel melder torsdag formiddag at de har blitt tildelt langsiktige rammeavtaler for vedlikehold, erstatninger og modifikasjoner (HVEM)&hellip;\n","protected":false},"author":2,"featured_media":132735,"comment_status":"","ping_status":"","sticky":false,"template":"","format":"standard","meta":{"footnotes":""},"categories":[10],"tags":[15344,36,20,21,24,25,1337,15,22,23,62,13,30,28,29,14,16,1510,26,27],"class_list":{"0":"post-132734","1":"post","2":"type-post","3":"status-publish","4":"format-standard","5":"has-post-thumbnail","7":"category-norge","8":"tag-aibel","9":"tag-art","10":"tag-breaking-news","11":"tag-breakingnews","12":"tag-featured-news","13":"tag-featurednews","14":"tag-haugesund","15":"tag-headlines","16":"tag-latest-news","17":"tag-latestnews","18":"tag-naeringsliv","19":"tag-news","20":"tag-no","21":"tag-norge","22":"tag-norway","23":"tag-nyheter","24":"tag-overskrifter","25":"tag-story","26":"tag-top-stories","27":"tag-topstories"},"share_on_mastodon":{"url":"https:\/\/pubeurope.com\/@no\/115863972899647448","error":""},"_links":{"self":[{"href":"https:\/\/www.europesays.com\/no\/wp-json\/wp\/v2\/posts\/132734","targetHints":{"allow":["GET"]}}],"collection":[{"href":"https:\/\/www.europesays.com\/no\/wp-json\/wp\/v2\/posts"}],"about":[{"href":"https:\/\/www.europesays.com\/no\/wp-json\/wp\/v2\/types\/post"}],"author":[{"embeddable":true,"href":"https:\/\/www.europesays.com\/no\/wp-json\/wp\/v2\/users\/2"}],"replies":[{"embeddable":true,"href":"https:\/\/www.europesays.com\/no\/wp-json\/wp\/v2\/comments?post=132734"}],"version-history":[{"count":0,"href":"https:\/\/www.europesays.com\/no\/wp-json\/wp\/v2\/posts\/132734\/revisions"}],"wp:featuredmedia":[{"embeddable":true,"href":"https:\/\/www.europesays.com\/no\/wp-json\/wp\/v2\/media\/132735"}],"wp:attachment":[{"href":"https:\/\/www.europesays.com\/no\/wp-json\/wp\/v2\/media?parent=132734"}],"wp:term":[{"taxonomy":"category","embeddable":true,"href":"https:\/\/www.europesays.com\/no\/wp-json\/wp\/v2\/categories?post=132734"},{"taxonomy":"post_tag","embeddable":true,"href":"https:\/\/www.europesays.com\/no\/wp-json\/wp\/v2\/tags?post=132734"}],"curies":[{"name":"wp","href":"https:\/\/api.w.org\/{rel}","templated":true}]}}