{"id":132738,"date":"2026-01-09T07:37:08","date_gmt":"2026-01-09T07:37:08","guid":{"rendered":"https:\/\/www.europesays.com\/no\/132738\/"},"modified":"2026-01-09T07:37:08","modified_gmt":"2026-01-09T07:37:08","slug":"tror-det-har-vaert-en-stor-flause-for-norge","status":"publish","type":"post","link":"https:\/\/www.europesays.com\/no\/132738\/","title":{"rendered":"\u2013 Tror det har v\u00e6rt en stor flause for Norge"},"content":{"rendered":"\n<p class=\"_lead_o9xde_2 _lead_xtcu6_50 layout-component text-serif-m layout-normal text-serif-l layout-component layout-wide layout-padded _wide_17hqh_1 layout-padded\">Donald Trump p\u00e5st\u00e5r han har stoppet \u00e5tte kriger og mener han burde f\u00e5tt Nobels fredspris for hver enkelt av dem.<\/p>\n<p><img alt=\" Foto: Leah Millis \/ Reuters\" class=\"_image_qp4xg_65 layout-component layout-wide\" data-fullscreen- data-track-element-type=\"Article image fullscreen\" data-track-name=\"ImageFullscreen\" fetchpriority=\"high\" decoding=\"sync\" loading=\"eager\" height=\"1766\" itemprop=\"image\"  src=\"https:\/\/www.europesays.com\/no\/wp-content\/uploads\/2026\/01\/c5b277a2-20ea-4079-9ca4-f8fe4a6a7c1c.jpeg\"  style=\"object-position:0% 0%\" width=\"2339\"\/> Foto: Leah Millis \/ Reuters<\/p>\n<ul aria-hidden=\"true\" class=\"_images_ntbth_112\">\n<li><a class=\"_link_ntbth_117\" href=\"https:\/\/www.vg.no\/forfatter\/emma-fondenes-oevreboe\" style=\"z-index:2\" title=\"Emma Fondenes \u00d8vreb\u00f8\" rel=\"nofollow noopener\" target=\"_blank\"><img alt=\"Bilde av Emma Fondenes \u00d8vreb\u00f8\" class=\"_image_ntbth_93\" fetchpriority=\"low\" loading=\"lazy\" decoding=\"async\" itemprop=\"image\"  src=\"https:\/\/www.europesays.com\/no\/wp-content\/uploads\/2026\/01\/1767944228_985_a3715f19-7e77-4fbf-b20f-7d6f5cb479de.jpeg\"  width=\"480\"\/><\/a><\/li>\n<li><a class=\"_link_ntbth_117\" href=\"https:\/\/www.vg.no\/forfatter\/ingrid-bjoerndal-farestvedt\" style=\"z-index:1\" title=\"Ingrid Bj\u00f8rndal Farestvedt\" rel=\"nofollow noopener\" target=\"_blank\"><img alt=\"Bilde av Ingrid Bj\u00f8rndal Farestvedt\" class=\"_image_ntbth_93\" fetchpriority=\"low\" loading=\"lazy\" decoding=\"async\" itemprop=\"image\"  src=\"https:\/\/www.europesays.com\/no\/wp-content\/uploads\/2026\/01\/1767944228_94_0ca626e9-b4bd-4417-836d-161b53cb789f.jpeg\"  width=\"480\"\/><\/a><\/li>\n<\/ul>\n<p> Oppdatert fredag 9. januar kl. 08:26     <\/p>\n<p class=\"_paragraph_o9xde_4 _paragraph_xtcu6_10 layout-component text-serif-m layout-normal text-serif-m layout-padded\">I et intervju med <a href=\"https:\/\/www.foxnews.com\/media\/trump-announces-expansion-drug-cartel-crackdown-issues-grim-warning-iran\" class=\"_link_o9xde_39\" rel=\"nofollow noopener\" target=\"_blank\">Fox News<\/a> hevder USAs president Donald Trumo at han har \u00abstoppet \u00e5tte kriger\u00bb. <\/p>\n<p class=\"_paragraph_o9xde_4 _paragraph_xtcu6_10 layout-component text-serif-m layout-normal text-serif-m layout-padded\">\u2013 Jeg tror det har v\u00e6rt en stor flause for Norge. Jeg vet ikke hva Norge har med det \u00e5 gj\u00f8re, men det er der komiteen befinner seg.<\/p>\n<p class=\"_paragraph_o9xde_4 _paragraph_xtcu6_10 layout-component text-serif-m layout-normal text-serif-m layout-padded\">\u2013 Enten de har noe med det \u00e5 gj\u00f8re eller ikke. Jeg tror de har det, de sier de ikke har det. Men n\u00e5r du stopper \u00e5tte kriger, burde du i teorien f\u00e5 \u00e9n for hver krig.<\/p>\n<p class=\"_paragraph_o9xde_4 _paragraph_xtcu6_10 layout-component text-serif-m layout-normal text-serif-m layout-padded\">Nobels fredspris deles ut av den norske Nobelkomiteen i Oslo. I desember ble den venezuelanske opposisjonspolitikeren Maria Corina Machado tildelt Nobels fredspris.<\/p>\n<p class=\"_paragraph_o9xde_4 _paragraph_xtcu6_10 layout-component text-serif-m layout-normal text-serif-m layout-padded\">Da ringte hun selv til USAs president og sa at hun skulle ta imot prisen\u00a0<a href=\"https:\/\/www.vg.no\/nyheter\/i\/jQ6peA\/donald-trump-hun-ringte-meg-og-sa-jeg-tar-imot-denne-paa-dine-vegne\" data-track-element-type=\"Link\" data-track-id=\"link:jQ6peA\" class=\"_link_o9xde_39\" rel=\"nofollow noopener\" target=\"_blank\">i Donald Trumps navn<\/a>. Dette ble sterkt kritisert.<\/p>\n<p><img alt=\"Mar\u00eda Corina Machado under et valgkamp-arrangement i 2024.  Foto: ADRIANA LOUREIRO FERNANDEZ \/ NYT\" class=\"_image_qp4xg_65 layout-component layout-normal\" data-fullscreen- data-track-element-type=\"Article image fullscreen\" data-track-name=\"ImageFullscreen\" decoding=\"async\" loading=\"lazy\" height=\"3280\" itemprop=\"image\"  src=\"https:\/\/www.europesays.com\/no\/wp-content\/uploads\/2026\/01\/59573e2f-a939-4790-a456-a809a1bc2127.jpeg\"  style=\"object-position:0% 0%\" width=\"4152\"\/>Mar\u00eda Corina Machado under et valgkamp-arrangement i 2024.  Foto: ADRIANA LOUREIRO FERNANDEZ \/ NYT<\/p>\n<p class=\"_paragraph_o9xde_4 _paragraph_xtcu6_10 layout-component text-serif-m layout-normal text-serif-m layout-padded\"><a href=\"https:\/\/www.vg.no\/nyheter\/i\/GxG4b4\/trump-sier-han-tviler-paa-at-nato-vil-stille-seg-bak-usa\" data-track-element-type=\"Link\" data-track-id=\"link:GxG4b4\" class=\"_link_o9xde_39\" rel=\"nofollow noopener\" target=\"_blank\">Bare for noen dager siden kom Trump<\/a> med kritikk mot Norge for \u00e5 ikke gi han Nobels fredspris.<\/p>\n<p class=\"_paragraph_o9xde_4 _paragraph_xtcu6_10 layout-component text-serif-m layout-normal text-serif-m layout-padded\">Han skrev p\u00e5 Truth Social at Nato-landene ikke betalte nok til alliansen \u00abf\u00f8r han kom p\u00e5 banen\u00bb.<\/p>\n<p> \u2013 T\u00e5pelig<\/p>\n<p class=\"_paragraph_o9xde_4 _paragraph_xtcu6_10 layout-component text-serif-m layout-normal text-serif-m layout-padded\">Trump hevdet at han har avsluttet mange kriger og kritiserte Norge for \u00e5 ikke gi ham fredsprisen. <\/p>\n<p class=\"_paragraph_o9xde_4 _paragraph_xtcu6_10 layout-component text-serif-m layout-normal text-serif-m layout-padded\">\u2013 Norge, et NATO-medlem, valgte t\u00e5pelig nok \u00e5 ikke gi meg Nobels fredspris. Men det spiller ingen rolle, skrev presidenten.<\/p>\n<p><img alt=\"Nobelkomiteen best\u00e5r av (F.v.) komit\u00e9medlem Anne Enger, direkt\u00f8r ved Det Norske Nobelinstitutt og sekret\u00e6r for Den norske Nobelkomite Kristian Berg Harpviken, komit\u00e9medlem Gry Larsen, komit\u00e9medlem Kristin Clemet, nestleder Asle Toje og komit\u00e9leder J\u00f8rgen Watne Frydnes.  Foto: H\u00e5kon Mosvold Larsem \/ NTB\" class=\"_image_qp4xg_65 layout-component layout-normal\" data-fullscreen- data-track-element-type=\"Article image fullscreen\" data-track-name=\"ImageFullscreen\" decoding=\"async\" loading=\"lazy\" height=\"2466\" itemprop=\"image\"  src=\"https:\/\/www.europesays.com\/no\/wp-content\/uploads\/2026\/01\/112ae8ef-caaa-4192-8ebe-ce8bc5006341.jpeg\"  style=\"object-position:0% 0%\" width=\"3699\"\/>Nobelkomiteen best\u00e5r av (F.v.) komit\u00e9medlem Anne Enger, direkt\u00f8r ved Det Norske Nobelinstitutt og sekret\u00e6r for Den norske Nobelkomite Kristian Berg Harpviken, komit\u00e9medlem Gry Larsen, komit\u00e9medlem Kristin Clemet, nestleder Asle Toje og komit\u00e9leder J\u00f8rgen Watne Frydnes.  Foto: H\u00e5kon Mosvold Larsem \/ NTB<\/p>\n<p class=\"_paragraph_o9xde_4 _paragraph_xtcu6_10 layout-component text-serif-m layout-normal text-serif-m layout-padded\">Da skrev Erik Aasheim, pressekontakt for Nobelkomiteen, i en melding til VG at de ikke kommenterer noens angivelige kandidatur. Han opplyste at komiteen ikke vil gi noe ytterligere svar til presidentens uttalelser.<\/p>\n","protected":false},"excerpt":{"rendered":"Donald Trump p\u00e5st\u00e5r han har stoppet \u00e5tte kriger og mener han burde f\u00e5tt Nobels fredspris for hver enkelt&hellip;\n","protected":false},"author":2,"featured_media":132739,"comment_status":"","ping_status":"","sticky":false,"template":"","format":"standard","meta":{"footnotes":""},"categories":[10],"tags":[20,21,55,24,25,15,22,23,8707,13,30,28,29,14,16,26,27,46],"class_list":{"0":"post-132738","1":"post","2":"type-post","3":"status-publish","4":"format-standard","5":"has-post-thumbnail","7":"category-norge","8":"tag-breaking-news","9":"tag-breakingnews","10":"tag-donald-trump","11":"tag-featured-news","12":"tag-featurednews","13":"tag-headlines","14":"tag-latest-news","15":"tag-latestnews","16":"tag-maria-corina-machado","17":"tag-news","18":"tag-no","19":"tag-norge","20":"tag-norway","21":"tag-nyheter","22":"tag-overskrifter","23":"tag-top-stories","24":"tag-topstories","25":"tag-vgai"},"share_on_mastodon":{"url":"https:\/\/pubeurope.com\/@no\/115864000632235251","error":""},"_links":{"self":[{"href":"https:\/\/www.europesays.com\/no\/wp-json\/wp\/v2\/posts\/132738","targetHints":{"allow":["GET"]}}],"collection":[{"href":"https:\/\/www.europesays.com\/no\/wp-json\/wp\/v2\/posts"}],"about":[{"href":"https:\/\/www.europesays.com\/no\/wp-json\/wp\/v2\/types\/post"}],"author":[{"embeddable":true,"href":"https:\/\/www.europesays.com\/no\/wp-json\/wp\/v2\/users\/2"}],"replies":[{"embeddable":true,"href":"https:\/\/www.europesays.com\/no\/wp-json\/wp\/v2\/comments?post=132738"}],"version-history":[{"count":0,"href":"https:\/\/www.europesays.com\/no\/wp-json\/wp\/v2\/posts\/132738\/revisions"}],"wp:featuredmedia":[{"embeddable":true,"href":"https:\/\/www.europesays.com\/no\/wp-json\/wp\/v2\/media\/132739"}],"wp:attachment":[{"href":"https:\/\/www.europesays.com\/no\/wp-json\/wp\/v2\/media?parent=132738"}],"wp:term":[{"taxonomy":"category","embeddable":true,"href":"https:\/\/www.europesays.com\/no\/wp-json\/wp\/v2\/categories?post=132738"},{"taxonomy":"post_tag","embeddable":true,"href":"https:\/\/www.europesays.com\/no\/wp-json\/wp\/v2\/tags?post=132738"}],"curies":[{"name":"wp","href":"https:\/\/api.w.org\/{rel}","templated":true}]}}