{"id":132740,"date":"2026-01-09T07:38:07","date_gmt":"2026-01-09T07:38:07","guid":{"rendered":"https:\/\/www.europesays.com\/no\/132740\/"},"modified":"2026-01-09T07:38:07","modified_gmt":"2026-01-09T07:38:07","slug":"beste-jeg-har-folt-nrk-sport-sportsnyheter-resultater-og-sendeplan","status":"publish","type":"post","link":"https:\/\/www.europesays.com\/no\/132740\/","title":{"rendered":"\u2013 Beste jeg har f\u00f8lt \u2013 NRK Sport \u2013 Sportsnyheter, resultater og sendeplan"},"content":{"rendered":"<p>Det er et <a href=\"https:\/\/www.youtube.com\/watch?v=yXfFoJlQZrA\" ec-id=\"https:\/\/www.youtube.com\/watch\" ec-name=\"Youtube-intervju\" rel=\"nofollow noopener\" target=\"_blank\">Youtube-intervju<\/a> med Maguire, gjort av tidligere Manchester United-spiller Rio Ferdinand, som n\u00e5 har f\u00e5tt nytt liv etter at Solskj\u00e6r-nyheten kom.<\/p>\n<p>Solskj\u00e6r skal, sammen med Michael Carrick, v\u00e6re den mest aktuelle kandidaten til \u00e5 igjen bli vikarmanager i den engelske storklubben.<\/p>\n<p>Det fire m\u00e5neder gamle intervjuet blir n\u00e5 delt i rekordfart av dem som \u00f8nsker et Solskj\u00e6r-comeback i sjefsstolen p\u00e5 Old Trafford.<\/p>\n<p>\u2013 Vi kunne ikke tro hva som skjedde, sier Maguire om sesongen da Solskj\u00e6r fikk sparken i 2021.<\/p>\n<p><img decoding=\"async\"   src=\"data:image\/gif;base64,R0lGODlhAQABAIAAAAAAAP\/\/\/yH5BAEAAAAALAAAAAABAAEAAAIBRAA7\" loading=\"eager\" alt=\"d\" title=\"Foto: PHIL NOBLE \/ Reuters \/ NTB\"\/><\/p>\n<p class=\"\">ROSER SOLSKJ\u00c6R: Harry Maguire mener United ble gode under nordmannens ledelse.<\/p>\n<p>Foto: PHIL NOBLE \/ Reuters \/ NTB<\/p>\n<p>\u2013 Vi mistet Ole<\/p>\n<p>Klippet har flere hundre tusen visninger de siste d\u00f8gnene og tas som et slags bevis p\u00e5 at Solskj\u00e6r gjorde en bedre jobb enn kritikerne husker.<\/p>\n<p>\u2013 Vi hadde endt p\u00e5 tredjeplass, og s\u00e5 hentet vi inn Jadon Sancho, Raphael Varane og Cristiano Ronaldo p\u00e5 sommeren, Da tenkte vi, \u00abn\u00e5 vinner vi Premier League\u00bb. Men det skjedde ikke, det klikket bare ikke. Og s\u00e5 mistet vi Ole, innleder Maguire.<\/p>\n<p>\u2013 Det var skuffende, for \u00e5 v\u00e6re \u00e6rlig. Han gjorde en utrolig jobb. Jeg kommer nok til \u00e5 snakke mer om Ole n\u00e5r jeg legger opp. M\u00e5ten han satte oss opp p\u00e5 de to f\u00f8rste \u00e5rene er sannsynligvis det beste jeg har f\u00f8lt i et lag. Vi hadde ikke det beste laget, men vi ble trent p\u00e5 en god m\u00e5te, sier han videre. <\/p>\n<p>Se seansen her (med tillatelse fra Rio Ferdinands produksjonsteam):<\/p>\n<p>I et intervju med Rio Ferdinand roser Manchester United-spiller Harry Maguire Ole Gunnar Solskj\u00e6r.<\/p>\n<p>Totalt ledet Solskj\u00e6r United i 109 ligakamper, vant 56 av dem, tapte 24 og noterte en seiersprosent p\u00e5 54,1. <\/p>\n<p>Det gir et snitt p\u00e5 1,81 poeng per Premier League-kamp. Det er kun Jos\u00e9 Mourinho (1,89 poeng per kamp) som har et h\u00f8yere poengsnitt enn kristiansunderen i ligaen i tiden etter Alex Ferguson.<\/p>\n<p>Solskj\u00e6rs United plukket flere ligapoeng i snitt enn Louis van Gaal (1,79), Erik ten Hag (1,72), David Moyes (1,68), Ralf Rangnick (1,54) og Ruben Amorim (1,43).<\/p>\n<p>        Vil Solskj\u00e6r v\u00e6re et rett valg av United n\u00e5?<\/p>\n<p>        Ja<\/p>\n<p>        Nei<\/p>\n<p>      Vis resultat<\/p>\n<p class=\"pin-nrkno-poll__disclaimer\">\n    Denne avstemningen viser ikke hva befolkningen mener om sp\u00f8rsm\u00e5let.<br \/>\n    Resultatet viser hva de som selv har valgt \u00e5 stemme mener,<br \/>\n    og avstemningen har ikke et utvalg som gj\u00f8r den representativ for alle som bor i landet.\n  <\/p>\n<p>\u2013 Ser det i ansiktet hans<\/p>\n<p>Eivind Holth f\u00f8lger Manchester United tett som journalist for Manchester United Supporters Club Scandinavia (MUSCS), verdens st\u00f8rste supporterklubb for Manchester United utenfor Storbritannia.<\/p>\n<p>Holth sier han ikke er overrasket over at en av dagens spillere er s\u00e5 rosende i omtalen av Solskj\u00e6r.<\/p>\n<p>\u2013 Hans st\u00f8rste suksess da han kom i 2018, var nettopp den koblingen han fikk til spillergruppa. Han klarte \u00e5 samle spillergruppa, som var en \u00f8delagt klubb p\u00e5 det tidspunktet. Jeg ser jo i ansiktsuttrykket til Maguire hva det betyr for ham n\u00e5r han sier \u00abvi mistet Ole\u00bb. S\u00e5nn tror jeg flere i garderoben f\u00f8ler det, sier Holth til NRK.<\/p>\n<p>\u2013 N\u00e5 er det ikke s\u00e5 mange igjen. Det er Maguire, Luke Shaw, Diogo Dalot og kaptein Bruno Fernandes som var der og spilte for Solskj\u00e6r. Men jeg er helt sikker p\u00e5 at de vil ta imot Solskj\u00e6r med \u00e5pne armer, legger han til.<\/p>\n<p><img decoding=\"async\"   src=\"data:image\/gif;base64,R0lGODlhAQABAIAAAAAAAP\/\/\/yH5BAEAAAAALAAAAAABAAEAAAIBRAA7\" loading=\"eager\" alt=\"Eivind Holth\" title=\"Foto: Tommy Iversen \/ NRK\"\/><\/p>\n<p class=\"\">SPENT: Eivind Holth f\u00f8lger n\u00f8ye med p\u00e5 utviklingen i Manchester United og trenersituasjonen.<\/p>\n<p>Foto: Tommy Iversen \/ NRK<\/p>\n<p>Men skeptikerne er mange. <\/p>\n<p>Flere eksperter og meningsb\u00e6rere har g\u00e5tt hardt ut og kritisert United for \u00e5 i det hele tatt tenke tanken.<\/p>\n<p>\u2013 Jeg forst\u00e5r ikke dette med Solskj\u00e6r. Jeg gj\u00f8r bare ikke det. Han var der f\u00f8r, f\u00f8rst som midlertidig manager og s\u00e5 permanent, og jeg s\u00e5 ansiktet hans mot slutten der. Han s\u00e5 ut som en mann som hadde gitt opp. Og n\u00e5 ser det ut som de henter ham tilbake. Det gir ingen mening for meg, sier tidligere Liverpool-spiller Jamie Redknapp p\u00e5 Sky Sports.<\/p>\n<p>\u2013 Om det er Solskj\u00e6r som skal lede laget ut sesongen, s\u00e5 tror jeg han vil gj\u00f8re det ganske bra. Om jeg ser han lede Manchester United tilbake til toppen de neste fire-fem \u00e5rene? Sannsynligvis ikke, sier Roy Keane i Sky Sports studio etter <a href=\"https:\/\/www.nrk.no\/sport\/arsenal-liverpool_-martinelli-dyttet-over-bradley_-_-helt-vanvittig-idiotisk-1.17720290\" ec-id=\"pp:article:1.17720290\" ec-name=\"Arsenals 0-0-kamp mot Liverpool torsdag.\" rel=\"nofollow noopener\" target=\"_blank\">Arsenals 0-0-kamp mot Liverpool torsdag.<\/a><\/p>\n<p>Redknapp er imidlertid ikke alene om \u00e5 v\u00e6re i tvil om Solskj\u00e6rs egnethet som United-vikar. <\/p>\n<p>\u2013 Denne Solskj\u00e6r-ansettelsen er vill<\/p>\n<p>Den popul\u00e6re og omdiskuterte Youtuberen Mark Goldbridge er grunnlegger av fan-nettsiden The United Stand og er blitt en enorm stemme i United- og fotballmilj\u00f8et i England. <\/p>\n<p>Han er blitt kjent for sine spissede uttalelser om de r\u00f8de djevlene, har over en million f\u00f8lgere p\u00e5 X og nesten en halv million abonnenter p\u00e5 YouTube.<\/p>\n<p>Goldbridge liker d\u00e5rlig tanken p\u00e5 at den norske 52-\u00e5ringen kommer tilbake.<\/p>\n<p>\u2013 Denne Solskj\u00e6r-ansettelsen er vill n\u00e5r man tenker p\u00e5 det. Han ble sparket av en grunn. Halvparten av fansen vil ikke at det skal skje. De fleste pressefolk synes det er pinlig. Noen av disse spillerne sparket ham. Det er umulig \u00e5 komme inn og vinne de f\u00f8rste 8. Det kan g\u00e5 veldig, veldig d\u00e5rlig, skriver han p\u00e5 X.<\/p>\n<p><img decoding=\"async\"   src=\"data:image\/gif;base64,R0lGODlhAQABAIAAAAAAAP\/\/\/yH5BAEAAAAALAAAAAABAAEAAAIBRAA7\" loading=\"eager\" alt=\"\" title=\"Foto: PHIL NOBLE \/ Reuters \/ NTB\"\/><\/p>\n<p class=\"\">TILBAKE? Ole Gunnar Solskj\u00e6r er blant de heteste kandidatene til United-jobben.<\/p>\n<p>Foto: PHIL NOBLE \/ Reuters \/ NTB<\/p>\n<p>Solskj\u00e6r slo tilbake mot p\u00e5stander<\/p>\n<p>Etter sparkingen kom det skriverier i britisk presse om at det var en del spillere som ikke takket Solskj\u00e6r i sosiale medier. Antydningen var at spillergruppa den gangen var glade for \u00e5 bli kvitt ham.<\/p>\n<p>Da han var gjest i NRK-podkasten Bakrommet i 2024, gjorde Solskj\u00e6r det klart at han blir litt oppgitt n\u00e5r han tenker tilbake p\u00e5 det.<\/p>\n<p>\u2013 De fleste som ikke gjorde det, kom og banket p\u00e5 d\u00f8ra mi. De trenger ikke \u00e5 gj\u00f8re noe p\u00e5 sosiale medier, sa Solskj\u00e6r til NRK da.<\/p>\n<p>Solskj\u00e6r slo i podkasten fast at han hadde et godt forhold til de aller fleste spillerne i United. <\/p>\n<p>Det er enn\u00e5 usikkert om United faktisk velger \u00e5 gi Solskj\u00e6r fornyet tillit.<\/p>\n<p>Daily Mail skriver at Michael Carrick, som av flere medier trekkes frem som Solskj\u00e6rs hovedkonkurrent om det ledige managervikariatet, skal v\u00e6re positiv til \u00e5 g\u00e5 inn som en assistent under nordmannen om han ikke f\u00e5r hovedansvaret selv.<\/p>\n<p>Men if\u00f8lge <a href=\"https:\/\/x.com\/SkySportsNews\/status\/2009237273909342428?s=20\" ec-id=\"https:\/\/x.com\/SkySportsNews\/status\/2009237273909342428\" ec-name=\"Sky Sports sine opplysninger\" rel=\"nofollow\">Sky Sports sine opplysninger<\/a> torsdag, skal det v\u00e6re \u00abusannsynlig\u00bb at klubben velger en l\u00f8sning der Carrick og Solskj\u00e6r samarbeider. N\u00e5 ligger det an til at United velger \u00e5 g\u00e5 for \u00e9n av dem.<\/p>\n<p>NRK-ekspert Kristoffer L\u00f8kberg skj\u00f8nner godt hvorfor kristiansunderen kan v\u00e6re et aktuelt valg for r\u00f8dtr\u00f8yene n\u00e5.<\/p>\n<p>\u2013 Jeg tror det er en trygg og god ansettelse n\u00e5r situasjonen er som den er. Det er en erkjennelse av hvor de st\u00e5r, og kj\u00f8per styre og stell tid til \u00e5 stake ut en retning som blir avgj\u00f8rende for den langsiktige treneransettelsen som m\u00e5 v\u00e6re klar til oppkj\u00f8ringen f\u00f8r neste sesong, mener han.<\/p>\n<p>\u2013 Solskj\u00e6r har tidligere vist evnene til \u00e5 skape en opptur umiddelbart, og United kan fremdeles komme seg til Europa neste \u00e5r med en god avslutning p\u00e5 sesongen, legger L\u00f8kberg til.<\/p>\n<p>I skrivende stund ligger Manchester United p\u00e5 syvendeplass i Premier League, to poeng bak Liverpool p\u00e5 fjerdeplass. Topp fire gir som kjent billett til Mesterligaen.<\/p>\n<p>Publisert<\/p>\n<p>09.01.2026, kl. 08.14<\/p>\n","protected":false},"excerpt":{"rendered":"Det er et Youtube-intervju med Maguire, gjort av tidligere Manchester United-spiller Rio Ferdinand, som n\u00e5 har f\u00e5tt nytt&hellip;\n","protected":false},"author":2,"featured_media":132741,"comment_status":"","ping_status":"","sticky":false,"template":"","format":"standard","meta":{"footnotes":""},"categories":[5],"tags":[20,21,24,25,15,19,22,23,17,18,13,30,28,29,14,16,26,27],"class_list":{"0":"post-132740","1":"post","2":"type-post","3":"status-publish","4":"format-standard","5":"has-post-thumbnail","7":"category-overskrifter","8":"tag-breaking-news","9":"tag-breakingnews","10":"tag-featured-news","11":"tag-featurednews","12":"tag-headlines","13":"tag-hovedoppslag","14":"tag-latest-news","15":"tag-latestnews","16":"tag-main-news","17":"tag-mainnews","18":"tag-news","19":"tag-no","20":"tag-norge","21":"tag-norway","22":"tag-nyheter","23":"tag-overskrifter","24":"tag-top-stories","25":"tag-topstories"},"share_on_mastodon":{"url":"https:\/\/pubeurope.com\/@no\/115864004505702152","error":""},"_links":{"self":[{"href":"https:\/\/www.europesays.com\/no\/wp-json\/wp\/v2\/posts\/132740","targetHints":{"allow":["GET"]}}],"collection":[{"href":"https:\/\/www.europesays.com\/no\/wp-json\/wp\/v2\/posts"}],"about":[{"href":"https:\/\/www.europesays.com\/no\/wp-json\/wp\/v2\/types\/post"}],"author":[{"embeddable":true,"href":"https:\/\/www.europesays.com\/no\/wp-json\/wp\/v2\/users\/2"}],"replies":[{"embeddable":true,"href":"https:\/\/www.europesays.com\/no\/wp-json\/wp\/v2\/comments?post=132740"}],"version-history":[{"count":0,"href":"https:\/\/www.europesays.com\/no\/wp-json\/wp\/v2\/posts\/132740\/revisions"}],"wp:featuredmedia":[{"embeddable":true,"href":"https:\/\/www.europesays.com\/no\/wp-json\/wp\/v2\/media\/132741"}],"wp:attachment":[{"href":"https:\/\/www.europesays.com\/no\/wp-json\/wp\/v2\/media?parent=132740"}],"wp:term":[{"taxonomy":"category","embeddable":true,"href":"https:\/\/www.europesays.com\/no\/wp-json\/wp\/v2\/categories?post=132740"},{"taxonomy":"post_tag","embeddable":true,"href":"https:\/\/www.europesays.com\/no\/wp-json\/wp\/v2\/tags?post=132740"}],"curies":[{"name":"wp","href":"https:\/\/api.w.org\/{rel}","templated":true}]}}