{"id":132742,"date":"2026-01-09T07:39:09","date_gmt":"2026-01-09T07:39:09","guid":{"rendered":"https:\/\/www.europesays.com\/no\/132742\/"},"modified":"2026-01-09T07:39:09","modified_gmt":"2026-01-09T07:39:09","slug":"gabriel-martinelli-beklager-oppforsel-mot-liverpool","status":"publish","type":"post","link":"https:\/\/www.europesays.com\/no\/132742\/","title":{"rendered":"Gabriel Martinelli beklager oppf\u00f8rsel mot Liverpool"},"content":{"rendered":"\n<p class=\"_lead_o9xde_2 _lead_xtcu6_50 layout-component text-serif-m layout-normal text-serif-l layout-component layout-wide layout-padded _wide_17hqh_1 layout-padded\">Martinelli har v\u00e6rt i hardt v\u00e6r etter toppkampen mot Liverpool. N\u00e5 ber han om unnskyldning.<\/p>\n<p> <img class=\"_image_qp4xg_65 layout-component layout-wide\" data-fullscreen- data-track-element-type=\"Article image fullscreen\" data-track-name=\"ImageFullscreen\" fetchpriority=\"high\" decoding=\"sync\" loading=\"eager\" height=\"102\" itemprop=\"image\"  src=\"https:\/\/www.europesays.com\/no\/wp-content\/uploads\/2026\/01\/7729d242a0360b1c40a2f0c4c6667c64.jpg\"  style=\"object-position:50% 50%;aspect-ratio:1.75;height:auto;object-fit:cover;width:100%\" width=\"102\"\/>  <\/p>\n<ul aria-hidden=\"true\" class=\"_images_ntbth_112\">\n<li><a class=\"_link_ntbth_117\" href=\"https:\/\/www.vg.no\/forfatter\/eline-rustad-oestmoe\" style=\"z-index:1\" title=\"Eline Rustad \u00d8stmoe\" rel=\"nofollow noopener\" target=\"_blank\"><img alt=\"Bilde av Eline Rustad \u00d8stmoe\" class=\"_image_ntbth_93\" fetchpriority=\"low\" loading=\"lazy\" decoding=\"async\" itemprop=\"image\"  src=\"https:\/\/www.europesays.com\/no\/wp-content\/uploads\/2026\/01\/1767944348_791_3bf80b5d-24fb-4d03-bfe4-7dc57ed1aea3.png\"  width=\"480\"\/><\/a><\/li>\n<\/ul>\n<p> Oppdatert fredag 9. januar kl. 08:31    <\/p>\n<ul class=\"_list_o9xde_3 _list_64s2r_85 _unordered_o9xde_106 text-sans-m\">\n<li class=\"_item_o9xde_30\">Gabriel Martinelli ber om unnskyldning etter at han dyttet Conor Bradley, som var skadet.<\/li>\n<li class=\"_item_o9xde_30\">Martinelli skriver p\u00e5 Instagram at han ikke skj\u00f8nte at Liverpool- spilleren var skadet i kampens hete.<\/li>\n<li class=\"_item_o9xde_30\">Flere eksperter reagerer p\u00e5 Martinellis oppf\u00f8rsel og kaller det \u00abskammelig\u00bb og \u00abidiotisk\u00bb.<\/li>\n<li class=\"_item_o9xde_30\">Hendelsen endte med gult kort til b\u00e5de Martinelli og Liverpools Ibrahima Konate.<\/li>\n<\/ul>\n<p>Vis mer <\/p>\n<p class=\"_paragraph_o9xde_4 _paragraph_xtcu6_10 layout-component text-serif-m layout-normal text-serif-m layout-padded\">\u2013 Jeg er veldig lei meg for hvordan jeg reagerte, skriver Gabriel Martinelli i en historie p\u00e5 Instagram. <\/p>\n<p class=\"_paragraph_o9xde_4 _paragraph_xtcu6_10 layout-component text-serif-m layout-normal text-serif-m layout-padded\">Det var p\u00e5 <a href=\"https:\/\/www.vg.no\/sport\/i\/rrgp7w\/oedegaard-byttet-ut-arsenal-slapp-med-skrekken\" data-track-element-type=\"Link\" data-track-id=\"link:rrgp7w\" class=\"_link_o9xde_39\" rel=\"nofollow noopener\" target=\"_blank\">overtid i oppgj\u00f8ret mot Liverpool <\/a><a href=\"https:\/\/www.vg.no\/tag\/arsenal?utm_source=vg-article&amp;utm_medium=auto-tagger&amp;utm_campaign=wreEGo\" class=\"_link_o9xde_39\" rel=\"nofollow noopener\" target=\"_blank\">Arsenals<\/a> Gabriel Martinelli gjorde seg upopul\u00e6r. <\/p>\n<p class=\"_paragraph_o9xde_4 _paragraph_xtcu6_10 layout-component text-serif-m layout-normal text-serif-m layout-padded\">Liverpool-spiller Conor Bradley skadet seg og ble liggende. Martinelli var borte og dyttet og sparket p\u00e5 Liverpool-spilleren som tydelig hadde vondt. Antagelig for \u00e5 f\u00e5 Bradley ut av banen. Bradley m\u00e5tte etter hvert ut p\u00e5 b\u00e5re.<\/p>\n<p class=\"_paragraph_o9xde_4 _paragraph_xtcu6_10 layout-component text-serif-m layout-normal text-serif-m layout-padded\">N\u00e5 beklager brasilianeren p\u00e5 Instagram:<\/p>\n<p><img alt=\"Skjermdump Instagram: gabriel.martinelli\" class=\"_image_qp4xg_65 layout-component layout-normal\" data-fullscreen- data-track-element-type=\"Article image fullscreen\" data-track-name=\"ImageFullscreen\" decoding=\"async\" loading=\"lazy\" height=\"2796\" itemprop=\"image\"  src=\"https:\/\/www.europesays.com\/no\/wp-content\/uploads\/2026\/01\/0a4223a3-0dd4-40d3-8ba9-4c44f73dda44.png\"  style=\"object-position:0% 0%\" width=\"1290\"\/>Skjermdump Instagram: gabriel.martinelli<\/p>\n<p class=\"_paragraph_o9xde_4 _paragraph_xtcu6_10 layout-component text-serif-m layout-normal text-serif-m layout-padded\">Martinelli skriver at han allerede har sendt melding og bedt Liverpool-spilleren om unnskyldning.<\/p>\n<p class=\"_paragraph_o9xde_4 _paragraph_xtcu6_10 layout-component text-serif-m layout-normal text-serif-m layout-padded\">\u2013 I kampens hete skj\u00f8nte jeg virkelig ikke at han var skadet, skriver han videre.<\/p>\n<p class=\"_paragraph_o9xde_4 _paragraph_xtcu6_10 layout-component text-serif-m layout-normal text-serif-m layout-padded\">Brasilianeren avslutter med \u00e5 \u00f8nske god bedring. <\/p>\n<p><img alt=\"Foto: John Walton \/ Pa Photos \/ NTB\" class=\"_image_qp4xg_65 layout-component layout-normal\" data-fullscreen- data-track-element-type=\"Article image fullscreen\" data-track-name=\"ImageFullscreen\" decoding=\"async\" loading=\"lazy\" height=\"2583\" itemprop=\"image\"  src=\"https:\/\/www.europesays.com\/no\/wp-content\/uploads\/2026\/01\/bc3630a2-b74d-41d7-9c71-00999f39c1d4.png\"  style=\"object-position:0% 0%\" width=\"3604\"\/>Foto: John Walton \/ Pa Photos \/ NTB<\/p>\n<p class=\"_paragraph_o9xde_4 _paragraph_xtcu6_10 layout-component text-serif-m layout-normal text-serif-m layout-padded\">Situasjonen har f\u00e5tt flere til \u00e5 reagere. <\/p>\n<p class=\"_paragraph_o9xde_4 _paragraph_xtcu6_10 layout-component text-serif-m layout-normal text-serif-m layout-padded\">\u2013 Vanvittig idiotisk gjort, mente Viaplay-ekspert Nils Johan Semb etter kampen.<\/p>\n<p class=\"_paragraph_o9xde_4 _paragraph_xtcu6_10 layout-component text-serif-m layout-normal text-serif-m layout-padded\">Tidligere Liverpool-spiller Daniel Sturridge kalte oppf\u00f8rselen \u00abskuffende\u00bb i Sky Sports sitt studio. <\/p>\n<p class=\"_paragraph_o9xde_4 _paragraph_xtcu6_10 layout-component text-serif-m layout-normal text-serif-m layout-padded\">\u2013 Det er verre enn respektl\u00f8st, sa han videre.<\/p>\n<p class=\"_paragraph_o9xde_4 _paragraph_xtcu6_10 layout-component text-serif-m layout-normal text-serif-m layout-padded\">\u2013 Absolutt skammelig, sa Peter Schmeichel i Viaplay-sendingen. Den tidligere Manchester United og City-keeperen mener at brasilianeren b\u00f8r bli straffet.<\/p>\n<p class=\"_paragraph_o9xde_4 _paragraph_xtcu6_10 layout-component text-serif-m layout-normal text-serif-m layout-padded\">Det er ikke kjent hvordan det engelske forbundet stiller seg til hendelsen.<\/p>\n<p class=\"_paragraph_o9xde_4 _paragraph_xtcu6_10 layout-component text-serif-m layout-normal text-serif-m layout-padded\">\u2013 Du kan ikke bare dytte ham ut av banen! Det der g\u00e5r ikke. Det er s\u00e5 svakt. Jeg mener det b\u00f8r komme en unnskyldning. Bradley b\u00e6res ut p\u00e5 b\u00e5re. Jeg er rett og slett rasende p\u00e5 Martinelli. Skammelig, f\u00f8lger Sky Sports Gary Neville opp.<\/p>\n<p class=\"_paragraph_o9xde_4 _paragraph_xtcu6_10 layout-component text-serif-m layout-normal text-serif-m layout-padded\">Situasjonen endte med gult kort til b\u00e5de Martinelli og Liverpools Ibrahima Konate. <\/p>\n","protected":false},"excerpt":{"rendered":"Martinelli har v\u00e6rt i hardt v\u00e6r etter toppkampen mot Liverpool. N\u00e5 ber han om unnskyldning. Oppdatert fredag 9.&hellip;\n","protected":false},"author":2,"featured_media":132743,"comment_status":"","ping_status":"","sticky":false,"template":"","format":"standard","meta":{"footnotes":""},"categories":[59],"tags":[328,15345,7411,114,11527,30,28,29,161,83,82],"class_list":{"0":"post-132742","1":"post","2":"type-post","3":"status-publish","4":"format-standard","5":"has-post-thumbnail","7":"category-sport","8":"tag-arsenal","9":"tag-daniel-sturridge","10":"tag-gary-neville","11":"tag-liverpool-fc","12":"tag-nils-johan-semb","13":"tag-no","14":"tag-norge","15":"tag-norway","16":"tag-premier-league","17":"tag-sport","18":"tag-sports"},"share_on_mastodon":{"url":"https:\/\/pubeurope.com\/@no\/115864008318150591","error":""},"_links":{"self":[{"href":"https:\/\/www.europesays.com\/no\/wp-json\/wp\/v2\/posts\/132742","targetHints":{"allow":["GET"]}}],"collection":[{"href":"https:\/\/www.europesays.com\/no\/wp-json\/wp\/v2\/posts"}],"about":[{"href":"https:\/\/www.europesays.com\/no\/wp-json\/wp\/v2\/types\/post"}],"author":[{"embeddable":true,"href":"https:\/\/www.europesays.com\/no\/wp-json\/wp\/v2\/users\/2"}],"replies":[{"embeddable":true,"href":"https:\/\/www.europesays.com\/no\/wp-json\/wp\/v2\/comments?post=132742"}],"version-history":[{"count":0,"href":"https:\/\/www.europesays.com\/no\/wp-json\/wp\/v2\/posts\/132742\/revisions"}],"wp:featuredmedia":[{"embeddable":true,"href":"https:\/\/www.europesays.com\/no\/wp-json\/wp\/v2\/media\/132743"}],"wp:attachment":[{"href":"https:\/\/www.europesays.com\/no\/wp-json\/wp\/v2\/media?parent=132742"}],"wp:term":[{"taxonomy":"category","embeddable":true,"href":"https:\/\/www.europesays.com\/no\/wp-json\/wp\/v2\/categories?post=132742"},{"taxonomy":"post_tag","embeddable":true,"href":"https:\/\/www.europesays.com\/no\/wp-json\/wp\/v2\/tags?post=132742"}],"curies":[{"name":"wp","href":"https:\/\/api.w.org\/{rel}","templated":true}]}}