{"id":132744,"date":"2026-01-09T07:43:12","date_gmt":"2026-01-09T07:43:12","guid":{"rendered":"https:\/\/www.europesays.com\/no\/132744\/"},"modified":"2026-01-09T07:43:12","modified_gmt":"2026-01-09T07:43:12","slug":"det-er-en-fare-for-trump","status":"publish","type":"post","link":"https:\/\/www.europesays.com\/no\/132744\/","title":{"rendered":"\u2013 Det er en fare for Trump"},"content":{"rendered":"<p>    Presidentens internasjonale fokus kan skape problemer for republikanerne.<\/p>\n<p>\n        USAs president Donald Trump har brukt mye tid p\u00e5 internasjonale sp\u00f8rsm\u00e5l i det siste.<br \/>\n        Jonathan Ernst \/ Reuters\n    <\/p>\n<p>Det sier Hilmar Mjelde til ABC Nyheter.<\/p>\n<p> Natt til l\u00f8rdag ble Venezuelas president Nicol\u00e1s Maduro <a href=\"https:\/\/www.abcnyheter.no\/nyheter\/trump-maduro-og-kona-er-pa-et-amerikansk-krigsskip\/1359205\" target=\"_blank\" rel=\"nofollow noopener\">bortf\u00f8rt av amerikanske spesialsoldater<\/a>. Maduro ble fraktet til New York. Der <a href=\"https:\/\/www.abcnyheter.no\/nyheter\/maduro-erklaerte-seg-ikke-skyldig-jeg-er-en-krigsfange\/1361856\" target=\"_blank\" rel=\"nofollow noopener\">m\u00f8tte han i retten<\/a> p\u00e5 mandag. <\/p>\n<p>                <img decoding=\"async\" src=\"https:\/\/www.europesays.com\/no\/wp-content\/uploads\/2026\/01\/1130444.webp.jpeg\" width=\"480\" height=\"274\" title=\"Professor i statsvitenskap ved H\u00f8gskulen p\u00e5 Vestlandet, Hilmar Mjelde.\" alt=\"Professor i statsvitenskap ved H\u00f8gskulen p\u00e5 Vestlandet, Hilmar Mjelde\" loading=\"lazy\" style=\"\"\/><\/p>\n<p>\n            Professor i statsvitenskap ved H\u00f8gskulen p\u00e5 Vestlandet, Hilmar Mjelde.<br \/>\n            H\u00f8gskulen p\u00e5 Vestlandet\n        <\/p>\n<p>Akkurat n\u00e5 er aksjonen en vinnersak for Donald Trump, mener USA-ekspert Mjelde.\u00a0<\/p>\n<p>Han sier samtidig at det fort kan endre seg.<\/p>\n<p class=\"font-weight-bold m-font-weight-bold\" data-lab-font_weight=\"font-weight-bold\"> \u2013 Det er en fare for Trump at aksjonen bekrefter inntrykket av en president som er mest opptatt av utenrikspolitikk, heller enn hverdagen til folk flest, sier Mjelde.<\/p>\n<p>Mellomvalg i november<\/p>\n<p>Til h\u00f8sten skal kartet i Representantenes hus og Senatet tegnes p\u00e5 nytt. Republikanerne har i dag flertallet i begge de to kamrene.<\/p>\n<p>Det \u00f8nsker Demokratene \u00e5 gj\u00f8re noe med.<\/p>\n<p>                <img decoding=\"async\" src=\"https:\/\/www.europesays.com\/no\/wp-content\/uploads\/2026\/01\/1366787.webp.jpeg\" width=\"480\" height=\"274\" title=\"I Representantenes hus er alle de 435 representantene p\u00e5 valg.\" alt=\"\" loading=\"lazy\" style=\"\"\/><\/p>\n<p>\n            I Representantenes hus er alle de 435 representantene p\u00e5 valg.<br \/>\n            J. Scott Applewhite \/ AP \/ NTB\n        <\/p>\n<p>De kan f\u00e5 vind i seilene hvis flere amerikanere begynner \u00e5 mene at Trump er mer opptatt av verden utenfor landets grenser enn innenfor.<\/p>\n<p> \u2013\u00a0I s\u00e5 fall vil Demokratene tjene p\u00e5 \u00e5 v\u00e6re partiet som snakker om amerikansk \u00f8konomi og vanlige folks hverdag.<\/p>\n<p>\u2013 Det er alltid popul\u00e6rt<\/p>\n<p>        <a itemprop=\"url\" class=\"\" href=\"https:\/\/www.abcnyheter.no\/nyheter\/elitestyrkene-som-bortforte-nicolas-maduro\/1361640\" data-k5a-url=\"https:\/\/www.abcnyheter.no\/a\/1361640\" rel=\"nofollow noopener\" target=\"_blank\"><\/p>\n<p>            Elitestyrkene som bortf\u00f8rte Maduro<\/p>\n<p itemprop=\"section\" class=\"section\" data-tag=\"nyheter\">nyheter<\/p>\n<p>        <\/a><\/p>\n<p>I en unders\u00f8kelse Ipsos har gjennomf\u00f8rt for nyhetsbyr\u00e5et Reuters, g\u00e5r Trumps samlede popularitet opp fra 39 til 42 prosent.<\/p>\n<p>Unders\u00f8kelsen er tatt opp s\u00f8ndag og mandag, alts\u00e5 etter Venezuela-aksjonen.<\/p>\n<p class=\"font-weight-bold m-font-weight-bold\" data-lab-font_weight=\"font-weight-bold\">\u2013 Det er alltid politisk popul\u00e6rt \u00e5 ta en \u00abbad guy\u00bb. Aksjonen demonstrerte det amerikanske milit\u00e6rets profesjonalitet og spisskompetanse, og det kan Trump sole seg i glansen av, fortsetter Mjelde.<\/p>\n<p>St\u00f8tten til angrepet er st\u00f8rst blant republikanerne som har svart. 65 prosent av dem sier <a href=\"https:\/\/www.abcnyheter.no\/nyheter\/kun-en-av-tre-amerikanere-stotter-angrepet-mot-venezuela\/1361952\" target=\"_blank\" rel=\"nofollow noopener\">de st\u00f8tter aksjonen<\/a>.<\/p>\n<p>11 prosent av demokrater og 23 prosent av de uavhengige st\u00f8tter Venezuela-aksjonen.<\/p>\n<p>                <img decoding=\"async\" src=\"https:\/\/www.europesays.com\/no\/wp-content\/uploads\/2026\/01\/1366898.webp.jpeg\" width=\"480\" height=\"274\" title=\"En rettstegning av Nicol\u00e1s Maduro og kona Cilia Flores.\" alt=\"\" loading=\"lazy\" style=\"\"\/><\/p>\n<p>\n            En rettstegning av Nicol\u00e1s Maduro og kona Cilia Flores.<br \/>\n            Tegning av Jane Rosenberg\n        <\/p>\n<p>Noen effekt av angrepet i seg selv, tror ikke Mjelde p\u00e5. Til det ligger mellomvalget for langt frem i tid, mener USA-eksperten.<\/p>\n<p data-lab-font_weight=\"\">\u2013 Hvis Maduro-regimet fortsetter ved makten, bare uten ham, og det ikke bryter ut kaos i Venezuela, vil Venezuela som tema forsvinne ut av nyhetsbildet ganske fort.<\/p>\n<p>Utenriks betyr lite<\/p>\n<p> Generelt\u00a0betyr utenrikspolitikk lite i amerikanske valg, forteller Mjelde.<\/p>\n<p class=\"font-weight-bold m-font-weight-bold\" data-lab-font_weight=\"font-weight-bold\">\u2013 Med mindre amerikanske soldater blir drept og USA ydmykes i utlandet.<\/p>\n<p>Presidentvalget i 1992 er et eksempel.<\/p>\n<p>\u2013 President George H. W. Bushs popularitet var skyh\u00f8y etter den f\u00f8rste Gulfkrigen, og \u00aballe\u00bb trodde han var usl\u00e5elig, sier Mjelde.\u00a0<\/p>\n<p class=\"font-weight-bold m-font-weight-bold\" data-lab-font_weight=\"font-weight-bold\">\u2013 Men velgerne vendte raskt fokuset sitt tilbake til innenrikspolitikken og de \u00f8konomiske nedgangstidene.<\/p>\n<p>En fersk m\u00e5ling utf\u00f8rt for nyhetsbyr\u00e5et Associated Press, viser at amerikanere flest mener president Trump b\u00f8r fokusere p\u00e5 innenrikssaker det kommende \u00e5ret.<\/p>\n<p>\u2013 Ville bli en kjempekrise<\/p>\n<p>Det gikk ikke lang tid etter Venezuela-aksjonen f\u00f8r Trump <a href=\"https:\/\/www.abcnyheter.no\/nyheter\/trump-vi-trenger-gronland\/1360655\" target=\"_blank\" rel=\"nofollow noopener\">igjen s\u00e5 mot Gr\u00f8nland<\/a>.<\/p>\n<p>Det har <a href=\"https:\/\/www.abcnyheter.no\/nyheter\/store-om-gronland-krisen-skaper-stor-usikkerhet\/1363702\" target=\"_blank\" rel=\"nofollow noopener\">skapt stor usikkerhet i Europa<\/a>.<\/p>\n<p>                <img decoding=\"async\" src=\"https:\/\/www.europesays.com\/no\/wp-content\/uploads\/2026\/01\/1366900.webp.jpeg\" width=\"480\" height=\"274\" title=\"Donald Trump har lyst p\u00e5 Gr\u00f8nland.\" alt=\"\" loading=\"lazy\" style=\"\"\/><\/p>\n<p>\n            Donald Trump har lyst p\u00e5 Gr\u00f8nland.<br \/>\n            Evgeniy Maloletka \/ AP \/ NTB\n        <\/p>\n<p>Hvis USA skulle invadere Gr\u00f8nland, vil USA st\u00e5 i en helt ny situasjon, sier Mjelde.<\/p>\n<p>\u2013 Det ville bli en kjempekrise i USA, men kongressvalg handler likevel mest om innenrikspolitikk, sier professoren.<\/p>\n<p class=\"font-weight-bold m-font-weight-bold\" data-lab-font_weight=\"font-weight-bold\">\u2013 Effekten av en Gr\u00f8nland-invasjon ville v\u00e6re \u00e5 gi Demokratene enda mer medvind i kongressvalgkampen.<\/p>\n","protected":false},"excerpt":{"rendered":"Presidentens internasjonale fokus kan skape problemer for republikanerne. USAs president Donald Trump har brukt mye tid p\u00e5 internasjonale&hellip;\n","protected":false},"author":2,"featured_media":132745,"comment_status":"","ping_status":"","sticky":false,"template":"","format":"standard","meta":{"footnotes":""},"categories":[12],"tags":[20,21,24,25,15,22,23,13,30,28,29,14,16,26,27,42,43,44,45],"class_list":{"0":"post-132744","1":"post","2":"type-post","3":"status-publish","4":"format-standard","5":"has-post-thumbnail","7":"category-verden","8":"tag-breaking-news","9":"tag-breakingnews","10":"tag-featured-news","11":"tag-featurednews","12":"tag-headlines","13":"tag-latest-news","14":"tag-latestnews","15":"tag-news","16":"tag-no","17":"tag-norge","18":"tag-norway","19":"tag-nyheter","20":"tag-overskrifter","21":"tag-top-stories","22":"tag-topstories","23":"tag-verden","24":"tag-world","25":"tag-world-news","26":"tag-worldnews"},"share_on_mastodon":{"url":"https:\/\/pubeurope.com\/@no\/115864024265307495","error":""},"_links":{"self":[{"href":"https:\/\/www.europesays.com\/no\/wp-json\/wp\/v2\/posts\/132744","targetHints":{"allow":["GET"]}}],"collection":[{"href":"https:\/\/www.europesays.com\/no\/wp-json\/wp\/v2\/posts"}],"about":[{"href":"https:\/\/www.europesays.com\/no\/wp-json\/wp\/v2\/types\/post"}],"author":[{"embeddable":true,"href":"https:\/\/www.europesays.com\/no\/wp-json\/wp\/v2\/users\/2"}],"replies":[{"embeddable":true,"href":"https:\/\/www.europesays.com\/no\/wp-json\/wp\/v2\/comments?post=132744"}],"version-history":[{"count":0,"href":"https:\/\/www.europesays.com\/no\/wp-json\/wp\/v2\/posts\/132744\/revisions"}],"wp:featuredmedia":[{"embeddable":true,"href":"https:\/\/www.europesays.com\/no\/wp-json\/wp\/v2\/media\/132745"}],"wp:attachment":[{"href":"https:\/\/www.europesays.com\/no\/wp-json\/wp\/v2\/media?parent=132744"}],"wp:term":[{"taxonomy":"category","embeddable":true,"href":"https:\/\/www.europesays.com\/no\/wp-json\/wp\/v2\/categories?post=132744"},{"taxonomy":"post_tag","embeddable":true,"href":"https:\/\/www.europesays.com\/no\/wp-json\/wp\/v2\/tags?post=132744"}],"curies":[{"name":"wp","href":"https:\/\/api.w.org\/{rel}","templated":true}]}}