{"id":132746,"date":"2026-01-09T07:44:09","date_gmt":"2026-01-09T07:44:09","guid":{"rendered":"https:\/\/www.europesays.com\/no\/132746\/"},"modified":"2026-01-09T07:44:09","modified_gmt":"2026-01-09T07:44:09","slug":"marte-bratberg-og-niklas-silseth-baarli-leder-utdelingen","status":"publish","type":"post","link":"https:\/\/www.europesays.com\/no\/132746\/","title":{"rendered":"Marte Bratberg og Niklas Silseth Baarli leder utdelingen"},"content":{"rendered":"\n<p class=\"_lead_o9xde_2 _lead_xtcu6_50 layout-component text-serif-m layout-normal text-serif-l layout-component layout-wide layout-padded _wide_17hqh_1 layout-padded\">Marte Bratberg (36) og Niklas Silseth Baarli (36) leder showet n\u00e5r Norges beste influencere skal k\u00e5res.<\/p>\n<p><img alt=\"Bratberg og Baarli leder radioprogrammet \u00abNRJ Morgen\u00bb. N\u00e5 skal de dele ut priser til landets influencere. Foto: Tore Kristiansen \/ Naina Hel\u00e9n J\u00e5ma \/ VG\" class=\"_image_qp4xg_65 layout-component layout-wide\" data-fullscreen- data-track-element-type=\"Article image fullscreen\" data-track-name=\"ImageFullscreen\" fetchpriority=\"high\" decoding=\"sync\" loading=\"eager\" height=\"1668\" itemprop=\"image\"  src=\"https:\/\/www.europesays.com\/no\/wp-content\/uploads\/2026\/01\/c109ccbb-3e82-4db0-ac25-0557a4a87725.png\"  style=\"object-position:48.22% 43.67505995203837%\" width=\"2500\"\/>Bratberg og Baarli leder radioprogrammet \u00abNRJ Morgen\u00bb. N\u00e5 skal de dele ut priser til landets influencere. Foto: Tore Kristiansen \/ Naina Hel\u00e9n J\u00e5ma \/ VG<\/p>\n<ul aria-hidden=\"true\" class=\"_images_ntbth_112\">\n<li><a class=\"_link_ntbth_117\" href=\"https:\/\/www.vg.no\/forfatter\/bastian-lunde-hvitmyhr\" style=\"z-index:2\" title=\"Bastian Lunde Hvitmyhr\" rel=\"nofollow noopener\" target=\"_blank\"><img alt=\"Bilde av Bastian Lunde Hvitmyhr\" class=\"_image_ntbth_93\" fetchpriority=\"low\" loading=\"lazy\" decoding=\"async\" itemprop=\"image\"  src=\"https:\/\/www.europesays.com\/no\/wp-content\/uploads\/2026\/01\/1767944648_96_150baf2c-85af-47f9-b506-d8189e6820a4.jpeg\"  width=\"480\"\/><\/a><\/li>\n<li><a class=\"_link_ntbth_117\" href=\"https:\/\/www.vg.no\/forfatter\/hanne-kretuz-hansen\" style=\"z-index:1\" title=\"Hanne Kreutz-Hansen\" rel=\"nofollow noopener\" target=\"_blank\"><img alt=\"Bilde av Hanne Kreutz-Hansen\" class=\"_image_ntbth_93\" fetchpriority=\"low\" loading=\"lazy\" decoding=\"async\" itemprop=\"image\"  src=\"https:\/\/www.europesays.com\/no\/wp-content\/uploads\/2026\/01\/1767944648_49_91499188-43f5-43fa-b038-5716eac94ffb.jpeg\"  width=\"480\"\/><\/a><\/li>\n<\/ul>\n<p> Oppdatert fredag 9. januar kl. 08:15    <\/p>\n<ul class=\"_list_o9xde_3 _list_64s2r_85 _unordered_o9xde_106 text-sans-m\">\n<li class=\"_item_o9xde_30\">Marte Bratberg (36) og Niklas Silseth Baarli (36) skal lede Vixen Awards 2026.<\/li>\n<li class=\"_item_o9xde_30\">Bratberg og Baarli leder til vanlig radioprogrammet \u00abNRJ Morgen\u00bb sammen.<\/li>\n<li class=\"_item_o9xde_30\">VG sender utdelingen og r\u00f8de l\u00f8peren eksklusivt.<\/li>\n<li class=\"_item_o9xde_30\">VGs lesere har stemt frem \u00e5rets Folkets favoritt.<\/li>\n<li class=\"_item_o9xde_30\">Utdelingen finner sted 23. januar p\u00e5 Radisson Blu Plaza i Oslo.<\/li>\n<\/ul>\n<p>Vis mer <\/p>\n<p class=\"_paragraph_o9xde_4 _paragraph_xtcu6_10 layout-component text-serif-m layout-normal text-serif-m layout-padded\">\u2013 Det er en \u00e6re og skikkelig kult at vi i NRJ Morgen f\u00e5r v\u00e6re konferansierer p\u00e5 Vixen Awards 2025, sier Niklas Silseth Baarli og <a href=\"https:\/\/www.vg.no\/tag\/marte-bratberg?utm_source=vg-article&amp;utm_medium=auto-tagger&amp;utm_campaign=V6qlJ4\" class=\"_link_o9xde_39\" rel=\"nofollow noopener\" target=\"_blank\">Marte Bratberg<\/a> til VG.<\/p>\n<p class=\"_paragraph_o9xde_4 _paragraph_xtcu6_10 layout-component text-serif-m layout-normal text-serif-m layout-padded\">23. januar st\u00e5r de to erfarne programlederne p\u00e5 scenen p\u00e5 Radisson Blu Plaza i Oslo.<\/p>\n<p class=\"_paragraph_o9xde_4 _paragraph_xtcu6_10 layout-component text-serif-m layout-normal text-serif-m layout-padded\">De har jobbet sammen flere ganger, men det er f\u00f8rste gang de leder prisutdelingen sammen. De synes det er ekstra stas siden Vixen Awards har 15 \u00e5rs-jubileum i \u00e5r.<\/p>\n<p class=\"_paragraph_o9xde_4 _paragraph_xtcu6_10 layout-component text-serif-m layout-normal text-serif-m layout-padded\">\u2013 Vixen er gode p\u00e5 show, underholdning og glam, og det er vi ogs\u00e5. Vi gleder oss, dette blir g\u00f8y.<\/p>\n<p class=\"_paragraph_o9xde_4 _paragraph_xtcu6_10 layout-component text-serif-m layout-normal text-serif-m layout-padded\">I 2017 ledet Bratberg utdelingen alene da prisen het \u00abVixen Blog Awards\u00bb.<\/p>\n<p><img alt=\"Marte Bratberg og Vegard Harm ankommer Vixen Blog Awards 2016 i januar 2017.  Foto: Heiko Junge \/ NTB\" class=\"_image_qp4xg_65 layout-component layout-normal\" data-fullscreen- data-track-element-type=\"Article image fullscreen\" data-track-name=\"ImageFullscreen\" decoding=\"async\" loading=\"lazy\" height=\"2268\" itemprop=\"image\"  src=\"https:\/\/www.europesays.com\/no\/wp-content\/uploads\/2026\/01\/7e23da34-0674-4417-ad79-114b740da413.png\"  style=\"object-position:0% 0%\" width=\"3401\"\/>Marte Bratberg og Vegard Harm ankommer Vixen Blog Awards 2016 i januar 2017.  Foto: Heiko Junge \/ NTB<\/p>\n<p class=\"_paragraph_o9xde_4 _paragraph_xtcu6_10 layout-component text-serif-m layout-normal text-serif-m layout-padded\"><strong class=\"_strong_o9xde_25\">VG sender utdelingen eksklusivt, med en direktesending fra den r\u00f8de l\u00f8peren f\u00f8r showet starter.<\/strong><\/p>\n<p class=\"_paragraph_o9xde_4 _paragraph_xtcu6_10 layout-component text-serif-m layout-normal text-serif-m layout-padded\">\u2013 Vi er sv\u00e6rt glade for at den energiske NRJ Morgenduoen blir \u00e5rets konferansierer. Niklas og Marte sprer energi og godt hum\u00f8r hver eneste morgen, og vi ser frem til at de skal lose oss gjennom prisutdelingen, sier Pia Tryland i Vixen.<\/p>\n<p class=\"_paragraph_o9xde_4 _paragraph_xtcu6_10 layout-component text-serif-m layout-normal text-serif-m layout-padded\"><strong class=\"_strong_o9xde_25\">Duoen tar jobben etter at den nysingle influenceren Sebastian Solberg (35)<a href=\"https:\/\/www.vg.no\/rampelys\/i\/5Ew26z\/sebastian-solberg-avsloerer-ny-jobb-etter-bruddet\" data-track-element-type=\"Link\" data-track-id=\"link:5Ew26z\" class=\"_link_o9xde_39\" rel=\"nofollow noopener\" target=\"_blank\"> var programleder for snart ett \u00e5r siden.<\/a><\/strong><\/p>\n<p class=\"_paragraph_o9xde_4 _paragraph_xtcu6_10 layout-component text-serif-m layout-normal text-serif-m layout-padded\">\u2013 Dere ser det ikke, men det sitter en person p\u00e5 huk bak meg og dytter puppene mine opp, skrev hun p\u00e5 Instagram sammen med et bilde hvor hun har dyp utringning. <\/p>\n<p class=\"_paragraph_o9xde_4 _paragraph_xtcu6_10 layout-component text-serif-m layout-normal text-serif-m layout-padded\">Solberg fikk en utfordring med influencer-publikumet for et \u00e5r siden:<\/p>\n<p class=\"_paragraph_o9xde_4 _paragraph_xtcu6_10 layout-component text-serif-m layout-normal text-serif-m layout-padded\">Jurygeneral i Vixen, Camilla Kim Kielland, har flere ganger understrekt at det b\u00f8r f\u00f8les som en seier \u00e5 v\u00e6re finalist i \u00e5rets Vixen Awards.<\/p>\n<p class=\"_paragraph_o9xde_4 _paragraph_xtcu6_10 layout-component text-serif-m layout-normal text-serif-m layout-padded\"><strong class=\"_strong_o9xde_25\">Psst!<\/strong> Se alle finalistene lenger ned i saken!<\/p>\n<p><img decoding=\"async\" alt=\"Bilde av Camilla Kim Kielland\" class=\"_image_ygndg_42\" height=\"53\" itemprop=\"image\" loading=\"lazy\"  src=\"https:\/\/www.europesays.com\/no\/wp-content\/uploads\/2026\/01\/c9d83ddc-3a7d-42a6-89e9-c69ad03e92cf.jpeg\"  width=\"40\"\/><strong class=\"_name_ygndg_51 title-serif-xs\">Camilla Kim Kielland<\/strong><\/p>\n<p class=\"_paragraph_o9xde_4 text-sans-m _description_ygndg_56\">Jurygeneral, Vixen Awards<\/p>\n<p class=\"_paragraph_o9xde_4 _paragraph_xtcu6_10 layout-component text-serif-m layout-normal text-serif-m layout-padded\">\u2013 Om prisene har hengt h\u00f8yt f\u00f8r, s\u00e5 henger de minst like h\u00f8yt i \u00e5r. Samtlige juryer melder om at 2025 leverer en enorm bredde av influencere innenfor omtrent alle kategorier. Det gjelder b\u00e5de blant profesjonelle og \u00absakkyndige\u00bb, men ogs\u00e5 de som ikke har noen formell kompetanse, har Kielland <a href=\"https:\/\/www.vg.no\/rampelys\/i\/JO1E04\/stem-paa-folkets-favoritt-til-vixen-awards-2025\" data-track-element-type=\"Link\" data-track-id=\"link:JO1E04\" class=\"_link_o9xde_39\" rel=\"nofollow noopener\" target=\"_blank\">tidligere sagt til VG.<\/a><\/p>\n<p class=\"_paragraph_o9xde_4 _paragraph_xtcu6_10 layout-component text-serif-m layout-normal text-serif-m layout-padded\">Det er VGs lesere som har stemt frem Folkets favoritt.<\/p>\n<p class=\"_paragraph_o9xde_4 _paragraph_xtcu6_10 layout-component text-serif-m layout-normal text-serif-m layout-padded\"><strong class=\"_strong_o9xde_25\">Hvem som stikker av seieren i de ulike kategoriene kunngj\u00f8res 23. januar.<\/strong><\/p>\n<p>Hver sin reality<\/p>\n<p class=\"_paragraph_o9xde_4 _paragraph_xtcu6_10 layout-component text-serif-m layout-normal text-serif-m layout-padded\">Programleder-duoen har i h\u00f8st deltatt i hver sin reality.<\/p>\n<p class=\"_paragraph_o9xde_4 _paragraph_xtcu6_10 layout-component text-serif-m layout-normal text-serif-m layout-padded\">Baarli vant i desember realityserien \u00abHotellet\u00bb sammen med mannen Benjamin Baarli Silseth (34). Paret\u00a0<a href=\"https:\/\/www.vg.no\/rampelys\/i\/7dV9VV\/niklas-baarli-og-benjamin-silseth-gifter-seg-folk-skal-krabbe-ut-herfra\" data-track-element-type=\"Link\" data-track-id=\"link:7dV9VV\" class=\"_link_o9xde_39\" rel=\"nofollow noopener\" target=\"_blank\">giftet seg<\/a>\u00a0i 2021 etter \u00e5 ha v\u00e6rt kj\u00e6rester i ti \u00e5r. <\/p>\n<p class=\"_paragraph_o9xde_4 _paragraph_xtcu6_10 layout-component text-serif-m layout-normal text-serif-m layout-padded\">De vant 340.000 kroner.<\/p>\n<p>\u2013 N\u00e5 blir det barn, sa de til VG og forklarte at pengene skulle brukes for \u00e5 kunne bli fedre.<\/p>\n<p class=\"_paragraph_o9xde_4 _paragraph_xtcu6_10 layout-component text-serif-m layout-normal layout-padded\"><strong class=\"_strong_o9xde_25\">Les ogs\u00e5:<\/strong> <a href=\"https:\/\/www.vg.no\/i\/RjRxp2\" data-track-element-type=\"Link\" data-track-id=\"link:RjRxp2\" class=\"_link_o9xde_39\" rel=\"nofollow noopener\" target=\"_blank\">Vant \u00abHotellet\u00bb: \u2013 N\u00e5 blir det barn<\/a><\/p>\n<p class=\"_paragraph_o9xde_4 _paragraph_xtcu6_10 layout-component text-serif-m layout-normal text-serif-m layout-padded\">Bratberg var i desember deltager i juleserien \u00abRampenissen\u00bb. Hun har to barn.<\/p>\n<p class=\"_paragraph_o9xde_4 _paragraph_xtcu6_10 layout-component text-serif-m layout-normal text-serif-m layout-padded\">Hun er forlovet med en hemmelig mann. I podkasten \u00abJanka og Martes podkast\u00bb <a href=\"https:\/\/www.vg.no\/rampelys\/i\/K3O0VX\/marte-bratberg-31-derfor-kaller-hun-kjaeresten-leirdua\" data-track-element-type=\"Link\" data-track-id=\"link:K3O0VX\" class=\"_link_o9xde_39\" rel=\"nofollow noopener\" target=\"_blank\">omtaler hun han som \u00abDua\u00bb eller \u00abLeirdua\u00bb.<\/a><\/p>\n<p class=\"_paragraph_o9xde_4 _paragraph_xtcu6_10 layout-component text-serif-m layout-normal text-serif-m layout-padded\"><strong class=\"_strong_o9xde_25\">I tillegg til \u00e5 v\u00e6re kjent som programledere hver for seg har Bratberg og Baarli jobbet sammen i blant annet TV 2-programmet \u00abGod kveld Norge\u00bb.<\/strong><\/p>\n<p class=\"_paragraph_o9xde_4 _paragraph_xtcu6_10 layout-component text-serif-m layout-normal text-serif-m layout-padded\">Begge ble kjente etter \u00e5 ha startet med radio.<\/p>\n<p class=\"_paragraph_o9xde_4 _paragraph_xtcu6_10 layout-component text-serif-m layout-normal text-serif-m layout-padded\">Her er alle finalistene til Vixen Awards 2025:<\/p>\n<p> \u00c5rets influencer: Mote      <\/p>\n<ul class=\"_list_46ozw_24\">\n<li class=\"_nominee_46ozw_28 label-medium\">  Anniken J\u00f8rgensen \u2013 @annijor <\/li>\n<li class=\"_nominee_46ozw_28 label-medium\">  Idunn Vollan \u2013 @idunnvollan <\/li>\n<li class=\"_nominee_46ozw_28 label-medium\">  Nina Sandbech \u2013 @ninasandbech <\/li>\n<li class=\"_nominee_46ozw_28 label-medium\">  Sofie Vollan \u2013 @sofievollan <\/li>\n<li class=\"_nominee_46ozw_28 label-medium\">  Tale Torjussen \u2013 @tale_torjussen <\/li>\n<\/ul>\n<p>   \u00c5rets influencer: Beauty      <\/p>\n<ul class=\"_list_46ozw_24\">\n<li class=\"_nominee_46ozw_28 label-medium\">  Emma Ellingsen \u2013 @emmaellingsenn <\/li>\n<li class=\"_nominee_46ozw_28 label-medium\">  Ida Gl\u00f8theim Rambraut \u2013 @idaglotheim <\/li>\n<li class=\"_nominee_46ozw_28 label-medium\">  Isabella Schack \u2013 @isabellaschack <\/li>\n<li class=\"_nominee_46ozw_28 label-medium\">  Leah Behn \u2013 @leah.behn <\/li>\n<li class=\"_nominee_46ozw_28 label-medium\">  Lene Dahl \u2013 @glowwithlene <\/li>\n<\/ul>\n<p>   \u00c5rets influencer: Mat      <\/p>\n<ul class=\"_list_46ozw_24\">\n<li class=\"_nominee_46ozw_28 label-medium\">  Helle \u00d8rbeck \u2013 @helleorbeck <\/li>\n<li class=\"_nominee_46ozw_28 label-medium\">  Linda Stuhaug \u2013 @lindastuhaug <\/li>\n<li class=\"_nominee_46ozw_28 label-medium\">  Mathea Bj\u00f8rndalen \u2013 @matheaeb <\/li>\n<li class=\"_nominee_46ozw_28 label-medium\">  Ole Sirnes \u2013 @alireza99764 <\/li>\n<li class=\"_nominee_46ozw_28 label-medium\">  Warunee Bolstad \u2013 @namfonfoods <\/li>\n<\/ul>\n<p>   \u00c5rets influencer: Interi\u00f8r, bolig og uterom      <\/p>\n<ul class=\"_list_46ozw_24\">\n<li class=\"_nominee_46ozw_28 label-medium\">  Camilla Bakken \u2013 @camilllaBakken <\/li>\n<li class=\"_nominee_46ozw_28 label-medium\">  Daria Klovholt \u2013 @dariaklovholt <\/li>\n<li class=\"_nominee_46ozw_28 label-medium\">  Interi\u00f8rr\u00e5det \u2013 @interior_raadet <\/li>\n<li class=\"_nominee_46ozw_28 label-medium\">  Maren Baxter \u2013 @marenbaxter <\/li>\n<li class=\"_nominee_46ozw_28 label-medium\">  Renate Lorentzen \u2013 @casachicks <\/li>\n<\/ul>\n<p>   \u00c5rets influencer: Sport og trening      <\/p>\n<ul class=\"_list_46ozw_24\">\n<li class=\"_nominee_46ozw_28 label-medium\">  Camilla Lorentzen \u2013 @camillalor <\/li>\n<li class=\"_nominee_46ozw_28 label-medium\">  Emil Gukild \u2013 @emilgukild <\/li>\n<li class=\"_nominee_46ozw_28 label-medium\">  Iver Anton Kronstad \u2013 @iveranton <\/li>\n<li class=\"_nominee_46ozw_28 label-medium\">  Kasper Kvello \u2013 @styrketreneren <\/li>\n<li class=\"_nominee_46ozw_28 label-medium\">  Pia Seeberg \u2013 @piaseeberg <\/li>\n<\/ul>\n<p>   \u00c5rets influencer: Reise og friluftsliv      <\/p>\n<ul class=\"_list_46ozw_24\">\n<li class=\"_nominee_46ozw_28 label-medium\">  Elias og Kajsa \u2013 @eliasandkajsa <\/li>\n<li class=\"_nominee_46ozw_28 label-medium\">  Helene Myhre \u2013 @helenemoo <\/li>\n<li class=\"_nominee_46ozw_28 label-medium\">  Johanne S. Refseth \u2013 @psykolog.med.sovepose <\/li>\n<li class=\"_nominee_46ozw_28 label-medium\">  Karen Kyllesl\u00f8 \u2013 @friluftsjenta <\/li>\n<li class=\"_nominee_46ozw_28 label-medium\">  Runa Aasheim \u2013 @runaaasheim <\/li>\n<\/ul>\n<p>   \u00c5rets influencer: Livsstil      <\/p>\n<ul class=\"_list_46ozw_24\">\n<li class=\"_nominee_46ozw_28 label-medium\">  Hanna-Martine Sl\u00e5ttland Baller \u2013 @hannamartinee <\/li>\n<li class=\"_nominee_46ozw_28 label-medium\">  Iver Anton Kronstad \u2013 @iveranton <\/li>\n<li class=\"_nominee_46ozw_28 label-medium\">  Jenny Huse \u2013 @jennyhuse1 <\/li>\n<li class=\"_nominee_46ozw_28 label-medium\">  Kasper Kvello \u2013 @styrketreneren <\/li>\n<li class=\"_nominee_46ozw_28 label-medium\">  Pia Hasund Vareberg \u2013 @pia_hasund_vareberg <\/li>\n<\/ul>\n<p>   \u00c5rets influencer: Underholdning      <\/p>\n<ul class=\"_list_46ozw_24\">\n<li class=\"_nominee_46ozw_28 label-medium\">  Handicrapcrew \u2013 @handicrapcrew <\/li>\n<li class=\"_nominee_46ozw_28 label-medium\">  Henrik Schatvet \u2013 @henrikschatvet <\/li>\n<li class=\"_nominee_46ozw_28 label-medium\">  Javad el Bakali \u2013 @utlending.memes <\/li>\n<li class=\"_nominee_46ozw_28 label-medium\">  Oliver Bergset \u2013 @oliverbergset <\/li>\n<li class=\"_nominee_46ozw_28 label-medium\">  Trygve Bennetsen \u2013 @trygvebennetsen <\/li>\n<\/ul>\n<p>   \u00c5rets influencer: Kunnskap      <\/p>\n<ul class=\"_list_46ozw_24\">\n<li class=\"_nominee_46ozw_28 label-medium\">  Alexander H. Sandtorv \u2013 @dr_sandtorv <\/li>\n<li class=\"_nominee_46ozw_28 label-medium\">  Fredrik Fornes \u2013 @fredrikfornes <\/li>\n<li class=\"_nominee_46ozw_28 label-medium\">  Ingvild Tennfjord \u2013 @ingvildtennfjord <\/li>\n<li class=\"_nominee_46ozw_28 label-medium\">  Magne P. Flemmen \u2013 @mpflemmen <\/li>\n<li class=\"_nominee_46ozw_28 label-medium\">  Tor-H\u00e5kon Gabriel H\u00e5vardsen \u2013 @booksbyth <\/li>\n<\/ul>\n<p>   \u00c5rets influencer: Helse      <\/p>\n<ul class=\"_list_46ozw_24\">\n<li class=\"_nominee_46ozw_28 label-medium\">  Frida Grande \u2013 @fridamariegrande <\/li>\n<li class=\"_nominee_46ozw_28 label-medium\">  Maria Abrahamsen \u2013 @psyktdeg <\/li>\n<li class=\"_nominee_46ozw_28 label-medium\">  Nohman Ishaq \u2013 @dr.nohmanishaq <\/li>\n<li class=\"_nominee_46ozw_28 label-medium\">  Pia Hasund Vareberg \u2013 @pia_hasund_vareberg <\/li>\n<li class=\"_nominee_46ozw_28 label-medium\">  Wasim Zahid \u2013 @wasimzahid <\/li>\n<\/ul>\n<p>   \u00c5rets stjerneskudd      <\/p>\n<ul class=\"_list_46ozw_24\">\n<li class=\"_nominee_46ozw_28 label-medium\">  Handicrapcrew \u2013 @handicrapcrew <\/li>\n<li class=\"_nominee_46ozw_28 label-medium\">  H\u00e5kon Stokke \u2013 @hakonstokke <\/li>\n<li class=\"_nominee_46ozw_28 label-medium\">  Mathea Bj\u00f8rndalen \u2013 @matheaeb <\/li>\n<li class=\"_nominee_46ozw_28 label-medium\">  Pia Hasund Vareberg \u2013 @pia_hasund_vareberg <\/li>\n<li class=\"_nominee_46ozw_28 label-medium\">  Temuvikaren \u2013 @temuvikaren <\/li>\n<\/ul>\n<p>   \u00c5rets influencer      <\/p>\n<ul class=\"_list_46ozw_24\">\n<li class=\"_nominee_46ozw_28 label-medium\">  Emilie Voe Nereng \u2013 @emilienutrition <\/li>\n<li class=\"_nominee_46ozw_28 label-medium\">  Hanna-Martine Sl\u00e5ttland Baller \u2013 @hannamartinee <\/li>\n<li class=\"_nominee_46ozw_28 label-medium\">  Kasper Kvello \u2013 @styrketreneren <\/li>\n<li class=\"_nominee_46ozw_28 label-medium\">  Oliver Bergset \u2013 @oliverbergset <\/li>\n<li class=\"_nominee_46ozw_28 label-medium\">  \u00d8yunn Krogh \u2013 @oyunnkrogh <\/li>\n<\/ul>\n<p>   \u00c5rets influencer: B\u00e6rekraft      <\/p>\n<ul class=\"_list_46ozw_24\">\n<li class=\"_nominee_46ozw_28 label-medium\">  Alexander Sandtorv \u2013 @dr_sandtorv <\/li>\n<li class=\"_nominee_46ozw_28 label-medium\">  F\u00e6brik \u2013 @jointhefaebrik <\/li>\n<li class=\"_nominee_46ozw_28 label-medium\">  Hanne-Lene Dahlren \u2013 @hannelenedahlgren <\/li>\n<li class=\"_nominee_46ozw_28 label-medium\">  Kimiya Sajjadi \u2013 @kimiyasajjadi <\/li>\n<li class=\"_nominee_46ozw_28 label-medium\">  Kristoffer Tvilde \u2013 @krisslovesfood <\/li>\n<\/ul>\n<p>   \u00c5rets influencer: Sterke mening      <\/p>\n<ul class=\"_list_46ozw_24\">\n<li class=\"_nominee_46ozw_28 label-medium\">  Anine Olsen \u2013 @4nineolsen <\/li>\n<li class=\"_nominee_46ozw_28 label-medium\">  Elias Omberg \u2013 @eliasomberg <\/li>\n<li class=\"_nominee_46ozw_28 label-medium\">  Fredrik Fornes \u2013 @fredrikfornes <\/li>\n<li class=\"_nominee_46ozw_28 label-medium\">  Henrik Troy \u2013 @henriktroy <\/li>\n<li class=\"_nominee_46ozw_28 label-medium\">  Passar Qadir \u2013 @passarqadir <\/li>\n<\/ul>\n<p>   \u00c5rets influencer: Business      <\/p>\n<ul class=\"_list_46ozw_24\">\n<li class=\"_nominee_46ozw_28 label-medium\">  Ane Farstad \u2013 @anefarstad <\/li>\n<li class=\"_nominee_46ozw_28 label-medium\">  Fredrik Fornes \u2013 @fredrikfornes <\/li>\n<li class=\"_nominee_46ozw_28 label-medium\">  F\u00e6brik \u2013 @jointhefaebrik <\/li>\n<li class=\"_nominee_46ozw_28 label-medium\">  Helene Myhre \u2013 @helenemoo <\/li>\n<li class=\"_nominee_46ozw_28 label-medium\">  Sara Emilie Tandberg \u2013 @saraaemiliee <\/li>\n<\/ul>\n<p>   \u00c5rets forbilde:      <\/p>\n<ul class=\"_list_46ozw_24\">\n<li class=\"_nominee_46ozw_28 label-medium\">  Handicrapcrew \u2013 @handicrapcrew <\/li>\n<li class=\"_nominee_46ozw_28 label-medium\">  Hanna-Martine Baller \u2013 @hannamartinee <\/li>\n<li class=\"_nominee_46ozw_28 label-medium\">  Martine Halvorsen \u2013 @martine.halvs <\/li>\n<li class=\"_nominee_46ozw_28 label-medium\">  Oliver Bergset \u2013 @oliverbergset <\/li>\n<li class=\"_nominee_46ozw_28 label-medium\">  Pia Hasund Vareberg \u2013 @pia_hasun_vareberg <\/li>\n<\/ul>\n<p>Les ogs\u00e5<\/p>\n","protected":false},"excerpt":{"rendered":"Marte Bratberg (36) og Niklas Silseth Baarli (36) leder showet n\u00e5r Norges beste influencere skal k\u00e5res. Bratberg og&hellip;\n","protected":false},"author":2,"featured_media":132747,"comment_status":"","ping_status":"","sticky":false,"template":"","format":"standard","meta":{"footnotes":""},"categories":[10],"tags":[20,21,24,25,15,22,23,5388,13,5389,30,28,29,14,16,26,27,12090],"class_list":{"0":"post-132746","1":"post","2":"type-post","3":"status-publish","4":"format-standard","5":"has-post-thumbnail","7":"category-norge","8":"tag-breaking-news","9":"tag-breakingnews","10":"tag-featured-news","11":"tag-featurednews","12":"tag-headlines","13":"tag-latest-news","14":"tag-latestnews","15":"tag-marte-bratberg","16":"tag-news","17":"tag-niklas-baarli","18":"tag-no","19":"tag-norge","20":"tag-norway","21":"tag-nyheter","22":"tag-overskrifter","23":"tag-top-stories","24":"tag-topstories","25":"tag-vixen-awards"},"share_on_mastodon":{"url":"https:\/\/pubeurope.com\/@no\/115864028121572616","error":""},"_links":{"self":[{"href":"https:\/\/www.europesays.com\/no\/wp-json\/wp\/v2\/posts\/132746","targetHints":{"allow":["GET"]}}],"collection":[{"href":"https:\/\/www.europesays.com\/no\/wp-json\/wp\/v2\/posts"}],"about":[{"href":"https:\/\/www.europesays.com\/no\/wp-json\/wp\/v2\/types\/post"}],"author":[{"embeddable":true,"href":"https:\/\/www.europesays.com\/no\/wp-json\/wp\/v2\/users\/2"}],"replies":[{"embeddable":true,"href":"https:\/\/www.europesays.com\/no\/wp-json\/wp\/v2\/comments?post=132746"}],"version-history":[{"count":0,"href":"https:\/\/www.europesays.com\/no\/wp-json\/wp\/v2\/posts\/132746\/revisions"}],"wp:featuredmedia":[{"embeddable":true,"href":"https:\/\/www.europesays.com\/no\/wp-json\/wp\/v2\/media\/132747"}],"wp:attachment":[{"href":"https:\/\/www.europesays.com\/no\/wp-json\/wp\/v2\/media?parent=132746"}],"wp:term":[{"taxonomy":"category","embeddable":true,"href":"https:\/\/www.europesays.com\/no\/wp-json\/wp\/v2\/categories?post=132746"},{"taxonomy":"post_tag","embeddable":true,"href":"https:\/\/www.europesays.com\/no\/wp-json\/wp\/v2\/tags?post=132746"}],"curies":[{"name":"wp","href":"https:\/\/api.w.org\/{rel}","templated":true}]}}