{"id":132748,"date":"2026-01-09T07:45:09","date_gmt":"2026-01-09T07:45:09","guid":{"rendered":"https:\/\/www.europesays.com\/no\/132748\/"},"modified":"2026-01-09T07:45:09","modified_gmt":"2026-01-09T07:45:09","slug":"prisveksten-hoyere-enn-forventet-rentekutt-i-juni-ingen-done-deal-e24","status":"publish","type":"post","link":"https:\/\/www.europesays.com\/no\/132748\/","title":{"rendered":"Prisveksten h\u00f8yere enn forventet \u2013 rentekutt i juni ingen \u00abdone deal\u00bb \u2013 E24"},"content":{"rendered":"<p class=\"fullWidthDesktop hyperion-css-71ztg2\" data-test-tag=\"lead-text\">Prisene p\u00e5 mat, transport og energi trekker prisveksten opp. \u2013 Ikke \u00abdone deal\u00bb med rentekutt i juni, sier sjef\u00f8konom. <\/p>\n<p><img decoding=\"async\" class=\"image-asset hyperion-css-u06ts1\" data-test-tag=\"image-asset\" src=\"https:\/\/www.europesays.com\/no\/wp-content\/uploads\/2026\/01\/63a45c3b-de1f-49dc-bd63-6e8ce830b8e9.jpeg\"  alt=\"F\u00f8rjulshandel i Karl Johans gate i Oslo.\"  loading=\"eager\" fetchpriority=\"high\" style=\"aspect-ratio:1900 \/ 1267\"\/>F\u00f8rjulshandel i Karl Johans gate i Oslo. Foto: Frederik Ringnes \/ NTBPublisert: <\/p>\n<p>For mindre enn 50 minutter siden<\/p>\n<p>Oppdatert for mindre enn 30 minutter siden<\/p>\n<ul class=\"hyperion-css-pte5x0\">\n<li aria-label=\"link\" class=\"narrow-button hyperion-css-1sz7d3n\">Kopier lenke<\/li>\n<li aria-label=\"link\" class=\"wide-button hyperion-css-1sz7d3n\">Kopier lenke<\/li>\n<li aria-label=\"facebook\" class=\"narrow-button hyperion-css-1sz7d3n\">Del p\u00e5 Facebook<\/li>\n<li aria-label=\"facebook\" class=\"wide-button hyperion-css-1sz7d3n\">Del p\u00e5 Facebook<\/li>\n<li aria-label=\"email\" class=\"narrow-button hyperion-css-1sz7d3n\">Del med e-post<\/li>\n<li aria-label=\"email\" class=\"wide-button hyperion-css-1sz7d3n\">Del med e-post<\/li>\n<\/ul>\n<p class=\"hyperion-css-1lemvax\">Inflasjonen i desember var p\u00e5 3,2 prosent. Dette er h\u00f8yere enn forventet. <\/p>\n<p class=\"hyperion-css-1lemvax\">Det er prisene p\u00e5 mat, transport og energi som trakk prisveksten opp. <\/p>\n<p class=\"hyperion-css-1lemvax\">Det viser ferske tall fra Statistisk sentralbyr\u00e5. <\/p>\n<p class=\"hyperion-css-1lemvax\">P\u00e5 forh\u00e5nd var det ventet at den totale prisveksten skulle dempe seg til 2,9 prosent, fra 3 prosent i november. <\/p>\n<p class=\"hyperion-css-1lemvax\">KjerneinflasjonenKjerneinflasjonenM\u00e5ler prisveksten sett bort fra energipriser, som kan svinge en del, og avgiftsendringer.  kom inn p\u00e5 3,1 prosent. Det er denne Norges Bank bruker til \u00e5 sette renten. Sentralbankens m\u00e5l er 2 prosent.<\/p>\n<p>\u2013 Ikke noen \u00abdone deal\u00bb<\/p>\n<p class=\"hyperion-css-1lemvax\">\u2013 Dette flytter ikke nevneverdig p\u00e5 renteplanene til Norges Bank, sier sjef\u00f8konom Marius Gonsholt Hov i Handelsbanken.<\/p>\n<p class=\"hyperion-css-1lemvax\">Han peker p\u00e5 at kjerneinflasjonen kom inn 0,1 prosent over hva \u00f8konomene hadde ventet og Norges Banks estimat.<\/p>\n<p><img decoding=\"async\" class=\"image-asset hyperion-css-n6kkq1\" data-test-tag=\"image-asset\" src=\"https:\/\/www.europesays.com\/no\/wp-content\/uploads\/2026\/01\/c7d1744a-2c45-436f-897e-989191f25b1e.jpeg\"  alt=\"\"  fetchpriority=\"auto\" style=\"aspect-ratio:1900 \/ 1267\"\/>Marius Gonsholt Hov<\/p>\n<p class=\"hyperion-css-1lemvax\">Sjef\u00f8konom Handelsbanken<\/p>\n<p class=\"hyperion-css-1lemvax\">\u2013 Vi har sett at inflasjonen vaker rundt 3 prosent i veldig lang tid n\u00e5. Det er et godt argument for at Norges Bank skal v\u00e6re t\u00e5lmodig.<\/p>\n<p class=\"hyperion-css-1lemvax\">Hov sier at markedet ser for seg et rentekutt i juni, men at det ikke er fullt priset inn.<\/p>\n<p class=\"hyperion-css-1lemvax\">\u2013 S\u00e5 det er ikke noen \u00abdone deal\u00bb.<\/p>\n<p class=\"hyperion-css-1lemvax\">Prisene p\u00e5 matvarer og alkoholfrie drikkevarer steg 5,2 prosent fra desember 2024 til desember 2025.<\/p>\n<p class=\"hyperion-css-1lemvax\">\u2013 Vi er vant til \u00e5 se at matvareprisene faller fra november til desember som f\u00f8lge av diverse tilbud og kampanjer p\u00e5 julevarer. Dette s\u00e5 vi i \u00e5r ogs\u00e5. Vi s\u00e5 imidlertid at prisene falt mindre i 2025 enn \u00e5ret f\u00f8r. Dette trakk tolvm\u00e5nedersveksten for b\u00e5de matprisene og KPI opp, sier Espen Kristiansen, seksjonssjef i Statistisk sentralbyr\u00e5 i en pressemelding. <\/p>\n<p>\u00d8king i fly- og energiprisene<\/p>\n<p class=\"hyperion-css-1lemvax\">Prisene p\u00e5 passasjertransport med fly steg 7,4 prosent fra november til desember og var 4,8 prosent dyrere i desember enn for ett \u00e5r siden. Det var spesielt prisene p\u00e5 utenlandsflyginger som bidro til \u00f8kt prisvekst, skriver SSB.<\/p>\n<p class=\"hyperion-css-1lemvax\">Ogs\u00e5 energi bidrar til \u00e5 treffe inflasjonen oppover. <\/p>\n<p class=\"hyperion-css-1lemvax\">Str\u00f8mprisene falt mindre fra november til desember i 2025, enn samme m\u00e5ned \u00e5ret f\u00f8r. Dette er tall justert for Norgespris og str\u00f8mst\u00f8tte. Det er dette som trekker veksten i str\u00f8mprisene opp. <\/p>\n","protected":false},"excerpt":{"rendered":"Prisene p\u00e5 mat, transport og energi trekker prisveksten opp. \u2013 Ikke \u00abdone deal\u00bb med rentekutt i juni, sier&hellip;\n","protected":false},"author":2,"featured_media":132749,"comment_status":"","ping_status":"","sticky":false,"template":"","format":"standard","meta":{"footnotes":""},"categories":[5],"tags":[20,21,24,25,15,19,22,23,17,18,13,30,28,29,14,16,26,27],"class_list":{"0":"post-132748","1":"post","2":"type-post","3":"status-publish","4":"format-standard","5":"has-post-thumbnail","7":"category-overskrifter","8":"tag-breaking-news","9":"tag-breakingnews","10":"tag-featured-news","11":"tag-featurednews","12":"tag-headlines","13":"tag-hovedoppslag","14":"tag-latest-news","15":"tag-latestnews","16":"tag-main-news","17":"tag-mainnews","18":"tag-news","19":"tag-no","20":"tag-norge","21":"tag-norway","22":"tag-nyheter","23":"tag-overskrifter","24":"tag-top-stories","25":"tag-topstories"},"share_on_mastodon":{"url":"https:\/\/pubeurope.com\/@no\/115864032139277191","error":""},"_links":{"self":[{"href":"https:\/\/www.europesays.com\/no\/wp-json\/wp\/v2\/posts\/132748","targetHints":{"allow":["GET"]}}],"collection":[{"href":"https:\/\/www.europesays.com\/no\/wp-json\/wp\/v2\/posts"}],"about":[{"href":"https:\/\/www.europesays.com\/no\/wp-json\/wp\/v2\/types\/post"}],"author":[{"embeddable":true,"href":"https:\/\/www.europesays.com\/no\/wp-json\/wp\/v2\/users\/2"}],"replies":[{"embeddable":true,"href":"https:\/\/www.europesays.com\/no\/wp-json\/wp\/v2\/comments?post=132748"}],"version-history":[{"count":0,"href":"https:\/\/www.europesays.com\/no\/wp-json\/wp\/v2\/posts\/132748\/revisions"}],"wp:featuredmedia":[{"embeddable":true,"href":"https:\/\/www.europesays.com\/no\/wp-json\/wp\/v2\/media\/132749"}],"wp:attachment":[{"href":"https:\/\/www.europesays.com\/no\/wp-json\/wp\/v2\/media?parent=132748"}],"wp:term":[{"taxonomy":"category","embeddable":true,"href":"https:\/\/www.europesays.com\/no\/wp-json\/wp\/v2\/categories?post=132748"},{"taxonomy":"post_tag","embeddable":true,"href":"https:\/\/www.europesays.com\/no\/wp-json\/wp\/v2\/tags?post=132748"}],"curies":[{"name":"wp","href":"https:\/\/api.w.org\/{rel}","templated":true}]}}