{"id":13275,"date":"2025-08-20T14:37:21","date_gmt":"2025-08-20T14:37:21","guid":{"rendered":"https:\/\/www.europesays.com\/no\/13275\/"},"modified":"2025-08-20T14:37:21","modified_gmt":"2025-08-20T14:37:21","slug":"toppidrettsveka-samler-stjernene-disse-ser-du-i-loypa-i-helga-hitra-froya-no","status":"publish","type":"post","link":"https:\/\/www.europesays.com\/no\/13275\/","title":{"rendered":"(+) Toppidretts\u00adveka samler stjer\u00adnene &#8211; disse ser du i l\u00f8ypa i helga &#8211; hitra-froya.no"},"content":{"rendered":"<ol>\n<li><a href=\"https:\/\/news.google.com\/rss\/articles\/CBMiqgFBVV95cUxPeE03Q2stcVJ1QmVHSk1oUnEyTkluS2tBY016c2kxc0NrSG8tYmxCNE5PMGVRSGhNeV8yVmdXcGQ3bXljTklFRUFPcEhjWGJlYU5FODIxVjljY1BHQWpGc2NzWDVXWFlZTDVBeEFKd29aQUN3eEE2SGFfdGJGVUpzTHpxSklfZHgyaklKOTQ4Q004OEozWkpoMnVmUW1sOTdIYjhIRXMzOS1Mdw?oc=5\" target=\"_blank\" rel=\"nofollow noopener\">(+) Toppidretts\u00adveka samler stjer\u00adnene &#8211; disse ser du i l\u00f8ypa i helga<\/a>&nbsp;&nbsp;hitra-froya.no<\/li>\n<li><a href=\"https:\/\/news.google.com\/rss\/articles\/CBMingFBVV95cUxQOUhWQ3NfQ3g5LTdfYmdjZmwzdThJSzZxdm5xMGtmdlBWNjVOdDdvU3NTV2xCVjFsV2N2RVo1WVNNS3pWMWdSaGpjenJpbXNveUpMT1FBYThObWUwaE9Hd3UweEIxTXdwUE9sYkZBc0RhaVFCcnFUZ0V6Y3BzXzMwY0UzaFl1MWR2Ql96eHpfSnZtSTRwVEpwTGs0WlVhZw?oc=5\" target=\"_blank\" rel=\"nofollow noopener\">Didrik T\u00f8nseth gj\u00f8r comeback etter landslagsvrakingen<\/a>&nbsp;&nbsp;Langrenn.com<\/li>\n<li><a href=\"https:\/\/news.google.com\/rss\/articles\/CBMirAFBVV95cUxPdGx4WklOX0lvVXBldllQZmRYclVVN1FiUm9DbWRfUFdMYWtTVng5WFhfX3ZDX2x1TUNfNHVzd1ZDOUpwZnNCLUYzQTNJQXF2SGRGbUhXWk9HdTRIblpXaDNTckd3bUxILVRYMEVfYUdqdlJjSlBoYUlmZ3lqNWFhSGFQTXktUmlBVGRLckRVTkp5U3JRRHNBQkEtZHVFcC16TzkteWx5d01CeGNH?oc=5\" target=\"_blank\" rel=\"nofollow noopener\">Sommerfillan og folkefest i Fillan \u2013 viktig info om trafikk og parkering<\/a>&nbsp;&nbsp;hitra.kommune.no<\/li>\n<li><a href=\"https:\/\/news.google.com\/rss\/articles\/CBMilwFBVV95cUxPUEZfYUxTTGtMb2FsTVRoMFZTekk0LVU0Q3A3bFNEM1lTbmgxX3BUa3R1aUgtbzlEUUt2Q0g2cUk0MG16dWs0RGRCLUpYSUx4T0Z5cUR1WWgwV3FacWhCLXZXaHk2NEs1U2tUSXNXUlhmV2hJTGY4RmZqVTF4RU1ZeVZheUdDSnpWOXRTTnpDbnByWS0zcTNJ?oc=5\" target=\"_blank\" rel=\"nofollow noopener\">Klart for Toppidrettsveka 2025<\/a>&nbsp;&nbsp;Skiforbundet<\/li>\n<li><a href=\"https:\/\/news.google.com\/rss\/articles\/CBMimAFBVV95cUxNbVltSWVPVk5hb2NGWmxPWWFPN1pDWVllSkh1a2R5bVRpYnVScTQzM3hlX3U0M2xJNE1SOHY3eF81MnMyc0VoU19tdndjejd6SXJEYnVYX3VqN3k1c1pGVFVXQUtYZzBraGhoQUNWejRzVS1yWldyVFBFNGFYbGdOUDZKVEFQQ09MRmJIb0x3ZGs0NTEwWUdxSQ?oc=5\" target=\"_blank\" rel=\"nofollow noopener\">(+) Stenger veier n\u00e5r skieliten kommer: \u2013 Planlegg turen i god tid<\/a>&nbsp;&nbsp;avisafroya.no<\/li>\n<\/ol>\n","protected":false},"excerpt":{"rendered":"(+) Toppidretts\u00adveka samler stjer\u00adnene &#8211; disse ser du i l\u00f8ypa i helga&nbsp;&nbsp;hitra-froya.no Didrik T\u00f8nseth gj\u00f8r comeback etter landslagsvrakingen&nbsp;&nbsp;Langrenn.com&hellip;\n","protected":false},"author":2,"featured_media":13276,"comment_status":"","ping_status":"","sticky":false,"template":"","format":"standard","meta":{"footnotes":""},"categories":[59],"tags":[2569,398,2571,30,28,29,397,83,82,2570],"class_list":{"0":"post-13275","1":"post","2":"type-post","3":"status-publish","4":"format-standard","5":"has-post-thumbnail","7":"category-sport","8":"tag-hitra","9":"tag-langrenn","10":"tag-maja-dahlqvist","11":"tag-no","12":"tag-norge","13":"tag-norway","14":"tag-petter-northug","15":"tag-sport","16":"tag-sports","17":"tag-toppidrettsveka"},"share_on_mastodon":{"url":"","error":""},"_links":{"self":[{"href":"https:\/\/www.europesays.com\/no\/wp-json\/wp\/v2\/posts\/13275","targetHints":{"allow":["GET"]}}],"collection":[{"href":"https:\/\/www.europesays.com\/no\/wp-json\/wp\/v2\/posts"}],"about":[{"href":"https:\/\/www.europesays.com\/no\/wp-json\/wp\/v2\/types\/post"}],"author":[{"embeddable":true,"href":"https:\/\/www.europesays.com\/no\/wp-json\/wp\/v2\/users\/2"}],"replies":[{"embeddable":true,"href":"https:\/\/www.europesays.com\/no\/wp-json\/wp\/v2\/comments?post=13275"}],"version-history":[{"count":0,"href":"https:\/\/www.europesays.com\/no\/wp-json\/wp\/v2\/posts\/13275\/revisions"}],"wp:featuredmedia":[{"embeddable":true,"href":"https:\/\/www.europesays.com\/no\/wp-json\/wp\/v2\/media\/13276"}],"wp:attachment":[{"href":"https:\/\/www.europesays.com\/no\/wp-json\/wp\/v2\/media?parent=13275"}],"wp:term":[{"taxonomy":"category","embeddable":true,"href":"https:\/\/www.europesays.com\/no\/wp-json\/wp\/v2\/categories?post=13275"},{"taxonomy":"post_tag","embeddable":true,"href":"https:\/\/www.europesays.com\/no\/wp-json\/wp\/v2\/tags?post=13275"}],"curies":[{"name":"wp","href":"https:\/\/api.w.org\/{rel}","templated":true}]}}