{"id":132750,"date":"2026-01-09T07:46:20","date_gmt":"2026-01-09T07:46:20","guid":{"rendered":"https:\/\/www.europesays.com\/no\/132750\/"},"modified":"2026-01-09T07:46:20","modified_gmt":"2026-01-09T07:46:20","slug":"hamar-cc-amfi-her-rigges-det-til-fest-det-er-her-det-horer-hjemme","status":"publish","type":"post","link":"https:\/\/www.europesays.com\/no\/132750\/","title":{"rendered":"Hamar, CC Amfi | Her rigges det til fest: \u2013 Det er her det h\u00f8rer hjemme"},"content":{"rendered":"\n<p>Der pucken vanligvis fyker over isen, er det n\u00e5 lagt gulv. Ishallen p\u00e5 Hamar vest skal de neste dagene forvandles til en festsal.<\/p>\n<p>Riggingen i CC Amfi begynte allerede p\u00e5 fredag. Da ble vantet tatt ned.<\/p>\n<p>N\u00e5 henger lys og trosser ned fra taket, og som et stort puslespill har de lagt gulv over sk\u00f8yteisen.<\/p>\n<p>\u2013 I dag tidlig begynte de med scenen, og i morgen skal vi f\u00e5 p\u00e5 plass bord, sier prosjektleder Bente Ekeberg Bodin.<\/p>\n<p>Gjennom hele uka f\u00e5r arrang\u00f8rene fra Hamar OL-amfi hjelp av hundrevis av frivillige for \u00e5 klargj\u00f8re hockeyhallen til Idrettsgallaen.<\/p>\n<p>Endringer<\/p>\n<p>Siden sist Idrettsgallaen var p\u00e5 Hamar, er det gjort noen endringer.<\/p>\n<p>\u2013 Selve gallaen og TV-showet er det samme, men n\u00e5 skjer alt p\u00e5 flata, sier Ekeberg Bodin.<\/p>\n<p>Hun peker oppover i ishallen. Store svarte tepper henger ned fra taket og dekker til tusenvis av tribuneplasser.<\/p>\n<p>P\u00e5 gulvet rigger mannskaper fra NRK scenen p\u00e5 plass.<\/p>\n<p>Der skal idrettspersonligheter og ildsjeler motta sin hyllest foran cirka tusen personer i salen i tillegg til hundretusenvis av TV-seere l\u00f8rdag kveld.<\/p>\n<p>  <a href=\"https:\/\/www.h-a.no\/5-139-1911404\" class=\"related-teaser has-image default-story-teaser article--c-eRUmMG article--c-eRUmMG-jKCPdD-design-default\" rel=\"nofollow noopener\" target=\"_blank\"><\/p>\n<p>    <img decoding=\"async\" loading=\"lazy\"  src=\"https:\/\/www.europesays.com\/no\/wp-content\/uploads\/2026\/01\/Idrettsfest+p%C3%A5+Stortorget%2C+sk%C3%B8yter.jpg\" alt=\"\" class=\"brick-c-cFOWSL\" style=\"\"\/><\/p>\n<p>\n            Les ogs\u00e5<\/p>\n<p>              Arrangementet skal treffe familiene: \u2013 Det blir en folkefest\n        <\/p>\n<p>  <\/a><\/p>\n<p>   <img decoding=\"async\" width=\"5184\" height=\"3456\" fetchpriority=\"low\"  loading=\"lazy\"  src=\"https:\/\/www.europesays.com\/no\/wp-content\/uploads\/2026\/01\/image_8B995FB7-1FF2-4E4A-A0B2-BF45FA2C5940_1767732124.jpeg\" alt=\"\" class=\"brick-c-cFOWSL\" style=\"--brick-image-ratio: 5184 \/ 3456;\"\/><\/p>\n<p>      Det er travelt i CC Amfi. Her rigges det til Idrettsgalla.<br \/>\n      Foto: Sigrid \u00d8verby\n    <\/p>\n<p>  Tilbake p\u00e5 Hamar<\/p>\n<p>Det er Norsk Tipping, NRK og Norges idrettsforbund som arrangerer Idrettsgallaen. Hamar kommune er vertskap.<\/p>\n<p>\u2013 Det er kjempebra \u00e5 f\u00e5 Idrettsgallaen tilbake til Hamar. Det er her vi synes den h\u00f8rer hjemme, sier Tor Rullestad, leder for Hamar OL-amfi og tidligere Hamar Olympiske Anlegg.<\/p>\n<p>Idrettsgallaen ble arrangert i Hamar de \u00e5tte f\u00f8rste gangene f\u00f8r det kom andre arrang\u00f8rbyer til. I alt har Idrettsgallaen v\u00e6rt p\u00e5 Hamar 15 ganger tidligere. Dette blir nummer 16.<\/p>\n<p>Rullestad sier at Idrettsgallaen er et stort arrangement og en viktig begivenhet for byen.<\/p>\n<p>  <a href=\"https:\/\/www.h-a.no\/5-139-1898562\" class=\"related-teaser has-image default-story-teaser article--c-eRUmMG article--c-eRUmMG-jKCPdD-design-default\" rel=\"nofollow noopener\" target=\"_blank\"><\/p>\n<p>    <img decoding=\"async\" loading=\"lazy\"  src=\"https:\/\/www.europesays.com\/no\/wp-content\/uploads\/2026\/01\/NTB_E-ZJ_Ap5SkU.jpg\" alt=\"\" class=\"brick-c-cFOWSL\" style=\"\"\/><\/p>\n<p>\n            Les ogs\u00e5<\/p>\n<p>              Disse er nominert foran Idrettsgallaen \u2013 Haaland kan vinne minst tre priser\n        <\/p>\n<p>  <\/a><br \/>\n  Dr\u00f8mmedag<\/p>\n<p>Inne i CC Amfi er det travelt.<\/p>\n<p>Det er fortsatt en del som m\u00e5 p\u00e5 plass f\u00f8r de kan \u00e5pne d\u00f8rene for inviterte gjester, folk fra idrettens verden og kjente sportsprofiler.<\/p>\n<p>Prosjektleder Bente peker opp p\u00e5 vrimla.<\/p>\n<p>\u2013 Der skal det v\u00e6re g\u00e5ende buff\u00e9, forklarer hun.<\/p>\n<p>Det er <a rel=\"Follow nofollow noopener\" href=\"https:\/\/www.h-a.no\/de-ansatte-jublet-da-de-fikk-nyheten-dette-blir-kjempebra-for-hele-byen\/s\/5-139-1911079?token=1395214383&amp;previewAll=true\" target=\"_blank\">Oliver Weber fra Smakfull Catering som st\u00e5r for maten<\/a>. Han skal servere Innlands-tapas med lokalmat fra forskjellige regioner.<\/p>\n<p>\u2013 S\u00e5 der kan man g\u00e5 fra Hamar til Ringsaker til Valdres og s\u00e5 videre.<\/p>\n<p>Rullestad forklarer at med inngangsbilletten til Idrettsgallaen er det inkludert vorspiel f\u00f8r galla og etterfest i Victoriakvartalet.<\/p>\n<p>I forbindelse med Idrettsfesten p\u00e5 Hamar, arrangeres det ogs\u00e5 <a rel=\"Follow nofollow noopener\" href=\"https:\/\/www.h-a.no\/retter-seg-mot-familiene-denne-helga-dette-blir-stort\/s\/5-139-1911404\" target=\"_blank\">Dr\u00f8mmedag i Vikingskipet<\/a>.<\/p>\n<p>\u2013 Det vil v\u00e6re et hav av aktiviteter for store og sm\u00e5. Mye moro og litt galskap, humrer Rullestad.<\/p>\n<p>Idrettsgallaen sendes direkte p\u00e5 NRK 1 l\u00f8rdag 10. januar klokken 19.45.<\/p>\n<p>            Dr\u00f8mmedag i Vikingskipet<\/p>\n<li>\n<p><b>N\u00e5r:<\/b> L\u00f8rdag 10. januar<\/p>\n<\/li>\n<li>\n<p><b>Tid:<\/b> Klokka 11.00\u201316.00<\/p>\n<\/li>\n<li>\n<p><b>Hvor:<\/b> Vikingskipet, Hamar<\/p>\n<\/li>\n<li>\n<p><b>Hva:<\/b> Gratis aktivitetsdag for barn, unge og familier i forbindelse med Idrettsgallaen<\/p>\n<\/li>\n<li>\n<p><b>Aktiviteter:<\/b> Isidretter, skihopp inne, klatring, rebusl\u00f8p, \u00abMesternes mester\u00bb og kj\u00f8lvandring<\/p>\n<\/li>\n<li>\n<p><b>Praktisk:<\/b> Ta med egne sk\u00f8yter og hjelm (hjelm p\u00e5budt p\u00e5 isen) \u2013 begrenset utl\u00e5n p\u00e5 stedet<\/p>\n<\/li>\n<li>\n<p><b>Servering:<\/b> Kaffe, kakao og p\u00f8lser, samt \u00e5pen kaf\u00e9. Matpakke er tillatt<\/p>\n<\/li>\n<p>    Vil du se neste video?<\/p>\n<p>    <a href=\"https:\/\/www.h-a.no\/dagens-viktigste-saker-7-januar\/v\/5-139-1911564\" class=\"recommend-poster\" data-adp-clicklabel=\"video-recommend\" data-adp-clickvalue=\"poster\" rel=\"nofollow noopener\" target=\"_blank\"><br \/>\n      <img decoding=\"async\" width=\"200\" height=\"200\" loading=\"lazy\" src=\"https:\/\/www.europesays.com\/no\/wp-content\/uploads\/2026\/01\/v-i-190c3cec-f52c-4298-8b2f-fb059b4147ef-1.jpg\" alt=\"\" class=\"brick-c-cFOWSL\" style=\"--brick-image-ratio: 200 \/ 200;\"\/><\/p>\n<p>Dagens viktigste saker, 7. januar0:55<\/p>\n<p>    <\/a><\/p>\n<p>  <a data-static=\"\" href=\"#skip-\" class=\"brick-c-fgNmNC\">Hopp over karusellen.<\/a><\/p>\n<p data-static=\"\" class=\"brick-c-fgNmNC\" id=\"carousel-title-\">Innholdskarusell med 15 artikler.<\/p>\n<p>  <a href=\"https:\/\/www.h-a.no\/5-139-1894215\" class=\"related-teaser has-image default-story-teaser article--c-eRUmMG article--c-eRUmMG-jKCPdD-design-default\" rel=\"nofollow noopener\" target=\"_blank\"><\/p>\n<p>    <img decoding=\"async\" loading=\"lazy\"  src=\"https:\/\/www.europesays.com\/no\/wp-content\/uploads\/2026\/01\/_TLI5928.jpg\" alt=\"\" class=\"brick-c-cFOWSL\" style=\"\"\/><\/p>\n<p>\n            Les ogs\u00e5<\/p>\n<p>              Sa nei til \u00abpampefest\u00bb: \u2013 Det er veldig gledelig at de snudde\n        <\/p>\n<p>  <\/a><\/p>\n<p>  <a href=\"https:\/\/www.h-a.no\/5-139-1831557\" class=\"related-teaser has-image default-story-teaser article--c-eRUmMG article--c-eRUmMG-jKCPdD-design-default\" rel=\"nofollow noopener\" target=\"_blank\"><\/p>\n<p>    <img decoding=\"async\" loading=\"lazy\"  src=\"https:\/\/www.europesays.com\/no\/wp-content\/uploads\/2026\/01\/_TLI5928.jpg\" alt=\"\" class=\"brick-c-cFOWSL\" style=\"\"\/><\/p>\n<p>\n            Les ogs\u00e5<\/p>\n<p>              Sier nei til \u00abpampefest\u00bb: \u2013 Helt uaktuelt \u00e5 bruke skattebetalernes penger p\u00e5 dette\n        <\/p>\n<p>  <\/a><\/p>\n","protected":false},"excerpt":{"rendered":"Der pucken vanligvis fyker over isen, er det n\u00e5 lagt gulv. Ishallen p\u00e5 Hamar vest skal de neste&hellip;\n","protected":false},"author":2,"featured_media":132751,"comment_status":"","ping_status":"","sticky":false,"template":"","format":"standard","meta":{"footnotes":""},"categories":[59],"tags":[36,7065,1552,13569,30,28,29,83,82,1510],"class_list":{"0":"post-132750","1":"post","2":"type-post","3":"status-publish","4":"format-standard","5":"has-post-thumbnail","7":"category-sport","8":"tag-art","9":"tag-cc-amfi","10":"tag-hamar","11":"tag-idrettsgallaen","12":"tag-no","13":"tag-norge","14":"tag-norway","15":"tag-sport","16":"tag-sports","17":"tag-story"},"share_on_mastodon":{"url":"https:\/\/pubeurope.com\/@no\/115864035861705377","error":""},"_links":{"self":[{"href":"https:\/\/www.europesays.com\/no\/wp-json\/wp\/v2\/posts\/132750","targetHints":{"allow":["GET"]}}],"collection":[{"href":"https:\/\/www.europesays.com\/no\/wp-json\/wp\/v2\/posts"}],"about":[{"href":"https:\/\/www.europesays.com\/no\/wp-json\/wp\/v2\/types\/post"}],"author":[{"embeddable":true,"href":"https:\/\/www.europesays.com\/no\/wp-json\/wp\/v2\/users\/2"}],"replies":[{"embeddable":true,"href":"https:\/\/www.europesays.com\/no\/wp-json\/wp\/v2\/comments?post=132750"}],"version-history":[{"count":0,"href":"https:\/\/www.europesays.com\/no\/wp-json\/wp\/v2\/posts\/132750\/revisions"}],"wp:featuredmedia":[{"embeddable":true,"href":"https:\/\/www.europesays.com\/no\/wp-json\/wp\/v2\/media\/132751"}],"wp:attachment":[{"href":"https:\/\/www.europesays.com\/no\/wp-json\/wp\/v2\/media?parent=132750"}],"wp:term":[{"taxonomy":"category","embeddable":true,"href":"https:\/\/www.europesays.com\/no\/wp-json\/wp\/v2\/categories?post=132750"},{"taxonomy":"post_tag","embeddable":true,"href":"https:\/\/www.europesays.com\/no\/wp-json\/wp\/v2\/tags?post=132750"}],"curies":[{"name":"wp","href":"https:\/\/api.w.org\/{rel}","templated":true}]}}