{"id":132752,"date":"2026-01-09T07:48:03","date_gmt":"2026-01-09T07:48:03","guid":{"rendered":"https:\/\/www.europesays.com\/no\/132752\/"},"modified":"2026-01-09T07:48:03","modified_gmt":"2026-01-09T07:48:03","slug":"holtan-bil-og-team-verksted-med-landsdekkende-avtale","status":"publish","type":"post","link":"https:\/\/www.europesays.com\/no\/132752\/","title":{"rendered":"Holtan Bil og Team Verksted med landsdekkende avtale"},"content":{"rendered":"<p>Avtalen skal s\u00f8rge for h\u00f8y oppetid i utleiefl\u00e5ten.<\/p>\n<p>            9. januar 2026 08:29<\/p>\n<p>\u2013 Bakgrunnen er at v\u00e5re kunder skal ha det litt bedre. Det er spesielt her nede p\u00e5 \u00d8stlandet hvor behov har gjort seg gjeldende, skriver Holtan Bil i en pressemelding.<\/p>\n<p>P\u00e5 telefon utdyper daglig leder Rune Holtan.<\/p>\n<p>\u2013 Vi har en utleiefl\u00e5te p\u00e5 120 biler. De som leier, betaler en sum hver m\u00e5ned inkludert service og reparasjoner. Dette er fabrikknye biler kj\u00f8pt hos import\u00f8ren. I trykkomr\u00e5der der det er mange biler som losser og laster, henger kapasiteten til verkstedene litt etter. Derfor har vi alliert oss med en samarbeidspartner til. Med avtalen med Team Verksted skal oppetida bli enda bedre, sier han.<\/p>\n<p>\n                    F\u00e5 tilgang til alt innhold p\u00e5 Tungt\n                <\/p>\n<p>\n                    Ingen binding eller kortopplysninger kreves\n                <\/p>\n<p>\n                        Gjelder kun personlig abonnement.\n                    <\/p>\n<p>                                            <a v-for=\"(project, index) in projects\" v-show=\"index &lt; max || showAll\" v-bind:href=\"'https:\/\/www.projektagenten.dk\/project\/' + project.id\" target=\"_blank\" class=\"article-project\"><\/p>\n<p>                                                {{ project.name }}<br \/>\n                                                Read about the project<br \/>\n                                            <\/a><\/p>\n<p>                                                Alle relaterte prosjekter<\/p>\n","protected":false},"excerpt":{"rendered":"Avtalen skal s\u00f8rge for h\u00f8y oppetid i utleiefl\u00e5ten. 9. januar 2026 08:29 \u2013 Bakgrunnen er at v\u00e5re kunder&hellip;\n","protected":false},"author":2,"featured_media":132753,"comment_status":"","ping_status":"","sticky":false,"template":"","format":"standard","meta":{"footnotes":""},"categories":[57],"tags":[30,28,29,65,63,64,66,70,69,67,68],"class_list":{"0":"post-132752","1":"post","2":"type-post","3":"status-publish","4":"format-standard","5":"has-post-thumbnail","7":"category-vitenskap-og-teknologi","8":"tag-no","9":"tag-norge","10":"tag-norway","11":"tag-science","12":"tag-science-and-technology","13":"tag-scienceandtechnology","14":"tag-technology","15":"tag-teknologi","16":"tag-vitenskap","17":"tag-vitenskap-og-teknologi","18":"tag-vitenskapteknologi"},"share_on_mastodon":{"url":"https:\/\/pubeurope.com\/@no\/115864043679525324","error":""},"_links":{"self":[{"href":"https:\/\/www.europesays.com\/no\/wp-json\/wp\/v2\/posts\/132752","targetHints":{"allow":["GET"]}}],"collection":[{"href":"https:\/\/www.europesays.com\/no\/wp-json\/wp\/v2\/posts"}],"about":[{"href":"https:\/\/www.europesays.com\/no\/wp-json\/wp\/v2\/types\/post"}],"author":[{"embeddable":true,"href":"https:\/\/www.europesays.com\/no\/wp-json\/wp\/v2\/users\/2"}],"replies":[{"embeddable":true,"href":"https:\/\/www.europesays.com\/no\/wp-json\/wp\/v2\/comments?post=132752"}],"version-history":[{"count":0,"href":"https:\/\/www.europesays.com\/no\/wp-json\/wp\/v2\/posts\/132752\/revisions"}],"wp:featuredmedia":[{"embeddable":true,"href":"https:\/\/www.europesays.com\/no\/wp-json\/wp\/v2\/media\/132753"}],"wp:attachment":[{"href":"https:\/\/www.europesays.com\/no\/wp-json\/wp\/v2\/media?parent=132752"}],"wp:term":[{"taxonomy":"category","embeddable":true,"href":"https:\/\/www.europesays.com\/no\/wp-json\/wp\/v2\/categories?post=132752"},{"taxonomy":"post_tag","embeddable":true,"href":"https:\/\/www.europesays.com\/no\/wp-json\/wp\/v2\/tags?post=132752"}],"curies":[{"name":"wp","href":"https:\/\/api.w.org\/{rel}","templated":true}]}}